{"id":747405,"date":"2026-09-04T12:07:10","date_gmt":"2026-09-04T12:07:10","guid":{"rendered":"https:\/\/www.europesays.com\/es\/747405\/"},"modified":"2026-09-04T12:07:10","modified_gmt":"2026-09-04T12:07:10","slug":"rybakina-elimina-a-bouzas-y-esta-a-tres-victorias-del-numero-uno","status":"publish","type":"post","link":"https:\/\/www.europesays.com\/es\/747405\/","title":{"rendered":"Rybakina elimina a Bouzas y est\u00e1 a tres victorias del n\u00famero uno"},"content":{"rendered":"<p data-mrf-recirculation=\"Links P\u00e1rrafos\" class=\"ue-c-article__paragraph paragraph ue-c-article--first-letter-highlighted\"><strong>El tenis femenino espa\u00f1ol se ha quedado con Cristina Bucsa como \u00fanica representante<\/strong> en el cuadro individual femenino del US Open. La culpa la tienen las eliminaciones de Paula Badosa a manos de Coco Gauff <strong>y Jessica Bouzas, que tampoco pudo con Elena Rybakina al ceder por 6-2 y 6-4<\/strong>.\u00a0Esta \u00faltima se ha recuperado a tiempo de sus problemas en el tal\u00f3n que la obligaron a abandonar en los cuartos de Cincinnati con Iga Swiatek.\u00a0<\/p>\n<p data-mrf-recirculation=\"Links P\u00e1rrafos\" class=\"ue-c-article__paragraph paragraph\">Tanto Gauff como Rybakina siguen en la carrera por el t\u00edtulo y el numero 1 al final del tormeo. <strong>Gauff necesita ganar para liderar las listas de la WTA<\/strong>.\u00a0<br \/>\u200b<\/p>\n<p>Relevo de Sabalenka<\/p>\n<p data-mrf-recirculation=\"Links P\u00e1rrafos\" class=\"ue-c-article__paragraph paragraph\">A Rybakina, en cambio, le valen las semifinales. <strong>Eso significa que est\u00e1 a tres victorias de relevar a Aryna Sabalenka en lo m\u00e1s alto y convertirse en la trig\u00e9sima jugadora que ocupa el primer puesto del ranking<\/strong>.\u00a0<\/p>\n","protected":false},"excerpt":{"rendered":"El tenis femenino espa\u00f1ol se ha quedado con Cristina Bucsa como \u00fanica representante en el cuadro individual femenino&hellip;\n","protected":false},"author":2,"featured_media":747406,"comment_status":"","ping_status":"","sticky":false,"template":"","format":"standard","meta":{"footnotes":""},"categories":[274],"tags":[168,25,24,23,167,327,326],"class_list":["post-747405","post","type-post","status-publish","format-standard","has-post-thumbnail","category-tenis","tag-deportes","tag-es","tag-espana","tag-spain","tag-sports","tag-tenis","tag-tennis"],"share_on_mastodon":{"url":"https:\/\/pubeurope.com\/@es\/117212692426443191","error":""},"_links":{"self":[{"href":"https:\/\/www.europesays.com\/es\/wp-json\/wp\/v2\/posts\/747405","targetHints":{"allow":["GET"]}}],"collection":[{"href":"https:\/\/www.europesays.com\/es\/wp-json\/wp\/v2\/posts"}],"about":[{"href":"https:\/\/www.europesays.com\/es\/wp-json\/wp\/v2\/types\/post"}],"author":[{"embeddable":true,"href":"https:\/\/www.europesays.com\/es\/wp-json\/wp\/v2\/users\/2"}],"replies":[{"embeddable":true,"href":"https:\/\/www.europesays.com\/es\/wp-json\/wp\/v2\/comments?post=747405"}],"version-history":[{"count":0,"href":"https:\/\/www.europesays.com\/es\/wp-json\/wp\/v2\/posts\/747405\/revisions"}],"wp:featuredmedia":[{"embeddable":true,"href":"https:\/\/www.europesays.com\/es\/wp-json\/wp\/v2\/media\/747406"}],"wp:attachment":[{"href":"https:\/\/www.europesays.com\/es\/wp-json\/wp\/v2\/media?parent=747405"}],"wp:term":[{"taxonomy":"category","embeddable":true,"href":"https:\/\/www.europesays.com\/es\/wp-json\/wp\/v2\/categories?post=747405"},{"taxonomy":"post_tag","embeddable":true,"href":"https:\/\/www.europesays.com\/es\/wp-json\/wp\/v2\/tags?post=747405"}],"curies":[{"name":"wp","href":"https:\/\/api.w.org\/{rel}","templated":true}]}}