{"id":747407,"date":"2026-09-04T12:08:19","date_gmt":"2026-09-04T12:08:19","guid":{"rendered":"https:\/\/www.europesays.com\/es\/747407\/"},"modified":"2026-09-04T12:08:19","modified_gmt":"2026-09-04T12:08:19","slug":"miles-de-aficionados-disfrutan-de-la-salida-de-la-vuelta-de-almunecar","status":"publish","type":"post","link":"https:\/\/www.europesays.com\/es\/747407\/","title":{"rendered":"Miles de aficionados disfrutan de la salida de La Vuelta de Almu\u00f1\u00e9car"},"content":{"rendered":"<p>Miles de aficionados al ciclismo disfrutaron de la salida de la Vuelta ciclista a Espa\u00f1a desde Almu\u00f1\u00e9car por primera vez en la historia de la  &#8230; localidad. Familiares y amigos de Carlos Rodr\u00edguez, \u00eddolo local, animaron al corredor del Netcompany Ineos antes de poner rumbo a Loja.<\/p>\n<p class=\"v-d-p\">Almu\u00f1\u00e9car fue un hervidero de pitidos y cortes de tr\u00e1fico desde primera hora por la visita de la Vuelta, todo un orgullo para sus vecinos seguidores del deporte de las bicicleta. La zona del mercadillo se abarrot\u00f3 de curiosos que quisieron acercarse a los autobuses de los equipos, con el Ineos de Carlos Rodr\u00edguez como el que m\u00e1s expectaci\u00f3n gener\u00f3 ante la posibilidad de saludarle, antes de su comparecencia en el control de firmas.<\/p>\n<p class=\"v-d-p\">A menos de una hora de la salida, el sexitano baj\u00f3 y atendi\u00f3 a cuantas personas lo requirieron con la mejor de sus sonrisas pese a su timidez. \u00abEsto es muy especial; tengo la piel de gallina, con tanta gente animando. Desde luego que no todos los d\u00edas se vive algo as\u00ed, as\u00ed que intentar\u00e9 disfrutarlo al m\u00e1ximo. Estoy muy agradecido por el calor de mi afici\u00f3n, de quienes me han apoyado desde peque\u00f1o\u00bb, expres\u00f3 desde el control de firmas, con el prop\u00f3sito de \u00abdar la mejor versi\u00f3n posible y que las piernas respondan para disfrutar de la bici todo lo que se pueda\u00bb en estas tres etapas por la provincia, incluyendo las dos \u00faltimas la semana que viene.<\/p>\n<p class=\"v-d-p\">En cuanto a las autoridades, el alcalde Juan Jos\u00e9 Ruiz Joya recalc\u00f3 que Almu\u00f1\u00e9car viv\u00eda \u00abun d\u00eda hist\u00f3rico\u00bb. \u00abLa Vuelta sale de nuestro municipio por primera vez y lo m\u00e1s importante es que lo hace con un ciclista local como Carlos que ante todo es una gran persona\u00bb, comparti\u00f3. \u00abEs un orgullo para toda la provincia y espero que disfrute, como lo haremos todos, de estas tres etapas en su tierra\u00bb, agreg\u00f3 el diputado de Deportes, Eric Escobedo.<\/p>\n<p class=\"v-d-p\">El pelot\u00f3n se dirigi\u00f3 a continuaci\u00f3n hacia el corte de cinta para la salida neutraliada desde la puerta del estadio de f\u00fatbol Francisco Bonet. Desde all\u00ed marcharon hacia el Poniente, con 192,8 kil\u00f3metros hasta Loja con el puerto de primera categor\u00eda de la Venta de la Cebada de por medio.<\/p>\n","protected":false},"excerpt":{"rendered":"Miles de aficionados al ciclismo disfrutaron de la salida de la Vuelta ciclista a Espa\u00f1a desde Almu\u00f1\u00e9car por&hellip;\n","protected":false},"author":2,"featured_media":747408,"comment_status":"","ping_status":"","sticky":false,"template":"","format":"standard","meta":{"footnotes":""},"categories":[273],"tags":[2984,43533,313,312,168,2448,25,24,5559,1965,23,167,1357],"class_list":["post-747407","post","type-post","status-publish","format-standard","has-post-thumbnail","category-ciclismo","tag-aficionados","tag-almunecar","tag-ciclismo","tag-cycling","tag-deportes","tag-disfrutan","tag-es","tag-espana","tag-miles","tag-salida","tag-spain","tag-sports","tag-vuelta"],"share_on_mastodon":{"url":"https:\/\/pubeurope.com\/@es\/117212696213053887","error":""},"_links":{"self":[{"href":"https:\/\/www.europesays.com\/es\/wp-json\/wp\/v2\/posts\/747407","targetHints":{"allow":["GET"]}}],"collection":[{"href":"https:\/\/www.europesays.com\/es\/wp-json\/wp\/v2\/posts"}],"about":[{"href":"https:\/\/www.europesays.com\/es\/wp-json\/wp\/v2\/types\/post"}],"author":[{"embeddable":true,"href":"https:\/\/www.europesays.com\/es\/wp-json\/wp\/v2\/users\/2"}],"replies":[{"embeddable":true,"href":"https:\/\/www.europesays.com\/es\/wp-json\/wp\/v2\/comments?post=747407"}],"version-history":[{"count":0,"href":"https:\/\/www.europesays.com\/es\/wp-json\/wp\/v2\/posts\/747407\/revisions"}],"wp:featuredmedia":[{"embeddable":true,"href":"https:\/\/www.europesays.com\/es\/wp-json\/wp\/v2\/media\/747408"}],"wp:attachment":[{"href":"https:\/\/www.europesays.com\/es\/wp-json\/wp\/v2\/media?parent=747407"}],"wp:term":[{"taxonomy":"category","embeddable":true,"href":"https:\/\/www.europesays.com\/es\/wp-json\/wp\/v2\/categories?post=747407"},{"taxonomy":"post_tag","embeddable":true,"href":"https:\/\/www.europesays.com\/es\/wp-json\/wp\/v2\/tags?post=747407"}],"curies":[{"name":"wp","href":"https:\/\/api.w.org\/{rel}","templated":true}]}}