{"id":747409,"date":"2026-09-04T12:10:26","date_gmt":"2026-09-04T12:10:26","guid":{"rendered":"https:\/\/www.europesays.com\/es\/747409\/"},"modified":"2026-09-04T12:10:26","modified_gmt":"2026-09-04T12:10:26","slug":"un-nuevo-obila-para-divertirse","status":"publish","type":"post","link":"https:\/\/www.europesays.com\/es\/747409\/","title":{"rendered":"Un nuevo \u00d3bila para \u00abdivertirse\u00bb"},"content":{"rendered":"<p>La pretemporada se pone en marcha para el \u00d3bila Club de Basket. Sobre el parqu\u00e9 del CUMCarlos Sastre comienzan los entrenamientos para la nueva plantilla del primer equipo en una temporada 2026-2027 de grandes cambios para los verderones.En el cuerpo t\u00e9cnico las caras de Alberto Jim\u00e9nez &#8216;P\u00e1jaro&#8217; y Jorge Guti\u00e9rrez &#8216;Guti&#8217;.En el vestuario un grupo de j\u00f3venes \u2013la media de edad ronda los 22 a\u00f1os\u2013 a los que les une el ADN verder\u00f3n.Porque este a\u00f1o el equipo del CUMCarlos Sastre est\u00e1 protagonizado por los de casa. \u00abPaciencia\u00bb es lo que pide Alberto Jim\u00e9nez para los suyos.Porque no ser\u00e1 sencillo para un equipo tan joven en un Grupo AA de Tercera FEBcon equipo de todos los &#8216;pelajes&#8217;. Un reto en el que, eso s\u00ed, promete un baloncesto \u00abdivertido y r\u00e1pido\u00bb.\u00a0<\/p>\n<p>No ha sido un inicio para conocerse ni de presentaciones. \u00abLes conozco a casi todos\u00bb apunta Alberto Jim\u00e9nez.Porque a casi todos les ha tenido bajo sus \u00f3rdenes en alg\u00fan momento y alg\u00fan equipo de la cantera. Un inicio en el que destaca las \u00abganas y la ilusi\u00f3n\u00bb en este comienzo de trabajo. Ganas por parte de los chicos pero no menos del cuerpo t\u00e9cnico. \u00abTanto Jorge como yo llevamos todo el verano trabajando planificando la temporada y ten\u00edamos ganas de que llegara el d\u00eda\u00bb.Y este d\u00eda es el inicio de un \u00abreto bonito porque vamos a tirar de jugadores muy conocidos en \u00c1vila, son jugadores de la casa, con dos-tres incorporaciones\u00bb.\u00a0<\/p>\n<p>Son una docena de jugadores con Dani Carretero (alero) y Alberto Mart\u00edn (alap\u00edvot) como capitanes, secundados por Adri\u00e1n Vasquez (p\u00edvot),\u00a0 Agust\u00edn Fern\u00e1ndez (alero), Fran Quir\u00f3s (escolta), Ricardo Pe\u00f1alver (p\u00edvot), Jos\u00e9 Luis Horcajo (alero), Mauro Carretero (escolta), Carlos Hern\u00e1ndez (alero), el base gallego Anxo Iglesias (Ulla Oil Rosal\u00eda), el base salmantino Esdras S\u00e1nchez (Hight School Layton Christian Academy) y el alap\u00edvot neerland\u00e9s Thijs Heuker (LWD Basket) a los que se suman un par de jugadores del extinto Primera Nacional \u00abque nos van a echar una mano\u00bb as\u00ed como cuatro juveniles que van a sumar a la din\u00e1mica del primer equipo y de los que no duda &#8216;tirar\u00e1&#8217; Alberto Jim\u00e9nez si lo necesita.\u00a0<\/p>\n<p>\u00abEs una plantilla muy joven con la que tenemos que proponer un\u00a0 juego divertido, r\u00e1pido\u00bb. Una plantilla con la que, eso s\u00ed, \u00abtener paciencia porque tenemos mucho trabajo por delante, la competici\u00f3n es dura, con gente muy veterana\u00bb analizaba Alberto Jim\u00e9nez, que asegura que \u00abvamos a salir a competir y a partir del trabajo iremos mejorando\u00bb.Por delante un mes de septiembre de trabajo en el que se asoma la Copa de Castilla y Le\u00f3n de Baloncesto con un primer partido ante Carbajosa en Salamanca \u2013s\u00e1bado 12 de septiembre\u2013 y el jueves 17 en el CUMCarlos Sastre. A partir de ah\u00ed y en funci\u00f3n de la Copa FBCYL, se dise\u00f1ar\u00e1n las pr\u00f3ximas.\u00a0<\/p>\n<p>Un temporada en la que \u00abhay que tener los pies en la tierra, ir viendo d\u00eda a d\u00eda, semana a semana.Veremos hasta d\u00f3nde podemos llegar\u00a0 pero queremos que la gente que ven a vernos se divierta y lo pase bien, que vean que los chicos lo dejan todo sobre la cancha.Sabemos que una plantilla joven puede tener en ciertos momentos alg\u00fan h\u00e1ndicap pero tambi\u00e9n ventajas si las sabemos aprovechar\u00bb.\u00a0\u00a0<\/p>\n","protected":false},"excerpt":{"rendered":"La pretemporada se pone en marcha para el \u00d3bila Club de Basket. Sobre el parqu\u00e9 del CUMCarlos Sastre&hellip;\n","protected":false},"author":2,"featured_media":747410,"comment_status":"","ping_status":"","sticky":false,"template":"","format":"standard","meta":{"footnotes":""},"categories":[269],"tags":[8681,20622,7607,299,298,3590,168,25,24,129063,112865,3614,23,167],"class_list":["post-747409","post","type-post","status-publish","format-standard","has-post-thumbnail","category-baloncesto","tag-adn","tag-alberto-martin","tag-avila","tag-baloncesto","tag-basketball","tag-castilla-y-leon","tag-deportes","tag-es","tag-espana","tag-jose-luis-horcajo","tag-obila-cb","tag-salamanca","tag-spain","tag-sports"],"share_on_mastodon":{"url":"https:\/\/pubeurope.com\/@es\/117212704313333758","error":""},"_links":{"self":[{"href":"https:\/\/www.europesays.com\/es\/wp-json\/wp\/v2\/posts\/747409","targetHints":{"allow":["GET"]}}],"collection":[{"href":"https:\/\/www.europesays.com\/es\/wp-json\/wp\/v2\/posts"}],"about":[{"href":"https:\/\/www.europesays.com\/es\/wp-json\/wp\/v2\/types\/post"}],"author":[{"embeddable":true,"href":"https:\/\/www.europesays.com\/es\/wp-json\/wp\/v2\/users\/2"}],"replies":[{"embeddable":true,"href":"https:\/\/www.europesays.com\/es\/wp-json\/wp\/v2\/comments?post=747409"}],"version-history":[{"count":0,"href":"https:\/\/www.europesays.com\/es\/wp-json\/wp\/v2\/posts\/747409\/revisions"}],"wp:featuredmedia":[{"embeddable":true,"href":"https:\/\/www.europesays.com\/es\/wp-json\/wp\/v2\/media\/747410"}],"wp:attachment":[{"href":"https:\/\/www.europesays.com\/es\/wp-json\/wp\/v2\/media?parent=747409"}],"wp:term":[{"taxonomy":"category","embeddable":true,"href":"https:\/\/www.europesays.com\/es\/wp-json\/wp\/v2\/categories?post=747409"},{"taxonomy":"post_tag","embeddable":true,"href":"https:\/\/www.europesays.com\/es\/wp-json\/wp\/v2\/tags?post=747409"}],"curies":[{"name":"wp","href":"https:\/\/api.w.org\/{rel}","templated":true}]}}