{"id":747413,"date":"2026-09-04T12:12:26","date_gmt":"2026-09-04T12:12:26","guid":{"rendered":"https:\/\/www.europesays.com\/es\/747413\/"},"modified":"2026-09-04T12:12:26","modified_gmt":"2026-09-04T12:12:26","slug":"meghan-markle-rompe-su-silencio-tras-el-traslado-a-reino-unido-y-comparte-una-foto-de-su-hijo-archie","status":"publish","type":"post","link":"https:\/\/www.europesays.com\/es\/747413\/","title":{"rendered":"Meghan Markle rompe su silencio tras el traslado a Reino Unido y comparte una foto de su hijo Archie"},"content":{"rendered":"<p>El Pr\u00edncipe Harry y su familia ya est\u00e1n en Reino Unido y, supuestamente, asentados en los Cotswolds. Una zona rural a dos horas en coche de Londres en donde otras celebridades como los Beckham tienen tambi\u00e9n una residencia. Pero en este proceso de mudanza, <strong>Meghan <\/strong> &#8230; <strong>Markle<\/strong> ha tenido que despedirse de alguien que la un\u00eda con Estados Unidos. El fallecimiento de la escritora Gloria Steinem, con quien la duquesa de Sussex ten\u00eda especial relaci\u00f3n, ha propiciado un mensaje de lo m\u00e1s emotivo por su parte. <\/p>\n<p class=\"v-d-p\">\u00abCelebrando la vida y el legado de mi amiga y mentora, <strong>Gloria Steinem<\/strong>, y tambi\u00e9n me siento agradecida por saber que en estas \u00faltimas semanas sab\u00eda exactamente c\u00f3mo de querida y admirada era\u00bb, explica en su publicaci\u00f3n, que incluye tres fotograf\u00edas junto a la conocida activista. <\/p>\n<p class=\"v-d-p\">\u00abEn privado era a\u00fan mejor de lo que os podr\u00edais imaginar. Pas\u00f3 Acci\u00f3n de gracias con nuestra familia, me present\u00f3 a una de mis mejores amigas (siempre la campeona de las amistades femeninas), <strong>quiso a nuestros hijos con todo su coraz\u00f3n<\/strong>, me asesor\u00f3 en momentos dif\u00edciles, y daba consejos y perspectiva extraordinarios con una taza de t\u00e9 y un descaro e ingenio sin rival\u00bb, a\u00f1ade Meghan Markle, ofreciendo una visi\u00f3n hasta ahora desconocida de c\u00f3mo era su relaci\u00f3n personal m\u00e1s all\u00e1 de las apariencias.<\/p>\n<ul class=\"v-cmp-rld__u\">\n<li class=\"v-cmp-rld__l\">\n<p><a class=\"v-a-lnk\" href=\"http:\/\/www.abc.es\/gente\/gastaran-principe-harry-meghan-markle-nuevo-colegio-20260902140035-nt.html#vtm_modulosEngag=noticiasrelacionadas-cmp-uno:gente:noticia:1\" data-voc-vtm-id=\"in-text-traffic\" rel=\"nofollow noopener\" target=\"_blank\"><br \/>\n<img decoding=\"async\" loading=\"lazy\" src=\"https:\/\/www.europesays.com\/es\/wp-content\/uploads\/2026\/09\/harry-meghan-colegio-hijos_20260902135012-U77142425731ewG-366x256@diario_abc.jpg\" class=\"v-a-img\" width=\"258\" height=\"180\" alt=\"Lo que se gastar\u00e1n el Pr\u00edncipe Harry y Meghan Markle en el nuevo colegio de sus hijos: 60.000 euros al a\u00f1o\"\/><br \/>\n<\/a><\/p>\n<\/li>\n<\/ul>\n<p class=\"v-d-p\">Pero precisamente en esta serie de fotograf\u00edas que ha compartido Meghan de su tiempo con Gloria Steinem llama la atenci\u00f3n una en particular. La segunda imagen muestra una <strong>fotograf\u00eda enmarcada de Gloria<\/strong> con el peque\u00f1o Archie cuando a\u00fan era poco m\u00e1s que un beb\u00e9. Una instant\u00e1nea posiblemente tomada en ese primer a\u00f1o que Meghan y Harry pasaron en Estados Unidos tras su marcha de la Familia Real brit\u00e1nica.<\/p>\n<p><img decoding=\"async\" loading=\"lazy\" src=\"https:\/\/www.europesays.com\/es\/wp-content\/uploads\/2026\/09\/archie-gloria-steinem-U05083407030DQV-680x700@diario_abc.jpg\" class=\"v-a-img\" height=\"700\" alt=\"Gloria Steinem y Archie, hijo de Meghan y Harry.\" data-voc-vtm-id=\"in-text-traffic\" width=\"680\"\/><\/p>\n<p>Gloria Steinem y Archie, hijo de Meghan y Harry.<\/p>\n<p>(RRSS)<\/p>\n<p class=\"v-d-p\">En la fotograf\u00eda, Archie, a quien se reconoce a simple vista por su caracter\u00edstico pelo pelirrojo, luce una simple camiseta blanca y pantalones beis remangados \u00a1pero no lleva zapatos! Un <strong>gesto que demuestra la familiaridad<\/strong> que exist\u00eda en la familia con la conocida activista.<\/p>\n<p class=\"v-d-p\">No es la primera vez que, a trav\u00e9s de Gloria Steinem, vemos fotograf\u00edas in\u00e9ditas del hijo mayor de los Sussex. Hace dos a\u00f1os, la escritora ense\u00f1\u00f3 en la revista &#8216;Architectural Digest&#8217; algunos detalles de su casa y, entre la multitud de fotos y cuadros de su sal\u00f3n, los ojos m\u00e1s avispados pudieron ver una postal. Una imagen de Meghan, Harry y sus dos hijos tumbados en la hierba, todos ellos con una sonrisa. Es de las pocas fotograf\u00edas que se han podido ver de la peque\u00f1a Lilibeth, y de Archie siendo ya m\u00e1s mayor.<\/p>\n","protected":false},"excerpt":{"rendered":"El Pr\u00edncipe Harry y su familia ya est\u00e1n en Reino Unido y, supuestamente, asentados en los Cotswolds. Una&hellip;\n","protected":false},"author":2,"featured_media":747414,"comment_status":"","ping_status":"","sticky":false,"template":"","format":"standard","meta":{"footnotes":""},"categories":[174],"tags":[98157,255,1994,146,147,25,24,256,19676,30,30325,20545,9444,105,2807,23,575,2753,9445],"class_list":["post-747413","post","type-post","status-publish","format-standard","has-post-thumbnail","category-famosos","tag-archie","tag-celebrities","tag-comparte","tag-entertainment","tag-entretenimiento","tag-es","tag-espana","tag-famosos","tag-foto","tag-hijo","tag-markle","tag-meghan","tag-reino","tag-rompe","tag-silencio","tag-spain","tag-tras","tag-traslado","tag-unido"],"share_on_mastodon":{"url":"https:\/\/pubeurope.com\/@es\/117212713583016859","error":""},"_links":{"self":[{"href":"https:\/\/www.europesays.com\/es\/wp-json\/wp\/v2\/posts\/747413","targetHints":{"allow":["GET"]}}],"collection":[{"href":"https:\/\/www.europesays.com\/es\/wp-json\/wp\/v2\/posts"}],"about":[{"href":"https:\/\/www.europesays.com\/es\/wp-json\/wp\/v2\/types\/post"}],"author":[{"embeddable":true,"href":"https:\/\/www.europesays.com\/es\/wp-json\/wp\/v2\/users\/2"}],"replies":[{"embeddable":true,"href":"https:\/\/www.europesays.com\/es\/wp-json\/wp\/v2\/comments?post=747413"}],"version-history":[{"count":0,"href":"https:\/\/www.europesays.com\/es\/wp-json\/wp\/v2\/posts\/747413\/revisions"}],"wp:featuredmedia":[{"embeddable":true,"href":"https:\/\/www.europesays.com\/es\/wp-json\/wp\/v2\/media\/747414"}],"wp:attachment":[{"href":"https:\/\/www.europesays.com\/es\/wp-json\/wp\/v2\/media?parent=747413"}],"wp:term":[{"taxonomy":"category","embeddable":true,"href":"https:\/\/www.europesays.com\/es\/wp-json\/wp\/v2\/categories?post=747413"},{"taxonomy":"post_tag","embeddable":true,"href":"https:\/\/www.europesays.com\/es\/wp-json\/wp\/v2\/tags?post=747413"}],"curies":[{"name":"wp","href":"https:\/\/api.w.org\/{rel}","templated":true}]}}