{"id":747421,"date":"2026-09-04T12:18:25","date_gmt":"2026-09-04T12:18:25","guid":{"rendered":"https:\/\/www.europesays.com\/es\/747421\/"},"modified":"2026-09-04T12:18:25","modified_gmt":"2026-09-04T12:18:25","slug":"etapa-13-de-la-vuelta-a-espana-ciclismo-hoy-en-directo-clasificacion-resultados-y-narracion-en-vivo","status":"publish","type":"post","link":"https:\/\/www.europesays.com\/es\/747421\/","title":{"rendered":"Etapa 13 de la Vuelta a Espa\u00f1a, ciclismo hoy en directo: clasificaci\u00f3n, resultados y narraci\u00f3n, en vivo"},"content":{"rendered":"<p><img decoding=\"async\" fetchpriority=\"high\" data-imgm=\"true\" src=\"https:\/\/www.europesays.com\/es\/wp-content\/uploads\/2026\/09\/h:960&#038;h=--ItfEiJ.jpeg\"   width=\"1706\" height=\"960\" alt=\"Perfil de la etapa 13 de La Vuelta.\"\/><\/p>\n<p>                                                            Perfil de la etapa 13 de La Vuelta.<\/p>\n<p>                    EE<\/p>\n<p>                <a href=\"https:\/\/www.elespanol.com\/deportes\/ciclismo\/lavuelta\/\" class=\"kicker--section\" rel=\"nofollow noopener\" target=\"_blank\">La Vuelta<\/a><\/p>\n<p>\n    La jornada, que arranca de la localidad de Carlos Rodr\u00edguez, cuenta con tres ascensiones y, en otro d\u00eda caluroso, es una oportunidad de fuga.\n<\/p>\n<p>\n                                        Publicada<br \/>\n                                                                 4 septiembre 2026<br \/>\n                        12:10h <\/p>\n<p class=\"paragraph\" id=\"paragraph_1\">La Vuelta tendr\u00e1 un primer contacto con Granada&#8230; para luego volver de cara a la recta final de la carrera, pero todav\u00eda queda m\u00e1s de una semana para ello. Se da la peculiaridad que, en algunos casos, parte de la caravana de La Vuelta pas\u00f3 la noche en un hotel al que regresar\u00e1n la semana que viene. <\/p>\n<p class=\"paragraph\" id=\"paragraph_2\">Es fruto del bucle final que tendr\u00e1 la ronda espa\u00f1ola que recorrer\u00e1 las ocho provincias de Andaluc\u00eda. Despu\u00e9s de la jornada almeriense, hoy tocar\u00e1n carreteras granadinas con inicio en Almu\u00f1\u00e9car, localidad de Carlos Rodr\u00edguez, del Ineos y que tendr\u00e1 a toda su gente presente en la salida, y Loja.<\/p>\n<p class=\"paragraph\" id=\"paragraph_3\">El d\u00eda, para sorpresa de nadie, se espera muy caluroso. Ser\u00e1n un total de 193 km con tres ascensiones: Venta de la Cebada (1\u00aa), Alto del Legionario (2\u00aa) y Puerto de Granada (2\u00aa). Este \u00faltimo se corona a 40 km del desenlace. <\/p>\n<p class=\"paragraph\" id=\"paragraph_4\">Con este men\u00fa, se antoja altamente improbable que triunfen los velocistas, pese a que el Visma tratar\u00e1 de hacerlo posible bien sea para Brenann o un Van Aert al que esta jornada se le adapta mejor.<\/p>\n","protected":false},"excerpt":{"rendered":"Perfil de la etapa 13 de La Vuelta. EE La Vuelta La jornada, que arranca de la localidad&hellip;\n","protected":false},"author":2,"featured_media":747422,"comment_status":"","ping_status":"","sticky":false,"template":"","format":"standard","meta":{"footnotes":""},"categories":[93],"tags":[313,2838,168,3598,25,24,7789,23,167,5411],"class_list":["post-747421","post","type-post","status-publish","format-standard","has-post-thumbnail","category-deportes","tag-ciclismo","tag-ciclistas","tag-deportes","tag-en-directo","tag-es","tag-espana","tag-la-vuelta","tag-spain","tag-sports","tag-vuelta-a-espana"],"share_on_mastodon":{"url":"https:\/\/pubeurope.com\/@es\/117212735319372391","error":""},"_links":{"self":[{"href":"https:\/\/www.europesays.com\/es\/wp-json\/wp\/v2\/posts\/747421","targetHints":{"allow":["GET"]}}],"collection":[{"href":"https:\/\/www.europesays.com\/es\/wp-json\/wp\/v2\/posts"}],"about":[{"href":"https:\/\/www.europesays.com\/es\/wp-json\/wp\/v2\/types\/post"}],"author":[{"embeddable":true,"href":"https:\/\/www.europesays.com\/es\/wp-json\/wp\/v2\/users\/2"}],"replies":[{"embeddable":true,"href":"https:\/\/www.europesays.com\/es\/wp-json\/wp\/v2\/comments?post=747421"}],"version-history":[{"count":0,"href":"https:\/\/www.europesays.com\/es\/wp-json\/wp\/v2\/posts\/747421\/revisions"}],"wp:featuredmedia":[{"embeddable":true,"href":"https:\/\/www.europesays.com\/es\/wp-json\/wp\/v2\/media\/747422"}],"wp:attachment":[{"href":"https:\/\/www.europesays.com\/es\/wp-json\/wp\/v2\/media?parent=747421"}],"wp:term":[{"taxonomy":"category","embeddable":true,"href":"https:\/\/www.europesays.com\/es\/wp-json\/wp\/v2\/categories?post=747421"},{"taxonomy":"post_tag","embeddable":true,"href":"https:\/\/www.europesays.com\/es\/wp-json\/wp\/v2\/tags?post=747421"}],"curies":[{"name":"wp","href":"https:\/\/api.w.org\/{rel}","templated":true}]}}