{"id":747437,"date":"2026-09-04T12:30:23","date_gmt":"2026-09-04T12:30:23","guid":{"rendered":"https:\/\/www.europesays.com\/es\/747437\/"},"modified":"2026-09-04T12:30:23","modified_gmt":"2026-09-04T12:30:23","slug":"munar-y-landaluce-le-daran-lustre-a-la-copa-sevilla-2026","status":"publish","type":"post","link":"https:\/\/www.europesays.com\/es\/747437\/","title":{"rendered":"Munar y Landaluce le dar\u00e1n lustre a la Copa Sevilla 2026"},"content":{"rendered":"<p>El <strong>Real Club de Tenis Betis<\/strong> acogi\u00f3 este jueves la presentaci\u00f3n oficial de la <strong>Copa Sevilla 2026<\/strong>, una nueva edici\u00f3n de uno de los torneos de tenis con mayor tradici\u00f3n del calendario nacional, que se disputar\u00e1 del 7 al 13 de septiembre y  &#8230; que contar\u00e1 con la participaci\u00f3n de tenistas como <strong>Jaume Munar y Mart\u00edn Landaluce<\/strong>. El acto reuni\u00f3 a representantes del club, instituciones, federaciones, patrocinadores, medios de comunicaci\u00f3n y diferentes agentes vinculados al mundo del tenis, en una presentaci\u00f3n que sirvi\u00f3 para poner en valor la importancia de una competici\u00f3n que forma parte de la historia deportiva de Sevilla.<\/p>\n<p class=\"v-d-p\">La presentaci\u00f3n comenz\u00f3 con la bienvenida del presentador del acto, Javier Ysern Pe\u00f1a, quien puso en contexto la celebraci\u00f3n de una nueva edici\u00f3n de la Copa Sevilla y destac\u00f3 la importancia de mantener viva una competici\u00f3n que, a\u00f1o tras a\u00f1o, contin\u00faa<strong> proyectando el nombre de la ciudad a trav\u00e9s del tenis<\/strong>. Tras esta introducci\u00f3n, tom\u00f3 la palabra el presidente del Real Club de Tenis Betis, Pedro Mart\u00ednez-Fons Ruiz-Granados, como anfitri\u00f3n del acto.<\/p>\n<p class=\"v-d-p\">La presentaci\u00f3n continu\u00f3 con la intervenci\u00f3n del presidente de la Fundaci\u00f3n Cajasol, <strong>Antonio Pulido Guti\u00e9rrez<\/strong>, cuya entidad mantiene su respaldo a una competici\u00f3n plenamente integrada en el tejido deportivo y social de Sevilla. Su participaci\u00f3n sirvi\u00f3 para poner de manifiesto <strong>la importancia de la colaboraci\u00f3n entre instituciones, empresas y entidades deportivas<\/strong> para hacer posible la continuidad de grandes acontecimientos deportivos. \u00abHacemos una apuesta importante por el deporte y especialmente por este club. Valores del tenis que se identifican con nosotros y que es importante transmitir a la sociedad\u00bb.<\/p>\n<p class=\"v-d-p\">Uno de los principales ejes del acto fue <strong>la relaci\u00f3n entre el tenis y los valores que transmite este deporte<\/strong>, especialmente a trav\u00e9s de la formaci\u00f3n de las nuevas generaciones. En este contexto, el director ejecutivo de la Copa Sevilla, Francisco Trist\u00e1n, destac\u00f3 la relevancia de la competici\u00f3n y su papel dentro del calendario ten\u00edstico. \u00abComo toda buena presentaci\u00f3n, hay una sorpresa: Mart\u00edn Landaluce y Jaume Munar son las WC que hemos concedido. Desde el punto de vista de las estructuras, hemos implantado el sistema de cantado de l\u00edneas autom\u00e1ticas y una nueva grada en la pista 2\u00bb, dijo antes de dar paso a JF Fern\u00e1ndez, director del Rafa Nadal Tour, quien profundiz\u00f3 en la importancia de fomentar los valores del tenis desde las etapas de formaci\u00f3n y en el papel que desempe\u00f1an iniciativas vinculadas al desarrollo de j\u00f3venes jugadores: \u00abNos sentimos muy identificados con el club porque tienen los mismos valores por los que creamos en el tour\u201d<\/p>\n<p class=\"v-d-p\"><strong>La dimensi\u00f3n federativa de la Copa Sevilla<\/strong> tambi\u00e9n estuvo presente durante la presentaci\u00f3n. El presidente de la Federaci\u00f3n Andaluza de Tenis, Alberto Rodr\u00edguez Cervantes, resalt\u00f3 la importancia que tiene para Andaluc\u00eda contar con una competici\u00f3n de estas caracter\u00edsticas. \u00abPara nosotros es un placer tener un torneo con esta calidad ten\u00edstica y humana. Por ello, le otorgamos el m\u00e1ximo galard\u00f3n que podemos otorgar a un club de tenis\u00bb. A continuaci\u00f3n, el presidente de la Real Federaci\u00f3n Espa\u00f1ola de Tenis, Miguel D\u00edaz Rom\u00e1n, destac\u00f3 la relevancia de la Copa Sevilla dentro del tenis espa\u00f1ol y su contribuci\u00f3n a la promoci\u00f3n y desarrollo de este deporte, poniendo de manifiesto el valor de una cita que cuenta con una amplia trayectoria: \u00abLa Copa Sevilla es historia de nuestro tenis. Voy a ayudar a que este torneo suba de categor\u00eda. Es una oportunidad magn\u00edfica para nuestros tenistas porque gracias a estos puntos pueden acceder a los Grand Slams, tengo la suerte de estar en finales y siempre con referentes en el mundo, este torneo es un ejemplo del nivel del tenis espa\u00f1ol\u00bb.<\/p>\n<p class=\"v-d-p\">El Ayuntamiento de Sevilla tambi\u00e9n estuvo representado en el acto a trav\u00e9s de la delegada de Deportes, <strong>Mar\u00eda Tena Aguilar<\/strong>, quien traslad\u00f3 el respaldo municipal a una competici\u00f3n que contribuye a reforzar la imagen de Sevilla: \u00abEl Ayuntamiento siempre se enorgullece en contar con uno de los eventos referentes en la ciudad\u00bb. El turno de intervenciones institucionales lo cerr\u00f3 la Secretaria General para el Deporte de la Junta de Andaluc\u00eda, <strong>Isabel S\u00e1nchez Fern\u00e1ndez<\/strong>, en presencia de <strong>Patricia del Pozo<\/strong>, Consejera de Cultura y Deporte de la Junta de Andaluc\u00eda, quien puso el broche final a la presentaci\u00f3n destacando el compromiso de Andaluc\u00eda con la promoci\u00f3n del deporte y la importancia de que la comunidad aut\u00f3noma contin\u00fae acogiendo competiciones capaces de generar impacto deportivo y social: \u00abEl compromiso de la Junta de Andaluc\u00eda es total con un torneo que es historia del deporte e invertir aqu\u00ed es una apuesta segura\u00b7.<\/p>\n<p class=\"v-d-p\">Con esta presentaci\u00f3n oficial, la Copa Sevilla 2026 encara ya su celebraci\u00f3n en las pistas del Real Club de Tenis Betis, donde <strong>del 7 al 13 de septiembre volver\u00e1 a reunir tenis de alto nivel<\/strong> en una semana marcada por la competici\u00f3n, la promoci\u00f3n de los valores deportivos y la tradici\u00f3n de un torneo que forma parte del patrimonio deportivo de Sevilla y del circuito ATP.<\/p>\n","protected":false},"excerpt":{"rendered":"El Real Club de Tenis Betis acogi\u00f3 este jueves la presentaci\u00f3n oficial de la Copa Sevilla 2026, una&hellip;\n","protected":false},"author":2,"featured_media":747438,"comment_status":"","ping_status":"","sticky":false,"template":"","format":"standard","meta":{"footnotes":""},"categories":[274],"tags":[3076,291,1798,2493,168,2197,25,24,795,798,1171,23,167,327,326,26481],"class_list":["post-747437","post","type-post","status-publish","format-standard","has-post-thumbnail","category-tenis","tag-3076","tag-betis","tag-club","tag-copa","tag-deportes","tag-edicion","tag-es","tag-espana","tag-nueva","tag-real","tag-sevilla","tag-spain","tag-sports","tag-tenis","tag-tennis","tag-vivira"],"share_on_mastodon":{"url":"https:\/\/pubeurope.com\/@es\/117212782774939536","error":""},"_links":{"self":[{"href":"https:\/\/www.europesays.com\/es\/wp-json\/wp\/v2\/posts\/747437","targetHints":{"allow":["GET"]}}],"collection":[{"href":"https:\/\/www.europesays.com\/es\/wp-json\/wp\/v2\/posts"}],"about":[{"href":"https:\/\/www.europesays.com\/es\/wp-json\/wp\/v2\/types\/post"}],"author":[{"embeddable":true,"href":"https:\/\/www.europesays.com\/es\/wp-json\/wp\/v2\/users\/2"}],"replies":[{"embeddable":true,"href":"https:\/\/www.europesays.com\/es\/wp-json\/wp\/v2\/comments?post=747437"}],"version-history":[{"count":0,"href":"https:\/\/www.europesays.com\/es\/wp-json\/wp\/v2\/posts\/747437\/revisions"}],"wp:featuredmedia":[{"embeddable":true,"href":"https:\/\/www.europesays.com\/es\/wp-json\/wp\/v2\/media\/747438"}],"wp:attachment":[{"href":"https:\/\/www.europesays.com\/es\/wp-json\/wp\/v2\/media?parent=747437"}],"wp:term":[{"taxonomy":"category","embeddable":true,"href":"https:\/\/www.europesays.com\/es\/wp-json\/wp\/v2\/categories?post=747437"},{"taxonomy":"post_tag","embeddable":true,"href":"https:\/\/www.europesays.com\/es\/wp-json\/wp\/v2\/tags?post=747437"}],"curies":[{"name":"wp","href":"https:\/\/api.w.org\/{rel}","templated":true}]}}