{"id":747445,"date":"2026-09-04T12:35:17","date_gmt":"2026-09-04T12:35:17","guid":{"rendered":"https:\/\/www.europesays.com\/es\/747445\/"},"modified":"2026-09-04T12:35:17","modified_gmt":"2026-09-04T12:35:17","slug":"alba-carrillo-confiesa-el-miedo-que-paso-en-plena-calle-iba-asustada","status":"publish","type":"post","link":"https:\/\/www.europesays.com\/es\/747445\/","title":{"rendered":"Alba Carrillo confiesa el miedo que pas\u00f3 en plena calle: \u00abIba asustada\u00bb"},"content":{"rendered":"<p>\n        <strong>Las manifestaciones convocadas este mi\u00e9rcoles en apoyo al pueblo de <\/strong><a href=\"https:\/\/www.deia.eus\/tags\/ceuta\/\" title=\"Ceuta\" class=\"link copy\" rel=\"nofollow noopener\" target=\"_blank\"><strong>Ceuta<\/strong><\/a><strong> provocaron varios momentos de tensi\u00f3n.<\/strong>\n<\/p>\n<p class=\"article-body__text \">\n        Aunque muchos manifestantes se comportaron de forma pac\u00edfica,<strong> algunos radicales de <\/strong><a href=\"https:\/\/www.noticiasdenavarra.com\/tags\/extrema-derecha\/\" title=\"extrema derecha\" class=\"link copy\" rel=\"nofollow noopener\" target=\"_blank\"><strong>extrema derecha<\/strong><\/a><strong> provocaron varios altercados, e incluso se pudieron observar intentos de agresi\u00f3n a periodistas.<\/strong>\n<\/p>\n<p class=\"article-body__text \">\n        Ante la agresividad de algunos ultraderechistas y las proclamas neonazis que se pudieron ver en varias ciudades, <a href=\"https:\/\/www.noticiasdenavarra.com\/tags\/alba-carrillo\/\" title=\"Alba Carrillo\" class=\"link copy\" rel=\"nofollow noopener\" target=\"_blank\"><strong>Alba Carrillo<\/strong><\/a><strong> no se mordi\u00f3 la lengua durante la emisi\u00f3n de su programa &#8216;El S\u00f3tano&#8217;.<\/strong>\n<\/p>\n<p class=\"article-body__text \">\n        <strong>\u00abA todos nos duele lo que se est\u00e1 viviendo, porque es un nivel de agresividad y de violencia&#8230;\u00bb, <\/strong>comenz\u00f3.\n<\/p>\n<p class=\"article-body__text \">\n        La colaboradora de televisi\u00f3n cont\u00f3 que mientras paseaba por la Gran V\u00eda madrile\u00f1a sent\u00eda inseguridad: <strong>\u00abMe sent\u00eda insegura. Me daba miedo porque no sab\u00eda qu\u00e9 pod\u00eda pasar\u00bb.<\/strong>\n<\/p>\n<p class=\"article-body__text \">\n        <strong>\u00abTe lo juro que iba asustada, y esto no puede pasar en un pa\u00eds democr\u00e1tico en el siglo XXI. No nos lo podemos permitir\u00bb, <\/strong>sentenci\u00f3.\n<\/p>\n<p>  Alba Carrillo, figura destacada de la TV<\/p>\n<p class=\"article-body__text \">\n        <a href=\"https:\/\/www.noticiasdegipuzkoa.eus\/tags\/alba-carrillo\/\" title=\"Alba Carrillo\" class=\"link copy\" rel=\"nofollow noopener\" target=\"_blank\"><strong>Alba Carrillo<\/strong><\/a><strong> es una modelo, presentadora y colaboradora de televisi\u00f3n nacida en 1986 en Madrid.<\/strong>\n<\/p>\n<p class=\"article-body__text \">\n        <strong>Comenz\u00f3 su carrera en el mundo de la moda, alcanzando notoriedad tras participar en el certamen Supermodelo en 2007, lo que le permiti\u00f3 trabajar para marcas de renombre y consolidarse como modelo.<\/strong>\n<\/p>\n<p class=\"article-body__text \">\n        <strong>Con el tiempo, Alba ampli\u00f3 su presencia en los medios de comunicaci\u00f3n, destacando como colaboradora en diversos programas de <\/strong><a href=\"https:\/\/www.noticiasdenavarra.com\/tags\/television\/\" title=\"televisi\u00f3n\" class=\"link copy\" rel=\"nofollow noopener\" target=\"_blank\"><strong>televisi\u00f3n<\/strong><\/a><strong>, donde ha compartido su carism\u00e1tica y directa personalidad, as\u00ed como numerosos discursos donde reivindica la igualdad de derechos o la importancia de reforzar los servicios p\u00fablicos.<\/strong>\n<\/p>\n<p class=\"article-photo__footer\">\n            Alba Carrillo en una foto de archivo            E.P.        <\/p>\n<p>  Programas de \u00e9xito<\/p>\n<p class=\"article-body__text \">\n        Entre sus participaciones m\u00e1s conocidas se encuentran programas como &#8216;<strong>Mujeres y hombres y viceversa&#8217;, &#8216;<\/strong><a href=\"https:\/\/www.noticiasdegipuzkoa.eus\/tags\/gran-hermano-vip\/\" title=\"GH VIP\" class=\"link copy\" rel=\"nofollow noopener\" target=\"_blank\"><strong>GH VIP<\/strong><\/a><strong>&#8216;, &#8216;Ya es mediod\u00eda&#8217; y &#8216;El s\u00f3tano club&#8217;.<\/strong>\n<\/p>\n<p class=\"article-body__text \">\n        Adem\u00e1s de su carrera profesional, <strong>Alba Carrillo<\/strong> ha estado en el centro de atenci\u00f3n medi\u00e1tica por su vida personal, incluidas sus <strong>relaciones con figuras p\u00fablicas como el piloto Fonsi Nieto y el tenista Feliciano L\u00f3pez. <\/strong>Esta combinaci\u00f3n de \u00e9xito profesional y vida personal ha mantenido su nombre en los titulares de la <strong>prensa del coraz\u00f3n.<\/strong><\/p>\n","protected":false},"excerpt":{"rendered":"Las manifestaciones convocadas este mi\u00e9rcoles en apoyo al pueblo de Ceuta provocaron varios momentos de tensi\u00f3n. Aunque muchos&hellip;\n","protected":false},"author":2,"featured_media":747446,"comment_status":"","ping_status":"","sticky":false,"template":"","format":"standard","meta":{"footnotes":""},"categories":[174],"tags":[9623,24039,255,23359,146,147,25,24,256,5486,4191,2315,23],"class_list":["post-747445","post","type-post","status-publish","format-standard","has-post-thumbnail","category-famosos","tag-alba","tag-carrillo","tag-celebrities","tag-confiesa","tag-entertainment","tag-entretenimiento","tag-es","tag-espana","tag-famosos","tag-miedo","tag-paso","tag-protestas","tag-spain"],"share_on_mastodon":{"url":"https:\/\/pubeurope.com\/@es\/117212802393435088","error":""},"_links":{"self":[{"href":"https:\/\/www.europesays.com\/es\/wp-json\/wp\/v2\/posts\/747445","targetHints":{"allow":["GET"]}}],"collection":[{"href":"https:\/\/www.europesays.com\/es\/wp-json\/wp\/v2\/posts"}],"about":[{"href":"https:\/\/www.europesays.com\/es\/wp-json\/wp\/v2\/types\/post"}],"author":[{"embeddable":true,"href":"https:\/\/www.europesays.com\/es\/wp-json\/wp\/v2\/users\/2"}],"replies":[{"embeddable":true,"href":"https:\/\/www.europesays.com\/es\/wp-json\/wp\/v2\/comments?post=747445"}],"version-history":[{"count":0,"href":"https:\/\/www.europesays.com\/es\/wp-json\/wp\/v2\/posts\/747445\/revisions"}],"wp:featuredmedia":[{"embeddable":true,"href":"https:\/\/www.europesays.com\/es\/wp-json\/wp\/v2\/media\/747446"}],"wp:attachment":[{"href":"https:\/\/www.europesays.com\/es\/wp-json\/wp\/v2\/media?parent=747445"}],"wp:term":[{"taxonomy":"category","embeddable":true,"href":"https:\/\/www.europesays.com\/es\/wp-json\/wp\/v2\/categories?post=747445"},{"taxonomy":"post_tag","embeddable":true,"href":"https:\/\/www.europesays.com\/es\/wp-json\/wp\/v2\/tags?post=747445"}],"curies":[{"name":"wp","href":"https:\/\/api.w.org\/{rel}","templated":true}]}}