{"id":747453,"date":"2026-09-04T12:40:17","date_gmt":"2026-09-04T12:40:17","guid":{"rendered":"https:\/\/www.europesays.com\/es\/747453\/"},"modified":"2026-09-04T12:40:17","modified_gmt":"2026-09-04T12:40:17","slug":"una-atmosfera-tensa-y-sombria-envuelve-el-primer-trailer-de-sacamantecas","status":"publish","type":"post","link":"https:\/\/www.europesays.com\/es\/747453\/","title":{"rendered":"Una atm\u00f3sfera tensa y sombr\u00eda envuelve el primer tr\u00e1iler de &#8216;Sacamantecas&#8217;"},"content":{"rendered":"<p>\u00c1lava tiene el poco envidiable honor de haber visto nacer al sanguinario e infame Juan D\u00edaz de Garayo Ruiz de Argando\u00f1a, &#8216;Sacamantecas&#8217;, el \u00fanico criminal  &#8230; capaz de medirse de t\u00fa a t\u00fa en niveles de extrema crueldad con Jack el Destripador, posiblemente el asesino m\u00e1s conocido de la historia. Este alav\u00e9s de atroz recuerdo fue transformado por la leyenda en el gran monstruo de los terrores infantiles. El considerado como el primer violador y asesino en serie de la historia de Espa\u00f1a asustar\u00e1 ahora a los espectadores, ya que da el salto a la gran pantalla de la mano de David P\u00e9rez Sa\u00f1udo.<\/p>\n<p class=\"v-d-p\">Tras &#8216;Ane&#8217; (2020) y &#8216;Los \u00faltimos rom\u00e1nticos&#8217; (2024), dos historias muy vinculadas tambi\u00e9n a \u00c1lava, llega por fin la esperada &#8216;Sacamantecas&#8217;, el tercer largometraje del director vizca\u00edno. La pel\u00edcula, protagonizada por <a href=\"https:\/\/www.elcorreo.com\/alava\/araba\/antonio-torre-actor-sacamantecas-vitoria-ciudad-superamable-20241122013215-nt.html\" title=\"\" data-voc-vtm-id=\"in-text-traffic\" data-mrf-link=\"www.elcorreo.com\" rel=\"nofollow noopener\" target=\"_blank\">Antonio de la Torre<\/a> y la vitoriana Patricia L\u00f3pez Arnaiz, tendr\u00e1 su estreno mundial en la secci\u00f3n oficial -aunque fuera de concurso- del Festival Internacional de Cine de San Sebasti\u00e1n. Tras su paso por el certamen, el largometraje se estrenar\u00e1 en cines de toda Espa\u00f1a el pr\u00f3ximo 6 de noviembre.<\/p>\n<p class=\"v-d-p\">Buena Vista International, distribuidora del filme, ha dado a conocer este viernes el primer tr\u00e1iler, envuelto en una atm\u00f3sfera tensa y sombr\u00eda, de este &#8216;thriller&#8217; basado en hechos reales. Cuenta la historia de \u00c1ngela Berrosteguieta (Patricia L\u00f3pez Arnaiz), que regresa a Vitoria para enterrar a su hermana. En una ciudad marcada por el final de las guerras carlistas, ella decide tomar las riendas de una investigaci\u00f3n que acabar\u00e1 conduciendo hasta Juan D\u00edaz de Garayo, el &#8216;Sacamantecas&#8217; (Antonio de la Torre).<\/p>\n<p class=\"v-d-p\">La historia nos lleva hasta \u00c1lava, a finales del siglo XIX. Mientras la Tercera Guerra Carlista agoniza, varias mujeres aparecen estranguladas en las afueras de <a href=\"https:\/\/www.elcorreo.com\/alava\/araba\/antonio-torre-actor-sacamantecas-vitoria-ciudad-superamable-20241122013215-nt.html\" title=\"\" data-voc-vtm-id=\"in-text-traffic\" data-mrf-link=\"www.elcorreo.com\" rel=\"nofollow noopener\" target=\"_blank\">Vitoria<\/a>. \u00c1ngela, hermana de una de las v\u00edctimas, llega en busca de justicia, decidida a demostrar que D\u00edaz de Garayo, un campesino analfabeto, es el responsable de los cr\u00edmenes. Sin embargo, P\u00edo Pinedo, jefe de los alguaciles, se enfrenta a la falta de recursos en tiempos de guerra y a la presi\u00f3n de las autoridades, que prefieren ocultar la creciente ola de asesinatos.<\/p>\n<p>\nM\u00e1s de tres mil extras\n<\/p>\n<p class=\"v-d-p\">Rodada en <a href=\"https:\/\/www.elcorreo.com\/alava\/araba\/sacamantecas-reaparece-vitoria-20241122013230-nt.html\" title=\"\" data-voc-vtm-id=\"in-text-traffic\" data-mrf-link=\"www.elcorreo.com\" rel=\"nofollow noopener\" target=\"_blank\">escenarios naturales de Vitoria y de otros rincones de la provincia<\/a>, &#8216;Sacamantecas&#8217; ha convertido el territorio en un elemento narrativo esencial para recrear fielmente el contexto de una \u00e9poca clave, y muy poco contada, de la historia de Espa\u00f1a: la Tercera Guerra Carlista. La pel\u00edcula combina, en un importante despliegue de rodaje, la reconstrucci\u00f3n hist\u00f3rica con escenas de acci\u00f3n, persecuciones, batallas, efectos especiales, y las caracterizaciones de \u00e9poca. Ha llegado a contar con m\u00e1s de 3.000 extras y especialistas, en una apuesta por una est\u00e9tica naturalista.<\/p>\n<p><img decoding=\"async\" loading=\"lazy\" src=\"https:\/\/www.europesays.com\/es\/wp-content\/uploads\/2026\/09\/SACAMANTECAS-U201888754836YlD--680x476@El Correo.jpg\" class=\"v-a-img\" width=\"680\" height=\"478\" alt=\"Rodaje de 'Sacamantecas', en la plaza de la Provincia.\" data-voc-vtm-id=\"in-text-traffic\"\/><\/p>\n<p>Rodaje de &#8216;Sacamantecas&#8217;, en la plaza de la Provincia.<\/p>\n<p>(Igor Mart\u00edn)<\/p>\n<p class=\"v-d-p\">Patricia L\u00f3pez Arnaiz repite rodaje con P\u00e9rez Sa\u00f1udo tras alzarse con el Goya, el Premio Forqu\u00e9 y el Premio Feroz a Mejor Actriz por &#8216;Ane&#8217;. El multigalardonado Antonio de la Torre comparte cartel con la int\u00e9rprete vitoriana. Junto a ellos encabezan el reparto Haizea Carneros, Josean Bengoetxea y Eneko Sagardoy. Completan el elenco Luis Callejo, Urko Olazabal, Fernando Albizu, Miguel Iriarte, Isabel Gaud\u00ed, Erik Probanza y Mikel Losada.<\/p>\n","protected":false},"excerpt":{"rendered":"\u00c1lava tiene el poco envidiable honor de haber visto nacer al sanguinario e infame Juan D\u00edaz de Garayo&hellip;\n","protected":false},"author":2,"featured_media":747454,"comment_status":"","ping_status":"","sticky":false,"template":"","format":"standard","meta":{"footnotes":""},"categories":[169],"tags":[3935,26604,177,132719,146,147,25,24,176,175,42236,1257,73646,23,2177],"class_list":["post-747453","post","type-post","status-publish","format-standard","has-post-thumbnail","category-cine","tag-alava","tag-antonio-de-la-torre","tag-cine","tag-david-perez-sanudo","tag-entertainment","tag-entretenimiento","tag-es","tag-espana","tag-film","tag-movies","tag-patricia-lopez-arnaiz","tag-pelicula","tag-sacamantecas","tag-spain","tag-vitoria"],"share_on_mastodon":{"url":"https:\/\/pubeurope.com\/@es\/117212822577292243","error":""},"_links":{"self":[{"href":"https:\/\/www.europesays.com\/es\/wp-json\/wp\/v2\/posts\/747453","targetHints":{"allow":["GET"]}}],"collection":[{"href":"https:\/\/www.europesays.com\/es\/wp-json\/wp\/v2\/posts"}],"about":[{"href":"https:\/\/www.europesays.com\/es\/wp-json\/wp\/v2\/types\/post"}],"author":[{"embeddable":true,"href":"https:\/\/www.europesays.com\/es\/wp-json\/wp\/v2\/users\/2"}],"replies":[{"embeddable":true,"href":"https:\/\/www.europesays.com\/es\/wp-json\/wp\/v2\/comments?post=747453"}],"version-history":[{"count":0,"href":"https:\/\/www.europesays.com\/es\/wp-json\/wp\/v2\/posts\/747453\/revisions"}],"wp:featuredmedia":[{"embeddable":true,"href":"https:\/\/www.europesays.com\/es\/wp-json\/wp\/v2\/media\/747454"}],"wp:attachment":[{"href":"https:\/\/www.europesays.com\/es\/wp-json\/wp\/v2\/media?parent=747453"}],"wp:term":[{"taxonomy":"category","embeddable":true,"href":"https:\/\/www.europesays.com\/es\/wp-json\/wp\/v2\/categories?post=747453"},{"taxonomy":"post_tag","embeddable":true,"href":"https:\/\/www.europesays.com\/es\/wp-json\/wp\/v2\/tags?post=747453"}],"curies":[{"name":"wp","href":"https:\/\/api.w.org\/{rel}","templated":true}]}}