{"id":747457,"date":"2026-09-04T12:42:35","date_gmt":"2026-09-04T12:42:35","guid":{"rendered":"https:\/\/www.europesays.com\/es\/747457\/"},"modified":"2026-09-04T12:42:35","modified_gmt":"2026-09-04T12:42:35","slug":"el-numero-de-casos-de-ebola-en-rdc-supera-la-barrera-de-los-6-300-con-cerca-de-3-100-muertos","status":"publish","type":"post","link":"https:\/\/www.europesays.com\/es\/747457\/","title":{"rendered":"El n\u00famero de casos de \u00e9bola en RDC supera la barrera de los 6.300, con cerca de 3.100 muertos"},"content":{"rendered":"<p>\n        El n\u00famero de casos confirmados a causa del<strong> brote de <\/strong><a href=\"https:\/\/www.noticiasdenavarra.com\/tags\/ebola\/\" title=\"\u00e9bola\" class=\"link copy\" rel=\"nofollow noopener\" target=\"_blank\"><strong>\u00e9bola<\/strong><\/a><strong> declarado a mediados de mayo en el este de <\/strong><a href=\"https:\/\/www.noticiasdenavarra.com\/tags\/congo\/\" title=\"Rep\u00fablica Democr\u00e1tica del Congo\" target=\"_blank\" class=\"link copy\" rel=\"nofollow noopener\"><strong>Rep\u00fablica Democr\u00e1tica del Congo<\/strong><\/a><strong> (RDC) <\/strong>ha superado ya la barrera de los <strong>6.300 casos<\/strong>, con cerca de un centenar durante el \u00faltimo d\u00eda, seg\u00fan han confirmado las autoridades, que han elevado adem\u00e1s a<strong> cerca de 3.100 los fallecidos<\/strong> a causa del virus.\n<\/p>\n<p class=\"article-body__text \">\n        El Instituto Nacional de Salud P\u00fablica (INSP) ha se\u00f1alado en su \u00faltimo bolet\u00edn que hasta la fecha se han confirmado 6.342 casos y 3.072 muertos, incluidos 92 contagios y 33 fallecidos durante las \u00faltimas 24 horas, con la<strong> provincia de Ituri como epicentro del brote, con el 81,4% de los casos totales.<\/strong>\n<\/p>\n<p>            <a href=\"https:\/\/www.noticiasdenavarra.com\/mundo\/2026\/06\/12\/oms-alerta-brote-ebola-expandiendo-11194389.html\" title=\"La OMS alerta de que el brote de \u00e9bola &quot;se est\u00e1 expandiendo&quot; en n\u00famero de casos y territorios afectados\" class=\"new__media\" rel=\"nofollow noopener\" target=\"_blank\"><\/p>\n<p>                <img alt=\"La OMS alerta de que el brote de \u00e9bola &quot;se est\u00e1 expandiendo&quot; en n\u00famero de casos y territorios afectados\" data-src=\"https:\/\/www.europesays.com\/es\/wp-content\/uploads\/2026\/09\/11b8c60c-e2fe-4a92-a63c-746438454f94_16-9-aspect-ratio_default_0.jpg\" class=\"lozad\"\/><\/p>\n<p>        <\/a><\/p>\n<p>        <a href=\"https:\/\/www.noticiasdenavarra.com\/mundo\/2026\/06\/12\/oms-alerta-brote-ebola-expandiendo-11194389.html\" title=\"La OMS alerta de que el brote de \u00e9bola &quot;se est\u00e1 expandiendo&quot; en n\u00famero de casos y territorios afectados\" class=\"new__headline\" rel=\"nofollow noopener\" target=\"_blank\"><br \/>\n            La OMS alerta de que el brote de \u00e9bola \u00abse est\u00e1 expandiendo\u00bb en n\u00famero de casos y territorios afectados<br \/>\n        <\/a><\/p>\n<p class=\"article-body__text \">\n        Asimismo, ha afirmado que un total de <strong>1.475 personas han recibido el alta<\/strong> tras recuperarse de la enfermedad, mientras que <strong>770 siguen hospitalizadas o en aislamiento<\/strong>, con lo que la tasa de letalidad es en estos momentos del 48,4%, con una tasa de seguimiento de los contactos del 85,5%.\n<\/p>\n<p>  M\u00e1s de 12 brotes desde 1976<\/p>\n<p class=\"article-body__text \">\n        El brote en RDC es ya <strong>el m\u00e1s mort\u00edfero en la historia del pa\u00eds, superando el registrado entre 2018 y 2020<\/strong>, con las proyecciones apuntando a que podr\u00eda llegar a superar al registrado entre 2014 y 2016 en \u00c1frica occidental, que dej\u00f3 28.616 casos y 11.325 fallecidos en Guinea, Liberia y Sierra Leona, seg\u00fan los datos de la Organizaci\u00f3n Mundial de la Salud (OMS).\n<\/p>\n<p class=\"article-body__text \">\n        RDC &#8211;que en diciembre de 2025 decret\u00f3 el fin de otro brote, en este caso en Kasai&#8211; es considerado el <strong>pa\u00eds con m\u00e1s experiencia del mundo en el manejo del virus del \u00e9bola,<\/strong> habiendo enfrentado <strong>m\u00e1s de una docena de brotes desde que se identific\u00f3 el virus en 1976<\/strong> en un doble brote que tuvo uno de sus epicentros en la localidad congole\u00f1a de Yambuku, a orillas del r\u00edo \u00c9bola, del que tom\u00f3 el nombre la enfermedad.<\/p>\n","protected":false},"excerpt":{"rendered":"El n\u00famero de casos confirmados a causa del brote de \u00e9bola declarado a mediados de mayo en el&hellip;\n","protected":false},"author":2,"featured_media":747458,"comment_status":"","ping_status":"","sticky":false,"template":"","format":"standard","meta":{"footnotes":""},"categories":[92],"tags":[858,34141,25,24,165,5533,21357,166,23,5378],"class_list":["post-747457","post","type-post","status-publish","format-standard","has-post-thumbnail","category-salud","tag-casos","tag-ebola","tag-es","tag-espana","tag-health","tag-numero","tag-rdc","tag-salud","tag-spain","tag-supera"],"share_on_mastodon":{"url":"https:\/\/pubeurope.com\/@es\/117212830173972304","error":""},"_links":{"self":[{"href":"https:\/\/www.europesays.com\/es\/wp-json\/wp\/v2\/posts\/747457","targetHints":{"allow":["GET"]}}],"collection":[{"href":"https:\/\/www.europesays.com\/es\/wp-json\/wp\/v2\/posts"}],"about":[{"href":"https:\/\/www.europesays.com\/es\/wp-json\/wp\/v2\/types\/post"}],"author":[{"embeddable":true,"href":"https:\/\/www.europesays.com\/es\/wp-json\/wp\/v2\/users\/2"}],"replies":[{"embeddable":true,"href":"https:\/\/www.europesays.com\/es\/wp-json\/wp\/v2\/comments?post=747457"}],"version-history":[{"count":0,"href":"https:\/\/www.europesays.com\/es\/wp-json\/wp\/v2\/posts\/747457\/revisions"}],"wp:featuredmedia":[{"embeddable":true,"href":"https:\/\/www.europesays.com\/es\/wp-json\/wp\/v2\/media\/747458"}],"wp:attachment":[{"href":"https:\/\/www.europesays.com\/es\/wp-json\/wp\/v2\/media?parent=747457"}],"wp:term":[{"taxonomy":"category","embeddable":true,"href":"https:\/\/www.europesays.com\/es\/wp-json\/wp\/v2\/categories?post=747457"},{"taxonomy":"post_tag","embeddable":true,"href":"https:\/\/www.europesays.com\/es\/wp-json\/wp\/v2\/tags?post=747457"}],"curies":[{"name":"wp","href":"https:\/\/api.w.org\/{rel}","templated":true}]}}