{"id":747463,"date":"2026-09-04T12:45:19","date_gmt":"2026-09-04T12:45:19","guid":{"rendered":"https:\/\/www.europesays.com\/es\/747463\/"},"modified":"2026-09-04T12:45:19","modified_gmt":"2026-09-04T12:45:19","slug":"el-anuncio-de-un-minuto-que-ha-destruido-una-marca-de-golf-callaway-rompe-su-contrato-y-despiden-a-toda-la-cupula-directiva","status":"publish","type":"post","link":"https:\/\/www.europesays.com\/es\/747463\/","title":{"rendered":"El anuncio de un minuto que ha destruido una marca de golf: Callaway rompe su contrato y despiden a toda la c\u00fapula directiva"},"content":{"rendered":"<p class=\"v-ath__p v-ath__p--1\">\nJavier \u00c1lamo\n<\/p>\n<p class=\"v-ath__p v-ath__p--2\">\nSan Sebasti\u00e1n\n<\/p>\n<p>04\/09\/2026 a las 12:37h.<\/p>\n<p class=\"v-d-p\">Un anuncio de un nuevo palo de golf a trav\u00e9s de un video, de no m\u00e1s de un minuto de duraci\u00f3n, le ha costado el cargo a la c\u00fapula directiva de la reconocida marca de fabricaci\u00f3n de equipaci\u00f3n de golf Good Good. El presidente, vicepresidente y consejero delegado de la marca fueron destituidos despu\u00e9s de que el anuncio se hiciese viral, pero no en el buen sentido. <\/p>\n<p class=\"v-d-p\">La pol\u00e9mica surgi\u00f3 de un extracto en concreto del video, donde se mostraba al cofundador de Good Good, Garrett Clark empujando a una ejecutiva de la marca que intentaba extraer un \u00abdriver\u00bb de la bolsa. El anuncio buscaba hacer un sketch anunciando un nuevo palo en colaboraci\u00f3n con la prestigiosa fabricante de golf Callaway donde se quer\u00eda parodiar la pel\u00edcula Obsession, sin embargo, el resultado fue una lluvia de cr\u00edticas y de denuncias por parte de los consumidores, donde recriminaban un acto de violencia contra una mujer.<\/p>\n<p>\nRetirada de productos de las tiendas\n<\/p>\n<p class=\"v-d-p\">La respuesta, b\u00fasqueda de responsables y consecuencias no se hicieron esperar, y Callway rompi\u00f3 su contrato con Good Good, una decisi\u00f3n muy criticada por el consejero delegado de la marca, despedido poco despu\u00e9s. Adem\u00e1s, la empresa dej\u00f3 de ser el patrocinador principal del evento del circuito estadounidense de golf profesional masculino, Golf Channel cancel\u00f3 un programa en el que la marca era la clara protagonista y muchos de sus productos fueron retirados de los estantes de numerosas tiendas especializadas.<\/p>\n<p class=\"v-d-p\">Actualmente, Good Good se encuentra en un punto de inflexi\u00f3n y que podr\u00eda significar el fin de la firma dentro del mundo del golf.<\/p>\n","protected":false},"excerpt":{"rendered":"Javier \u00c1lamo San Sebasti\u00e1n 04\/09\/2026 a las 12:37h. Un anuncio de un nuevo palo de golf a trav\u00e9s&hellip;\n","protected":false},"author":2,"featured_media":747464,"comment_status":"","ping_status":"","sticky":false,"template":"","format":"standard","meta":{"footnotes":""},"categories":[80],"tags":[82,658,29404,204,31480,95,94,25,24,329,18665,100,1526,7154,23],"class_list":["post-747463","post","type-post","status-publish","format-standard","has-post-thumbnail","category-economia","tag-business","tag-campana","tag-cupula","tag-despedida","tag-directiva","tag-economia","tag-economy","tag-es","tag-espana","tag-golf","tag-good","tag-grupo","tag-polemica","tag-publicitaria","tag-spain"],"share_on_mastodon":{"url":"https:\/\/pubeurope.com\/@es\/117212841911642303","error":""},"_links":{"self":[{"href":"https:\/\/www.europesays.com\/es\/wp-json\/wp\/v2\/posts\/747463","targetHints":{"allow":["GET"]}}],"collection":[{"href":"https:\/\/www.europesays.com\/es\/wp-json\/wp\/v2\/posts"}],"about":[{"href":"https:\/\/www.europesays.com\/es\/wp-json\/wp\/v2\/types\/post"}],"author":[{"embeddable":true,"href":"https:\/\/www.europesays.com\/es\/wp-json\/wp\/v2\/users\/2"}],"replies":[{"embeddable":true,"href":"https:\/\/www.europesays.com\/es\/wp-json\/wp\/v2\/comments?post=747463"}],"version-history":[{"count":0,"href":"https:\/\/www.europesays.com\/es\/wp-json\/wp\/v2\/posts\/747463\/revisions"}],"wp:featuredmedia":[{"embeddable":true,"href":"https:\/\/www.europesays.com\/es\/wp-json\/wp\/v2\/media\/747464"}],"wp:attachment":[{"href":"https:\/\/www.europesays.com\/es\/wp-json\/wp\/v2\/media?parent=747463"}],"wp:term":[{"taxonomy":"category","embeddable":true,"href":"https:\/\/www.europesays.com\/es\/wp-json\/wp\/v2\/categories?post=747463"},{"taxonomy":"post_tag","embeddable":true,"href":"https:\/\/www.europesays.com\/es\/wp-json\/wp\/v2\/tags?post=747463"}],"curies":[{"name":"wp","href":"https:\/\/api.w.org\/{rel}","templated":true}]}}