{"id":747471,"date":"2026-09-04T12:53:24","date_gmt":"2026-09-04T12:53:24","guid":{"rendered":"https:\/\/www.europesays.com\/es\/747471\/"},"modified":"2026-09-04T12:53:24","modified_gmt":"2026-09-04T12:53:24","slug":"carlos-alcaraz-yibing-wu-cuando-y-donde-ver-el-partido-del-us-open-2026-tenis-deportes","status":"publish","type":"post","link":"https:\/\/www.europesays.com\/es\/747471\/","title":{"rendered":"Carlos Alcaraz &#8211; Yibing Wu: cu\u00e1ndo y d\u00f3nde ver el partido del US Open 2026 | Tenis | Deportes"},"content":{"rendered":"<p><img loading=\"lazy\" decoding=\"async\" title=\"China\" class=\"scr-hdr__team__logo\" src=\"https:\/\/static.prisa.com\/aside\/resizer\/resize\/img\/common\/countries\/chn.svg\" width=\"16\" height=\"12\"\/><\/p>\n<p>Yibing Wu<\/p>\n<p><img loading=\"lazy\" decoding=\"async\" title=\"Espa\u00f1a\" class=\"scr-hdr__team__logo\" src=\"https:\/\/static.prisa.com\/aside\/resizer\/resize\/img\/common\/countries\/esp.svg\" width=\"16\" height=\"12\"\/><\/p>\n<p>Carlos Alcaraz<\/p>\n<p>Movistar DeportesViernes, 04\/09\/202619:00CET<\/p>\n<p class=\"a_st\">El espa\u00f1ol se enfrenta al chino en tercera ronda del US Open este viernes<\/p>\n<p>i<\/p>\n<p>El audio de esta noticia utiliza una voz sint\u00e9tica generada por Inteligencia Artificial y podr\u00eda tener algunas inconsistencias.<\/p>\n<p><img alt=\"\" decoding=\"auto\" class=\"_re  a_m-h\" height=\"276\"  width=\"414\"  src=\"https:\/\/www.europesays.com\/es\/wp-content\/uploads\/2026\/09\/HN2JUI5NF5OG3FY2XMT77JXCKM.jpg\" loading=\"eager\" fetchpriority=\"low\"\/>Carlos Alcaraz celebra una bola ante Jaime Faria este mi\u00e9rcoles.CRISTOBAL HERRERA-ULASHKEVICH (EFE)<img alt=\"El Pa\u00eds\" decoding=\"auto\" class=\"_re lazyload a_m-h\" height=\"100\" width=\"100\" src=\"https:\/\/www.europesays.com\/es\/wp-content\/uploads\/2026\/09\/https:\/\/s3.amazonaws.com\/arc-authors\/prisa\/0b9a52b8-006a-4382-938a-05e3d58f07cf.png\" loading=\"lazy\" fetchpriority=\"low\"\/><\/p>\n<p class=\"\"><a href=\"https:\/\/elpais.com\/noticias\/carlos-alcaraz-garfia\/\" target=\"_self\" rel=\"nofollow noopener\" title=\"https:\/\/elpais.com\/noticias\/carlos-alcaraz-garfia\/\">Carlos Alcaraz<\/a> se enfrenta este viernes 4 de septiembre en tercera ronda al chino Yibing Wu, un jugador que est\u00e1 fuera del Top 100 de la ATP. El espa\u00f1ol viene de disputar en segunda ronda <a href=\"https:\/\/elpais.com\/deportes\/tenis\/2026-09-03\/alcaraz-vence-a-faria-y-accede-a-la-segunda-ronda-del-us-open.html\" target=\"_self\" rel=\"nofollow noopener\" title=\"https:\/\/elpais.com\/deportes\/tenis\/2026-09-03\/alcaraz-vence-a-faria-y-accede-a-la-segunda-ronda-del-us-open.html\">un partido a cuatro sets contra el portugu\u00e9s Jaime Faria<\/a>, \u201calgo muy bueno\u201d seg\u00fan el tenista, ya que le ha dado la oportunidad de ver c\u00f3mo respond\u00eda su cuerpo tras cerca de cinco meses apartado de las pistas por una lesi\u00f3n en abril en Barcelona. Como ya hiciera tras superar la primera ronda, el tenista de El Palmar (23 a\u00f1os) prefiri\u00f3 no acudir al complejo y se ejercit\u00f3 exclusivamente en su hotel.<\/p>\n<p class=\"\">\u201cHe estado entrenando con normalidad, golpeando la derecha con mucha libertad y sin pensar en la mu\u00f1eca, ni durante los entrenamientos ni durante los partidos\u201d, dijo el murciano, que regres\u00f3 a la competici\u00f3n en Nueva York para el US Open. \u201cS\u00e9 que, una vez que entro en la pista, tengo que ir a por todas en cada golpe. Tengo que sentirme normal y golpear como lo hac\u00eda antes de la lesi\u00f3n. Y despu\u00e9s, veremos qu\u00e9 pasa. Ahora mismo me siento genial. No hay ninguna raz\u00f3n para tener miedo y no golpear con normalidad\u201d, remat\u00f3 en rueda de prensa.<\/p>\n<p>Cu\u00e1ndo y d\u00f3nde ver el partido <\/p>\n<p class=\"\">El encuentro entre Carlos Alcaraz y Yibing Wu empezar\u00e1 a partir de las 19.00 horas (horario peninsular espa\u00f1ol) y se podr\u00e1 ver a trav\u00e9s de Movistar+.<\/p>\n<p><a class=\"a_com_l\" href=\"https:\/\/elpais.com\/info\/normas-de-participacion\/\" rel=\"nofollow noopener\" target=\"_blank\">Normas \u203a<\/a>M\u00e1s informaci\u00f3nArchivado EnSi est\u00e1 interesado en licenciar este contenido, pinche <a class=\"a_tp_si_l\" href=\"https:\/\/profesional.elpais.com\/soluciones-sindicacion\/?utm_medium=interno&amp;utm_source=crosslinking&amp;utm_campaign=sindicacion_ep_pie_articulos\" target=\"_blank\" rel=\"noopener noreferrer nofollow\">aqu\u00ed<\/a><\/p>\n","protected":false},"excerpt":{"rendered":"Yibing Wu Carlos Alcaraz Movistar DeportesViernes, 04\/09\/202619:00CET El espa\u00f1ol se enfrenta al chino en tercera ronda del US&hellip;\n","protected":false},"author":2,"featured_media":747472,"comment_status":"","ping_status":"","sticky":false,"template":"","format":"standard","meta":{"footnotes":""},"categories":[274],"tags":[545,168,25,24,896,23,167,327,11759,326,541,132721],"class_list":["post-747471","post","type-post","status-publish","format-standard","has-post-thumbnail","category-tenis","tag-carlos-alcaraz","tag-deportes","tag-es","tag-espana","tag-nueva-york","tag-spain","tag-sports","tag-tenis","tag-tenistas","tag-tennis","tag-us-open","tag-yibing-wu"],"share_on_mastodon":{"url":"https:\/\/pubeurope.com\/@es\/117212873547552134","error":""},"_links":{"self":[{"href":"https:\/\/www.europesays.com\/es\/wp-json\/wp\/v2\/posts\/747471","targetHints":{"allow":["GET"]}}],"collection":[{"href":"https:\/\/www.europesays.com\/es\/wp-json\/wp\/v2\/posts"}],"about":[{"href":"https:\/\/www.europesays.com\/es\/wp-json\/wp\/v2\/types\/post"}],"author":[{"embeddable":true,"href":"https:\/\/www.europesays.com\/es\/wp-json\/wp\/v2\/users\/2"}],"replies":[{"embeddable":true,"href":"https:\/\/www.europesays.com\/es\/wp-json\/wp\/v2\/comments?post=747471"}],"version-history":[{"count":0,"href":"https:\/\/www.europesays.com\/es\/wp-json\/wp\/v2\/posts\/747471\/revisions"}],"wp:featuredmedia":[{"embeddable":true,"href":"https:\/\/www.europesays.com\/es\/wp-json\/wp\/v2\/media\/747472"}],"wp:attachment":[{"href":"https:\/\/www.europesays.com\/es\/wp-json\/wp\/v2\/media?parent=747471"}],"wp:term":[{"taxonomy":"category","embeddable":true,"href":"https:\/\/www.europesays.com\/es\/wp-json\/wp\/v2\/categories?post=747471"},{"taxonomy":"post_tag","embeddable":true,"href":"https:\/\/www.europesays.com\/es\/wp-json\/wp\/v2\/tags?post=747471"}],"curies":[{"name":"wp","href":"https:\/\/api.w.org\/{rel}","templated":true}]}}