{"id":747475,"date":"2026-09-04T12:56:19","date_gmt":"2026-09-04T12:56:19","guid":{"rendered":"https:\/\/www.europesays.com\/es\/747475\/"},"modified":"2026-09-04T12:56:19","modified_gmt":"2026-09-04T12:56:19","slug":"el-baskonia-si-jugara-finalmente-ante-el-real-madrid-en-leon","status":"publish","type":"post","link":"https:\/\/www.europesays.com\/es\/747475\/","title":{"rendered":"El Baskonia s\u00ed jugar\u00e1 finalmente ante el Real Madrid en Le\u00f3n"},"content":{"rendered":"<p>\n        Finalmente, s\u00ed habr\u00e1 <strong>amistoso entre el Baskonia y el Real Madrid<\/strong> este s\u00e1bado en Le\u00f3n. El conjunto azulgrana ha decidido hacer el esfuerzo de acudir a la cita y disputar el <a href=\"https:\/\/memorialurbano.com\/\" title=\"Memorial Urbano Gonz\u00e1lez\" rel=\"nofollow noopener\" target=\"_blank\" class=\"link copy\">Memorial Urbano Gonz\u00e1lez<\/a> al entender que no se trata de un compromiso m\u00e1s.\n<\/p>\n<p class=\"article-body__text \">\n        El encuentro tiene <strong>car\u00e1cter ben\u00e9fico y est\u00e1 destinado a recaudar fondos <\/strong>y dar visibilidad a la lucha<a href=\"https:\/\/medlineplus.gov\/spanish\/ency\/article\/000688.htm\" title=\"contra la ELA\" rel=\"nofollow noopener\" target=\"_blank\" class=\"link copy\"> contra la ELA<\/a>, una causa con la que el club gasteiztarra est\u00e1 especialmente involucrado.\n<\/p>\n<p class=\"article-body__text \">\n        La organizaci\u00f3n del torneo ha confirmado que el partido <strong>se disputar\u00e1 pese a los numerosos contratiempos<\/strong> que han afectado al<a href=\"https:\/\/www.noticiasdealava.eus\/baskonia\/\" title=\"Baskonia\" target=\"_blank\" class=\"link copy\" rel=\"nofollow noopener\"> Baskonia<\/a> durante los \u00faltimos d\u00edas y que hab\u00edan puesto en duda su participaci\u00f3n.\n<\/p>\n<blockquote class=\"twitter-tweet\" data-lang=\"es\" wp_automatic_readability=\"4.5846153846154\">\n<p lang=\"es\" dir=\"ltr\">El 5 de septiembre llega este partidazo a Le\u00f3n en el \u2018I Memorial Urbano Gonz\u00e1lez Escapa\u2019 \ud83d\udc47\ud83c\udffc\ud83c\udfc0 <a href=\"https:\/\/t.co\/GUCsULsTS1\" rel=\"nofollow\">pic.twitter.com\/GUCsULsTS1<\/a><\/p>\n<p>\u2014 Andrea L\u00f3pez Cid\u00f3n (@andreeacidon) <a href=\"https:\/\/x.com\/andreeacidon\/status\/2086887541500690750?ref_src=twsrc%5Etfw\" rel=\"nofollow\">10 de agosto de 2026<\/a><\/p><\/blockquote>\n<p class=\"article-body__text \">\n        La situaci\u00f3n hab\u00eda llevado incluso al director deportivo baskonista, <strong>F\u00e9lix Fern\u00e1ndez, a reconocer el jueves que \u00abpinta mal\u00bb<\/strong> la posibilidad de poder disputar el encuentro debido a la<strong> acumulaci\u00f3n de jugadores lesionados<\/strong>. Finalmente, el club ha optado por realizar el esfuerzo y estar\u00e1 este s\u00e1bado en Le\u00f3n.\n<\/p>\n<p class=\"article-body__text \">\n        Ser\u00e1, por tanto, el <strong>primer bolo veraniego<\/strong> del Baskonia despu\u00e9s de que hace unos d\u00edas tuviera que suspenderse el amistoso que deb\u00eda abrir su calendario de preparaci\u00f3n ante el Askatuak en las instalaciones del BAKH. El conjunto azulgrana afronta ahora la cita ante el Real Madrid con una plantilla todav\u00eda pendiente de completar y con varios jugadores entre algodones.\n<\/p>\n<p>            <a href=\"https:\/\/www.noticiasdealava.eus\/baskonia\/2026\/08\/24\/kenneth-faried-sorprendente-apuesta-baskonia-11465979.html\" title=\"Oficial: Faried llega al Baskonia para la campa\u00f1a 2026-27\" class=\"new__media\" rel=\"nofollow noopener\" target=\"_blank\"><\/p>\n<p>                <img alt=\"Oficial: Faried llega al Baskonia para la campa\u00f1a 2026-27\" data-src=\"https:\/\/www.europesays.com\/es\/wp-content\/uploads\/2026\/09\/ee468a21-1d29-43f1-86e5-212d41174591_16-9-aspect-ratio_default_0_x870y124.jpg\" class=\"lozad\"\/><\/p>\n<p>        <\/a><\/p>\n<p>        <a href=\"https:\/\/www.noticiasdealava.eus\/baskonia\/2026\/08\/24\/kenneth-faried-sorprendente-apuesta-baskonia-11465979.html\" title=\"Oficial: Faried llega al Baskonia para la campa\u00f1a 2026-27\" class=\"new__headline\" rel=\"nofollow noopener\" target=\"_blank\"><br \/>\n            Oficial: Faried llega al Baskonia para la campa\u00f1a 2026-27<br \/>\n        <\/a><\/p>\n<p class=\"article-body__text \">\n        Uno de los principales contratiempos es la <strong>ausencia de Kenneth Faried.<\/strong> El p\u00edvot estadounidense, cuyo fichaje fue anunciado hace ya m\u00e1s de una semana, <strong>todav\u00eda no se ha incorporado a la disciplina azulgrana. <\/strong>\n<\/p>\n<p class=\"article-body__text \">\n        F\u00e9lix Fern\u00e1ndez explic\u00f3 que el jugador tiene que solucionar unos <strong>motivos personales<\/strong> antes de poder desplazarse a Vitoria, por lo que su estreno con el Baskonia tendr\u00e1 que esperar.\n<\/p>\n<p class=\"article-body__text \">\n        A ello se suma la<strong> marcha de Khalifa Diop a los Cleveland Cavaliers y la ausencia de Dejan Kravic<\/strong>. En el caso del veterano p\u00edvot serbio, de 35 a\u00f1os y con pasado en varios clubes de la ACB, el Baskonia decidi\u00f3 no prolongar su contrato temporal despu\u00e9s de que sufriera una lesi\u00f3n muscular en una de sus primeras sesiones de trabajo.\n<\/p>\n<p>            <a href=\"https:\/\/www.noticiasdealava.eus\/baskonia\/2026\/09\/03\/operacion-positiva-baskonia-diop-11499318.html\" title=\"Una operaci\u00f3n positiva para Baskonia y Diop\" class=\"new__media\" rel=\"nofollow noopener\" target=\"_blank\"><\/p>\n<p>                <img alt=\"Una operaci\u00f3n positiva para Baskonia y Diop\" data-src=\"https:\/\/www.europesays.com\/es\/wp-content\/uploads\/2026\/09\/d4c7d61e-29c3-436b-a46e-2e01a31cde7c_16-9-aspect-ratio_default_0.jpg\" class=\"lozad\"\/><\/p>\n<p>        <\/a><\/p>\n<p>        <a href=\"https:\/\/www.noticiasdealava.eus\/baskonia\/2026\/09\/03\/operacion-positiva-baskonia-diop-11499318.html\" title=\"Una operaci\u00f3n positiva para Baskonia y Diop\" class=\"new__headline\" rel=\"nofollow noopener\" target=\"_blank\"><br \/>\n            Una operaci\u00f3n positiva para Baskonia y Diop<br \/>\n        <\/a><\/p>\n<p>  Problemas en la &#8216;pintura&#8217;<\/p>\n<p class=\"article-body__text \">\n        <strong>Kravic<\/strong> hab\u00eda sido <strong>reclutado para la pretemporada junto a Mehdy Ngouama, Goran Filipovic, Lucas Nguessan y Hugo Alonso<\/strong>, pero el percance f\u00edsico provoc\u00f3 finalmente su salida.\n<\/p>\n<p class=\"article-body__text \">\n        Su ausencia deja todav\u00eda m\u00e1s hu\u00e9rfana una posici\u00f3n interior que perdido tambi\u00e9n a Diop y que contin\u00faa a la espera de la llegada de Faried. Durante estos d\u00edas, Paolo Galbiati trabaja en Vitoria con Rodions Kurucs, Tadas Sedekerskis, Cl\u00e9ment Frisch, el tambi\u00e9n temporero Lucas N&#8217;Guessan y el canterano Thierry Henry como principales efectivos para las posiciones interiores.\n<\/p>\n<p>        Paolo Galbiati trabaja en Vitoria con Kurucs, Sedekerskis, Frisch, el temporero N&#8217;Guessan y el canterano Henry como principales efectivos para las posiciones interiores<\/p>\n<p class=\"article-body__text \">\n        Por si fuera poco, hasta cuatro jugadores baskonistas han tenido que <strong>detener su actividad en alg\u00fan momento de los \u00faltimos d\u00edas despu\u00e9s de sufrir diferentes percances <\/strong>f\u00edsicos. <strong>DJ Stewart<\/strong>, <strong>AJ Lawson, Tadas Sedekerskis <\/strong>y <strong>Markus Howard<\/strong> han arrastrado distintas molestias musculares, lo que ha reducido todav\u00eda m\u00e1s las opciones del t\u00e9cnico italiano para afrontar el primer test del verano.\n<\/p>\n<p class=\"article-body__text \">\n        Pese a este panorama, el Baskonia estar\u00e1 este s\u00e1bado en Le\u00f3n para<strong> medirse a todo un Real Madrid<\/strong>.\n<\/p>\n<p class=\"article-photo__footer\">\n            De izquierda a derecha Ngouama, Kravic, Nguessan, Hugo Alonso y Filipovic, en un entrenamiento en el Buesa Arena.            Baskonia        <\/p>\n<p class=\"article-body__text \">\n        La cita supondr\u00e1 una primera prueba de fuego para un equipo todav\u00eda en construcci\u00f3n y especialmente condicionado en su juego interior. Los problemas f\u00edsicos, la <strong>marcha de Diop, la salida de Kravic<\/strong> y el <strong>retraso en la incorporaci\u00f3n de Faried han dejado a Galbiati con recursos muy limitados bajo los aros.<\/strong>\n<\/p>\n<p class=\"article-body__text \">\n        Y enfrente estar\u00e1 un <a href=\"https:\/\/www.euroleaguebasketball.net\/es\/euroleague\/teams\/real-madrid\/roster\/mad\/?season=2026-27\" title=\"Real Madrid\" rel=\"nofollow noopener\" target=\"_blank\" class=\"link copy\"><strong>Real Madrid<\/strong><\/a><strong> que cuenta con una bater\u00eda interior de primer nivel<\/strong>, encabezada por <strong>Walter Tavares<\/strong>. El p\u00edvot caboverdiano supondr\u00e1 un exigente examen para los hombres altos azulgranas en un encuentro que, m\u00e1s all\u00e1 de su car\u00e1cter amistoso, permitir\u00e1 <strong>comprobar hasta d\u00f3nde puede competir el Baskonia en unas condiciones tan adversas.<\/strong>\n<\/p>\n<p class=\"article-body__text \">\n        Todo ello, adem\u00e1s, <strong>con la Supercopa de Badalona ya en el horizonte<\/strong>. El primer torneo oficial de la temporada arrancar\u00e1 el <strong>19 de septiembre <\/strong>con la semifinal ante el <strong>Joventut<\/strong>, por lo que el margen para que el Baskonia recupere efectivos y complete su plantilla se reduce cada d\u00eda.\n<\/p>\n<p>            <script async src=\"https:\/\/platform.twitter.com\/widgets.js\" charset=\"utf-8\"><\/script><\/p>\n","protected":false},"excerpt":{"rendered":"Finalmente, s\u00ed habr\u00e1 amistoso entre el Baskonia y el Real Madrid este s\u00e1bado en Le\u00f3n. El conjunto azulgrana&hellip;\n","protected":false},"author":2,"featured_media":747476,"comment_status":"","ping_status":"","sticky":false,"template":"","format":"standard","meta":{"footnotes":""},"categories":[269],"tags":[299,298,4714,168,25,24,14896,10660,205,798,23,167],"class_list":["post-747475","post","type-post","status-publish","format-standard","has-post-thumbnail","category-baloncesto","tag-baloncesto","tag-basketball","tag-baskonia","tag-deportes","tag-es","tag-espana","tag-finalmente","tag-jugara","tag-madrid","tag-real","tag-spain","tag-sports"],"share_on_mastodon":{"url":"https:\/\/pubeurope.com\/@es\/117212884803313833","error":""},"_links":{"self":[{"href":"https:\/\/www.europesays.com\/es\/wp-json\/wp\/v2\/posts\/747475","targetHints":{"allow":["GET"]}}],"collection":[{"href":"https:\/\/www.europesays.com\/es\/wp-json\/wp\/v2\/posts"}],"about":[{"href":"https:\/\/www.europesays.com\/es\/wp-json\/wp\/v2\/types\/post"}],"author":[{"embeddable":true,"href":"https:\/\/www.europesays.com\/es\/wp-json\/wp\/v2\/users\/2"}],"replies":[{"embeddable":true,"href":"https:\/\/www.europesays.com\/es\/wp-json\/wp\/v2\/comments?post=747475"}],"version-history":[{"count":0,"href":"https:\/\/www.europesays.com\/es\/wp-json\/wp\/v2\/posts\/747475\/revisions"}],"wp:featuredmedia":[{"embeddable":true,"href":"https:\/\/www.europesays.com\/es\/wp-json\/wp\/v2\/media\/747476"}],"wp:attachment":[{"href":"https:\/\/www.europesays.com\/es\/wp-json\/wp\/v2\/media?parent=747475"}],"wp:term":[{"taxonomy":"category","embeddable":true,"href":"https:\/\/www.europesays.com\/es\/wp-json\/wp\/v2\/categories?post=747475"},{"taxonomy":"post_tag","embeddable":true,"href":"https:\/\/www.europesays.com\/es\/wp-json\/wp\/v2\/tags?post=747475"}],"curies":[{"name":"wp","href":"https:\/\/api.w.org\/{rel}","templated":true}]}}