{"id":747499,"date":"2026-09-04T13:11:25","date_gmt":"2026-09-04T13:11:25","guid":{"rendered":"https:\/\/www.europesays.com\/es\/747499\/"},"modified":"2026-09-04T13:11:25","modified_gmt":"2026-09-04T13:11:25","slug":"javier-ruiz-de-la-septima-nunca-he-visto-tanto-empeno-en-que-una-television-no-nazca","status":"publish","type":"post","link":"https:\/\/www.europesays.com\/es\/747499\/","title":{"rendered":"Javier Ruiz, de La S\u00e9ptima: \u00abNunca he visto tanto empe\u00f1o en que una televisi\u00f3n no nazca\u00bb"},"content":{"rendered":"<p class=\"c-paragraph\">La S\u00e9ptima sigue avanzando para su lanzamiento el 5 de noviembre como un nuevo canal de televisi\u00f3n con<b> esp\u00edritu progresista, \u00absin casquer\u00eda\u00bb <\/b>y volcado en el directo que, seg\u00fan su director editorial, Javier Ruiz, \u00abnace en un ecosistema de televisiones viradas a la derecha\u00bb, por lo que bautiza su modelo como \u00abla anti-Fox\u00bb.\u00a0<\/p>\n<p class=\"c-paragraph\">\u00abNacemos como naci\u00f3 Fox News\u00bb en EE.UU., un canal conservador que estaba solo en un modelo donde la mayor\u00eda de las televisiones eran progresistas y liberales\u00bb, pero al rev\u00e9s, porque La S\u00e9ptima tiene vocaci\u00f3n progresista, pero no es solo para progresistas porque defiende principios constitucionales, precisa Ruiz.\u00a0<\/p>\n<p class=\"c-paragraph\">El periodista ha explicado m\u00e1s detalles del <b>nuevo canal impulsado por Jos\u00e9 Miguel Contreras,<\/b> que tiene previsto presentarse en sociedad la pr\u00f3xima semana en el Festival de Televisi\u00f3n de Vitoria, y sobre el que afirma con rotundidad: \u00abVamos a hacer las cosas period\u00edsticamente bien, sin morbo, sin casquer\u00eda y sin basura\u00bb.\u00a0<\/p>\n<p class=\"c-paragraph\">Ya se conocen algunos de sus fichajes, como el de Sarah Santaolalla o Roc\u00edo Delgado, aunque Ruiz pronostica \u00abalguna sorpresa\u00bb para dar forma a un modelo televisivo centrado en el directo, en el seguimiento permanente de la actualidad, desde las ma\u00f1anas hasta las 1.30 de la madrugada aproximadamente, con una red de 180 periodistas para la cobertura nacional, que reflejar\u00e1 la informaci\u00f3n internacional cuando nos afecte.\u00a0<\/p>\n<p class=\"c-paragraph\">\u00c9l tambi\u00e9n estar\u00e1 frente a la pantalla, y confiesa estar ilusionado hasta el punto de haber tenido que dejar dos casas de \u00e9xito, la SER y TVE. \u00abUno tiene que estar muy convencido de lo que hace para poder valorar lo que deja\u00bb, afirma.\u00a0<\/p>\n<p class=\"c-paragraph\">El modelo de La S\u00e9ptima: la &#8216;anti-Fox&#8217; La S\u00e9ptima seguir\u00e1 el modelo de Fox, MSNBC o CNN: m\u00e1s actualidad que formatos, huyendo del grabado y del programa encapsulado, buscando la \u00faltima hora y el directo. Utiliza entonces el t\u00e9rmino \u00abanti-Fox\u00bb, porque argumenta que<b> \u00abtodas las televisiones est\u00e1n viradas a la derecha, salvo TVE ahora, pero que si gobierna el PP tambi\u00e9n virar\u00e1\u00bb<\/b> y porque incluye a aquellos \u00abque van de falsa bandera y se presentan como de izquierda\u00bb, pero, en realidad, \u00abest\u00e1n dise\u00f1ados para carcomerla\u00bb.<\/p>\n<p class=\"c-paragraph\">No obstante, subraya que La S\u00e9ptima no est\u00e1 para obstaculizar o empujar la llegada de nadie: \u00abVamos a defender valores, pero no vamos a hacer ni campa\u00f1as a un partido, ni poner la zancadilla a otro. No somos enemigos pol\u00edticos, somos enemigos de la propaganda y de la mentira.\u00a0<b>Si los partidos nos declaran enemigos, ser\u00e1 cuesti\u00f3n suya\u00bb.<\/b><\/p>\n<p class=\"c-paragraph\">Ruiz se ha mostrado<b> sorprendido por \u00abel empe\u00f1o y la violencia\u00bb para que La S\u00e9ptima no nazca:<\/b> \u00abHay 32 canales de televisi\u00f3n en Espa\u00f1a, no ha habido un problema con ninguno de ellos porque siempre han ca\u00eddo en las mismas dos \u00f3rbitas (Atresmedia o Mediaset).\u00a0 Somos el primer canal que no sale en esa \u00f3rbita y aparentemente somos un problema\u00bb<b>. \u00abSorprende que a los defensores de la pluralidad les moleste<\/b>, no que haya una voz n\u00famero 33, sino que haya una voz tres, somos la tercera voz en todo esto. Cabemos tres\u00bb, afirma el periodista, que apunta a \u00abpresiones empresariales, pol\u00edticas y medi\u00e1ticas\u00bb, y eso se llama \u00aboligopolio\u00bb, dice.\u00a0<\/p>\n<p class=\"c-paragraph\">El director editorial afirma que su equipo es \u00abextraordinario\u00bb: \u00abMuchos han trabajado conmigo en Cuatro y en TVE, nos conocemos desde hace tiempo, es gente fiable y confiable, que no hace cosas turbias, algo cada vez m\u00e1s escaso en el periodismo\u00bb.<\/p>\n<p class=\"c-paragraph\">A\u00f1ade que<b> el canal requerir\u00e1 \u00abmucha gente y mucho talento\u00bb, c<\/b>on principios y \u00e9tica, y adelanta que puede haber \u00abalguna sorpresa\u00bb. \u00abHay gente que nos llama para estar. Nombres que te sorprender\u00edan, que nos llaman para venir y con los que ni siquiera yo so\u00f1aba y con los que estamos hablando.\u00a0Hay gente que quiere hacer algo de lo que est\u00e9 orgullosa\u00bb, contin\u00faa.\u00a0<\/p>\n<p class=\"c-paragraph\">Y a\u00f1ade: \u00abEl proyecto es ilusionante, period\u00edsticamente relevante, y yo creo que hay muchos periodistas que se niegan a la resignaci\u00f3n, que se niegan al pesimismo\u00bb, como \u00e9l mismo, recalca, porque aunque <b>hay un \u00abecosistema de desinformaci\u00f3n brutal, no todo est\u00e1 perdido\u00bb.<\/b>\u00a0<\/p>\n<p class=\"c-paragraph\">\u00abVamos a hacer periodismo y hacer actualidad con rigor, con contexto y con una posici\u00f3n y una mirada (propia), pero no vamos a hacer basura, no vamos a hacer casquer\u00eda, no vamos a hacer cosas que hoy desafortunadamente pueblan la pantalla\u00bb, sostiene Ruiz, quien adelanta que una vez que se hace periodismo (verificar, chequear que la informaci\u00f3n sea cierta, buscar fuentes&#8230;), despu\u00e9s hay que comunicar.\u00a0<\/p>\n<p class=\"c-paragraph\">Y explica que \u00abesa es la clave, c\u00f3mo le damos formato despu\u00e9s. Nosotros vamos a ser la televisi\u00f3n en todas tus pantallas. Nos vas a poder ver en YouTube, Twitter, Twitch, TikTok, en directo en tu televisi\u00f3n y lo vamos a moldear y a formatear para que guste\u00bb.<\/p>\n","protected":false},"excerpt":{"rendered":"La S\u00e9ptima sigue avanzando para su lanzamiento el 5 de noviembre como un nuevo canal de televisi\u00f3n con&hellip;\n","protected":false},"author":2,"featured_media":747500,"comment_status":"","ping_status":"","sticky":false,"template":"","format":"standard","meta":{"footnotes":""},"categories":[8],"tags":[17,18,25,24,13,14,11,5264,4207,19,20,9,10,15,16,5106,15327,23,12,22268,21,22],"class_list":["post-747499","post","type-post","status-publish","format-standard","has-post-thumbnail","category-espana","tag-breaking-news","tag-breakingnews","tag-es","tag-espana","tag-featured-news","tag-featurednews","tag-headlines","tag-javier","tag-las","tag-latest-news","tag-latestnews","tag-news","tag-noticias","tag-noticias-destacadas","tag-noticiasdestacadas","tag-ruiz","tag-septima","tag-spain","tag-titulares","tag-todas","tag-ultimas-noticias","tag-ultimasnoticias"],"share_on_mastodon":{"url":"https:\/\/pubeurope.com\/@es\/117212944093681652","error":""},"_links":{"self":[{"href":"https:\/\/www.europesays.com\/es\/wp-json\/wp\/v2\/posts\/747499","targetHints":{"allow":["GET"]}}],"collection":[{"href":"https:\/\/www.europesays.com\/es\/wp-json\/wp\/v2\/posts"}],"about":[{"href":"https:\/\/www.europesays.com\/es\/wp-json\/wp\/v2\/types\/post"}],"author":[{"embeddable":true,"href":"https:\/\/www.europesays.com\/es\/wp-json\/wp\/v2\/users\/2"}],"replies":[{"embeddable":true,"href":"https:\/\/www.europesays.com\/es\/wp-json\/wp\/v2\/comments?post=747499"}],"version-history":[{"count":0,"href":"https:\/\/www.europesays.com\/es\/wp-json\/wp\/v2\/posts\/747499\/revisions"}],"wp:featuredmedia":[{"embeddable":true,"href":"https:\/\/www.europesays.com\/es\/wp-json\/wp\/v2\/media\/747500"}],"wp:attachment":[{"href":"https:\/\/www.europesays.com\/es\/wp-json\/wp\/v2\/media?parent=747499"}],"wp:term":[{"taxonomy":"category","embeddable":true,"href":"https:\/\/www.europesays.com\/es\/wp-json\/wp\/v2\/categories?post=747499"},{"taxonomy":"post_tag","embeddable":true,"href":"https:\/\/www.europesays.com\/es\/wp-json\/wp\/v2\/tags?post=747499"}],"curies":[{"name":"wp","href":"https:\/\/api.w.org\/{rel}","templated":true}]}}