{"id":747501,"date":"2026-09-04T13:12:21","date_gmt":"2026-09-04T13:12:21","guid":{"rendered":"https:\/\/www.europesays.com\/es\/747501\/"},"modified":"2026-09-04T13:12:21","modified_gmt":"2026-09-04T13:12:21","slug":"los-jueces-de-la-audiencia-nacional-respaldan-a-su-companera-tardon-por-prohibir-a-los-policias-informar-a-sus-superiores-sobre-ceuta","status":"publish","type":"post","link":"https:\/\/www.europesays.com\/es\/747501\/","title":{"rendered":"Los jueces de la Audiencia Nacional respaldan a su compa\u00f1era Tard\u00f3n por prohibir a los polic\u00edas informar a sus superiores sobre Ceuta"},"content":{"rendered":"<p>                <img decoding=\"async\" class=\"lazy\" loading=\"lazy\" data-src=\"https:\/\/static.eldiario.es\/clip\/b3a561e1-9883-4412-aa42-fff7a5e07cf2_16-9-aspect-ratio_default_0.jpg\" src=\"data:image\/svg+xml,%3Csvg xmlns=\" http:=\"\" viewbox=\"0 0 16 9\" alt=\"La jueza Mar\u00eda Tard\u00f3n, en una imagen de archivo.\"\/><\/p>\n<p class=\"article-text\">\n        La Sala de Gobierno de la Audiencia Nacional ha acordado, por unanimidad de sus nueve miembros, expresar su \u201cabsoluto respaldo\u201d a su compa\u00f1era Mar\u00eda Tard\u00f3n, titular del Juzgado Central de Instrucci\u00f3n n\u00famero 3, despu\u00e9s de que el ministro del Interior, Fernando Grande-Marlaska, trasladara a la presidenta del Poder Judicial su malestar por el hecho de que la magistrada prohibiera a los polic\u00edas que deben informarla sobre los sucesos de Ceuta que informaran de su trabajo a sus superiores.\n    <\/p>\n<p class=\"article-text\">\n        Marlaska alud\u00eda a la relevancia que el trabajo de esos polic\u00edas pod\u00eda tener en un asunto que afecta a la seguridad nacional. La Sala de Gobierno de la Audiencia Nacional afirma: \u201cMar\u00eda Tard\u00f3n no solo no ha interferido en la seguridad nacional con su actuaci\u00f3n jurisdiccional, sino que, antes al contrario, est\u00e1 actuando para la preservaci\u00f3n y defensa del inter\u00e9s general de Espa\u00f1a, dentro del marco del respeto escrupuloso a sus funciones jurisdiccionales\u201d.\n    <\/p>\n<p class=\"article-text\">\n        Informa <strong>Pedro \u00c1gueda <\/strong>\n    <\/p>\n","protected":false},"excerpt":{"rendered":"La Sala de Gobierno de la Audiencia Nacional ha acordado, por unanimidad de sus nueve miembros, expresar su&hellip;\n","protected":false},"author":2,"featured_media":747502,"comment_status":"","ping_status":"","sticky":false,"template":"","format":"standard","meta":{"footnotes":""},"categories":[5],"tags":[517,17,18,4486,4170,2125,25,24,13,14,11,1458,19,20,9,10,15,16,952,23,12,1885,21,22],"class_list":["post-747501","post","type-post","status-publish","format-standard","has-post-thumbnail","category-titulares","tag-actualidad","tag-breaking-news","tag-breakingnews","tag-ceuta","tag-crisis","tag-directo","tag-es","tag-espana","tag-featured-news","tag-featurednews","tag-headlines","tag-hora","tag-latest-news","tag-latestnews","tag-news","tag-noticias","tag-noticias-destacadas","tag-noticiasdestacadas","tag-politica","tag-spain","tag-titulares","tag-ultima","tag-ultimas-noticias","tag-ultimasnoticias"],"share_on_mastodon":{"url":"https:\/\/pubeurope.com\/@es\/117212947797179417","error":""},"_links":{"self":[{"href":"https:\/\/www.europesays.com\/es\/wp-json\/wp\/v2\/posts\/747501","targetHints":{"allow":["GET"]}}],"collection":[{"href":"https:\/\/www.europesays.com\/es\/wp-json\/wp\/v2\/posts"}],"about":[{"href":"https:\/\/www.europesays.com\/es\/wp-json\/wp\/v2\/types\/post"}],"author":[{"embeddable":true,"href":"https:\/\/www.europesays.com\/es\/wp-json\/wp\/v2\/users\/2"}],"replies":[{"embeddable":true,"href":"https:\/\/www.europesays.com\/es\/wp-json\/wp\/v2\/comments?post=747501"}],"version-history":[{"count":0,"href":"https:\/\/www.europesays.com\/es\/wp-json\/wp\/v2\/posts\/747501\/revisions"}],"wp:featuredmedia":[{"embeddable":true,"href":"https:\/\/www.europesays.com\/es\/wp-json\/wp\/v2\/media\/747502"}],"wp:attachment":[{"href":"https:\/\/www.europesays.com\/es\/wp-json\/wp\/v2\/media?parent=747501"}],"wp:term":[{"taxonomy":"category","embeddable":true,"href":"https:\/\/www.europesays.com\/es\/wp-json\/wp\/v2\/categories?post=747501"},{"taxonomy":"post_tag","embeddable":true,"href":"https:\/\/www.europesays.com\/es\/wp-json\/wp\/v2\/tags?post=747501"}],"curies":[{"name":"wp","href":"https:\/\/api.w.org\/{rel}","templated":true}]}}