{"id":747503,"date":"2026-09-04T13:17:16","date_gmt":"2026-09-04T13:17:16","guid":{"rendered":"https:\/\/www.europesays.com\/es\/747503\/"},"modified":"2026-09-04T13:17:16","modified_gmt":"2026-09-04T13:17:16","slug":"john-mcenroe-leyenda-del-tenis-seria-terrible-que-carlos-alcaraz-no-pudiera-volver-a-ser-el-jugador-que-fue","status":"publish","type":"post","link":"https:\/\/www.europesays.com\/es\/747503\/","title":{"rendered":"John McEnroe, leyenda del tenis: \u00abSer\u00eda terrible que Carlos Alcaraz no pudiera volver a ser el jugador que fue\u00bb"},"content":{"rendered":"<p class=\"c-paragraph\">El regreso de<a href=\"https:\/\/www.20minutos.es\/tags\/deportes\/carlos-alcaraz.html\" title=\"Carlos Alcaraz\" rel=\"nofollow noopener\" target=\"_blank\"> Carlos Alcaraz <\/a>era uno de los acontecimientos m\u00e1s esperados en el mundo del tenis. El espa\u00f1ol<b> sum\u00f3 m\u00e1s de cuatro meses fuera de las pistas tras sufrir una dura lesi\u00f3n de mu\u00f1eca<\/b>, que le oblig\u00f3 a perderse hasta un total de siete torneos, incluidos Roland Garros, Wimbledon, el Mutua Madrid Open o el Masters 1000 de Roma, entre otros.\u00a0<\/p>\n<p class=\"c-paragraph\">Tras su vuelta, los grandes protagonistas de este deporte han querido hablar de ello, como es el caso de la leyenda estadounidense <b>John McEnroe<\/b>, que ha asegurado que<b> \u00abser\u00eda terrible\u00bb<\/b> que Alcaraz no recuperase su mejor nivel despu\u00e9s de su lesi\u00f3n.\u00a0<\/p>\n<p class=\"c-paragraph\"><b>\u00abSer\u00eda terrible que no pudiera volver a ser el jugador que fue.<\/b> Si se mantiene en forma, como antes de sufrir la lesi\u00f3n, podr\u00eda ganar al menos 10 torneos importantes m\u00e1s. <b>Mi gran rival, Borg, jug\u00f3 su \u00faltimo partido con 25 a\u00f1os. Eso espero que no le pase a Carlos<\/b>\u00ab, destac\u00f3 el exn\u00famero uno del ranking mundial.<\/p>\n<p class=\"c-paragraph\">Por otro lado, tal y como ha desvelado en m\u00e1s de una ocasi\u00f3n en el pasado, el propio McEnroe dijo que Carlitos es su jugador \u00abfavorito\u00bb: <b>\u00abEspero que Carlos tenga un futuro brillante por delante. Es mi tenista favorito, al igual que lo es para muchos aficionados\u00bb.\u00a0<\/b><\/p>\n<p class=\"c-paragraph\">Por \u00faltimo, puntualiz\u00f3 que tiene \u00abuna personalidad fant\u00e1stica\u00bb, tanto fuera como dentro de pista, y todo el mundo del tenis desea que est\u00e9 bien durante los pr\u00f3ximos a\u00f1os: \u00ab<b>Es incre\u00edble para nuestro deporte y tiene una personalidad fant\u00e1stica. <\/b>Todos esperamos que est\u00e9 bien y que pueda seguir destacando durante al menos otros diez a\u00f1os\u00bb.\u00a0<\/p>\n","protected":false},"excerpt":{"rendered":"El regreso de Carlos Alcaraz era uno de los acontecimientos m\u00e1s esperados en el mundo del tenis. El&hellip;\n","protected":false},"author":2,"featured_media":747504,"comment_status":"","ping_status":"","sticky":false,"template":"","format":"standard","meta":{"footnotes":""},"categories":[274],"tags":[545,168,25,24,23294,23,167,327,326,541],"class_list":["post-747503","post","type-post","status-publish","format-standard","has-post-thumbnail","category-tenis","tag-carlos-alcaraz","tag-deportes","tag-es","tag-espana","tag-john-mcenroe","tag-spain","tag-sports","tag-tenis","tag-tennis","tag-us-open"],"share_on_mastodon":{"url":"https:\/\/pubeurope.com\/@es\/117212967760796421","error":""},"_links":{"self":[{"href":"https:\/\/www.europesays.com\/es\/wp-json\/wp\/v2\/posts\/747503","targetHints":{"allow":["GET"]}}],"collection":[{"href":"https:\/\/www.europesays.com\/es\/wp-json\/wp\/v2\/posts"}],"about":[{"href":"https:\/\/www.europesays.com\/es\/wp-json\/wp\/v2\/types\/post"}],"author":[{"embeddable":true,"href":"https:\/\/www.europesays.com\/es\/wp-json\/wp\/v2\/users\/2"}],"replies":[{"embeddable":true,"href":"https:\/\/www.europesays.com\/es\/wp-json\/wp\/v2\/comments?post=747503"}],"version-history":[{"count":0,"href":"https:\/\/www.europesays.com\/es\/wp-json\/wp\/v2\/posts\/747503\/revisions"}],"wp:featuredmedia":[{"embeddable":true,"href":"https:\/\/www.europesays.com\/es\/wp-json\/wp\/v2\/media\/747504"}],"wp:attachment":[{"href":"https:\/\/www.europesays.com\/es\/wp-json\/wp\/v2\/media?parent=747503"}],"wp:term":[{"taxonomy":"category","embeddable":true,"href":"https:\/\/www.europesays.com\/es\/wp-json\/wp\/v2\/categories?post=747503"},{"taxonomy":"post_tag","embeddable":true,"href":"https:\/\/www.europesays.com\/es\/wp-json\/wp\/v2\/tags?post=747503"}],"curies":[{"name":"wp","href":"https:\/\/api.w.org\/{rel}","templated":true}]}}