{"id":747513,"date":"2026-09-04T13:23:20","date_gmt":"2026-09-04T13:23:20","guid":{"rendered":"https:\/\/www.europesays.com\/es\/747513\/"},"modified":"2026-09-04T13:23:20","modified_gmt":"2026-09-04T13:23:20","slug":"la-fotografa-cubana-laura-capote-lleva-a-mexico-su-mirada-sobre-el-exilio-el-desarraigo-y-el-cuerpo-femenino","status":"publish","type":"post","link":"https:\/\/www.europesays.com\/es\/747513\/","title":{"rendered":"La fot\u00f3grafa cubana Laura Capote lleva a M\u00e9xico su mirada sobre el exilio, el desarraigo y el cuerpo femenino"},"content":{"rendered":"<p>La fot\u00f3grafa cubana <strong>Laura Capote Mercadal<\/strong> inaugur\u00f3 este jueves en el Centro de Artes Visuales de M\u00e9rida, Yucat\u00e1n, su nueva muestra personal titulada <a href=\"https:\/\/rialta.org\/laura-capote-fotografa-cuba-mexico-expolios-habitar-limites\/\" rel=\"nofollow noopener\" target=\"_blank\">Expolios. Habitar los l\u00edmites<\/a>, una docena de im\u00e1genes que explora el desnudo femenino como territorio \u00edntimo frente al paisaje del desarraigo.<\/p>\n<p>La exposici\u00f3n re\u00fane fotograf\u00edas realizadas entre <strong>2019 y 2025<\/strong> en dos escenarios distintos: Cuba y el estado mexicano de Yucat\u00e1n, donde la artista reside actualmente.<\/p>\n<p>El texto curatorial, firmado por el cr\u00edtico de arte <strong>David Mateo<\/strong>, identifica como eje central \u00abla experiencia migratoria del sujeto art\u00edstico\u00bb, aunque ese tr\u00e1nsito no se narra de forma literal sino a trav\u00e9s de \u00abla evoluci\u00f3n de sus procesos conceptuales, aleg\u00f3ricos y est\u00e9ticos\u00bb.<\/p>\n<p>Mateo describe la muestra como articulada en torno a \u00abdos espacios representacionales, aut\u00f3nomos e interdependientes\u00bb: las cinco fotograf\u00edas tomadas en Cuba en 2019 constituyen, seg\u00fan el curador, \u00abuna bit\u00e1cora visual del desarraigo y la despedida\u00bb que \u00abregistran el progresivo distanciamiento emocional respecto de un territorio que todav\u00eda constituye su espacio de pertenencia\u00bb, cit\u00f3 la revista independiente <a href=\"https:\/\/rialta.org\/laura-capote-fotografa-cuba-mexico-expolios-habitar-limites\/\" rel=\"nofollow noopener\" target=\"_blank\">Rialta<\/a>.<\/p>\n<p>Por su parte, las im\u00e1genes realizadas en Yucat\u00e1n expresan el paso de \u00abla mirada viajera\u00bb hacia una \u00abvoluntad de acercamiento, exploraci\u00f3n sensible del contexto ajeno\u00bb.<\/p>\n<p>A lo largo de toda la serie, el cuerpo desnudo de la artista \u2014que se fotograf\u00eda a s\u00ed misma en espacios \u00abderruidos, deshabitados, colindantes, residuales\u00bb\u2014 funciona como el \u00fanico elemento constante.<\/p>\n<p>\u00abEl desnudo constituye el \u00fanico elemento que permanece activo durante todo el proceso de transici\u00f3n\u00bb, escribe Mateo.<\/p>\n<p>\u00abEl cuerpo persiste mientras el paisaje cambia y funciona como una suerte de territorio propio, una especie de patria &#8216;transportable&#8217; desde la cual la artista establece nuevos v\u00ednculos con el entorno\u00bb, se\u00f1ala.<\/p>\n<p><strong>Expolios. Habitar los l\u00edmites<\/strong> es la segunda <strong><a href=\"https:\/\/www.cibercuba.com\/noticias\/2024-12-11-u1-e199894-s27061-nid293574-fotografa-cubana-laura-capote-inaugura-exposicion\" rel=\"nofollow noopener\" target=\"_blank\">exposici\u00f3n personal de Capote Mercadal<\/a><\/strong> en M\u00e9xico.<\/p>\n<p>En diciembre de 2024 present\u00f3 en el mismo Sal\u00f3n Gallos de M\u00e9rida la muestra <a href=\"https:\/\/rialta.org\/tramas-la-fotografa-cubana-laura-capote-mercadal-inaugura-una-exposicion-personal-en-merida-yucatan\/\" rel=\"nofollow noopener\" target=\"_blank\">Tramas<\/a>, su primera muestra personal fuera de Cuba, con diez fotograf\u00edas centradas en la trenza como motivo identitario.<\/p>\n<p>Antes de emigrar, la artista desarroll\u00f3 una extensa trayectoria en la isla desde 2012, con exposiciones en espacios como la F\u00e1brica de Arte Cubano y la Fototeca Hist\u00f3rica de la Oficina del Historiador de la Ciudad.<\/p>\n<p>Actualmente radicada en M\u00e9rida, la artista\u00a0ha desarrollado una s\u00f3lida pr\u00e1ctica fotogr\u00e1fica que explora las intersecciones entre el cuerpo, el paisaje, la memoria, la migraci\u00f3n y la ecolog\u00eda pol\u00edtica.<\/p>\n<p>Su obra fotogr\u00e1fica conecta la experiencia personal con narrativas hist\u00f3ricas y sociales m\u00e1s amplias, que reflexionan\u00a0sobre la identidad y el territorio.<\/p>\n<p>Su creciente trayectoria incluye exposiciones individuales en Cuba y M\u00e9xico, as\u00ed como importantes reconocimientos, entre ellos los <strong>Premios de la Bienal Nacional de Fotograf\u00eda Alfredo Sarabia <\/strong>y el<strong> Premio Artlab 2025 de Galer\u00eda Arte 1010<\/strong>.<\/p>\n<p>Parte de la serie Expolios fue publicada previamente en la revista acad\u00e9mica Latin American Literature Today, lo que ampli\u00f3 el alcance de la obra antes de su presentaci\u00f3n en sala.<\/p>\n<p>M\u00e9rida se ha consolidado en los \u00faltimos a\u00f1os como uno de los principales polos de acogida para <strong><a href=\"https:\/\/www.cibercuba.com\/tags\/artes-visuales-cubanas\" rel=\"nofollow noopener\" target=\"_blank\">artistas cubanos en la di\u00e1spora<\/a><\/strong>, y la trayectoria de Capote Mercadal ilustra c\u00f3mo esa comunidad creativa contin\u00faa produciendo desde el exilio una obra que dialoga directamente con la experiencia de haber dejado la isla.<\/p>\n","protected":false},"excerpt":{"rendered":"La fot\u00f3grafa cubana Laura Capote Mercadal inaugur\u00f3 este jueves en el Centro de Artes Visuales de M\u00e9rida, Yucat\u00e1n,&hellip;\n","protected":false},"author":2,"featured_media":747514,"comment_status":"","ping_status":"","sticky":false,"template":"","format":"standard","meta":{"footnotes":""},"categories":[173],"tags":[229,69332,7542,233,76099,231,230,96907,232,234,146,147,25,24,121571,244,1016,2661,23],"class_list":["post-747513","post","type-post","status-publish","format-standard","has-post-thumbnail","category-arte-y-diseno","tag-arte","tag-arte-cubano","tag-arte-y-cultura","tag-arte-y-diseno","tag-artista-cubana","tag-arts","tag-arts-and-design","tag-cubanos-en-mexico","tag-design","tag-diseno","tag-entertainment","tag-entretenimiento","tag-es","tag-espana","tag-exilio-cubano","tag-fotografia","tag-fotos","tag-internacionales","tag-spain"],"share_on_mastodon":{"url":"https:\/\/pubeurope.com\/@es\/117212991012487166","error":""},"_links":{"self":[{"href":"https:\/\/www.europesays.com\/es\/wp-json\/wp\/v2\/posts\/747513","targetHints":{"allow":["GET"]}}],"collection":[{"href":"https:\/\/www.europesays.com\/es\/wp-json\/wp\/v2\/posts"}],"about":[{"href":"https:\/\/www.europesays.com\/es\/wp-json\/wp\/v2\/types\/post"}],"author":[{"embeddable":true,"href":"https:\/\/www.europesays.com\/es\/wp-json\/wp\/v2\/users\/2"}],"replies":[{"embeddable":true,"href":"https:\/\/www.europesays.com\/es\/wp-json\/wp\/v2\/comments?post=747513"}],"version-history":[{"count":0,"href":"https:\/\/www.europesays.com\/es\/wp-json\/wp\/v2\/posts\/747513\/revisions"}],"wp:featuredmedia":[{"embeddable":true,"href":"https:\/\/www.europesays.com\/es\/wp-json\/wp\/v2\/media\/747514"}],"wp:attachment":[{"href":"https:\/\/www.europesays.com\/es\/wp-json\/wp\/v2\/media?parent=747513"}],"wp:term":[{"taxonomy":"category","embeddable":true,"href":"https:\/\/www.europesays.com\/es\/wp-json\/wp\/v2\/categories?post=747513"},{"taxonomy":"post_tag","embeddable":true,"href":"https:\/\/www.europesays.com\/es\/wp-json\/wp\/v2\/tags?post=747513"}],"curies":[{"name":"wp","href":"https:\/\/api.w.org\/{rel}","templated":true}]}}