{"id":747559,"date":"2026-09-04T13:56:13","date_gmt":"2026-09-04T13:56:13","guid":{"rendered":"https:\/\/www.europesays.com\/es\/747559\/"},"modified":"2026-09-04T13:56:13","modified_gmt":"2026-09-04T13:56:13","slug":"la-economia-estadounidense-anadio-162-000-puestos-de-trabajo-en-agosto-mas-del-doble-de-lo-esperado","status":"publish","type":"post","link":"https:\/\/www.europesays.com\/es\/747559\/","title":{"rendered":"La econom\u00eda estadounidense a\u00f1adi\u00f3 162.000 puestos de trabajo en agosto, m\u00e1s del doble de lo esperado"},"content":{"rendered":"<p>      CNN\u00a0\u2014\u00a0\n    <\/p>\n<p class=\"paragraph inline-placeholder vossi-paragraph\" data-uri=\"es.cms.cnn.com\/_components\/paragraph\/instances\/cmtmz4fiy001q2dql4r8ab956@published\" data-editable=\"text\" data-component-name=\"paragraph\" data-article-gutter=\"true\">\n            La contrataci\u00f3n se dispar\u00f3 en agosto, con la creaci\u00f3n de 162.000 puestos de trabajo en la econom\u00eda estadounidense y una tasa de desempleo que se mantuvo en el 4,1%, seg\u00fan mostraron los nuevos datos publicados el viernes por la Oficina de Estad\u00edsticas Laborales.\n    <\/p>\n<p class=\"paragraph inline-placeholder vossi-paragraph\" data-uri=\"es.cms.cnn.com\/_components\/paragraph\/instances\/cmtmz5thy00043b6sk7idzt4k@published\" data-editable=\"text\" data-component-name=\"paragraph\" data-article-gutter=\"true\">\n            El aumento del empleo en agosto, el mayor desde marzo, representa una fuerte recuperaci\u00f3n con respecto a las cifras de julio, que se revisaron al alza, pasando de una p\u00e9rdida de 23.000 a 21.000 empleos. Las cifras de junio tambi\u00e9n se revisaron al alza, con la creaci\u00f3n de 31.000 puestos de trabajo, frente a la estimaci\u00f3n original de 20.000.\n    <\/p>\n<p class=\"paragraph inline-placeholder vossi-paragraph\" data-uri=\"es.cms.cnn.com\/_components\/paragraph\/instances\/cmtmz5thy00053b6s7lfng85d@published\" data-editable=\"text\" data-component-name=\"paragraph\" data-article-gutter=\"true\">\n            El n\u00famero de empleos creados en agosto super\u00f3 con creces las expectativas de los economistas, quienes hab\u00edan pronosticado un aumento neto de 65.000 empleos el mes anterior y que la tasa de desempleo subir\u00eda al 4,2%.\n    <\/p>\n<p class=\"paragraph inline-placeholder vossi-paragraph\" data-uri=\"es.cms.cnn.com\/_components\/paragraph\/instances\/cmtmz5thy00063b6s0bt5iue7@published\" data-editable=\"text\" data-component-name=\"paragraph\" data-article-gutter=\"true\">\n            El \u00faltimo an\u00e1lisis del mercado laboral muestra que este se mantiene estable a pesar de los crecientes obst\u00e1culos, como el envejecimiento de la poblaci\u00f3n, la r\u00e1pida adopci\u00f3n de la inteligencia artificial, el aumento del precio del petr\u00f3leo, la incertidumbre pol\u00edtica y la guerra con Ir\u00e1n.\n    <\/p>\n<p class=\"paragraph inline-placeholder vossi-paragraph\" data-uri=\"es.cms.cnn.com\/_components\/paragraph\/instances\/cmtmz5thy00073b6s6z2aa5o4@published\" data-editable=\"text\" data-component-name=\"paragraph\" data-article-gutter=\"true\">\n            Sin embargo, el mercado laboral se mantiene en un estado de bajo dinamismo y desequilibrio, con la mayor parte de la creaci\u00f3n de empleo proveniente de un conjunto concentrado de sectores. Esto significa que se trata de un mercado laboral que funciona para algunos, pero no para todos.\n    <\/p>\n<p class=\"paragraph inline-placeholder vossi-paragraph\" data-uri=\"es.cms.cnn.com\/_components\/paragraph\/instances\/cmtmz5thy00083b6sbhn5yjsx@published\" data-editable=\"text\" data-component-name=\"paragraph\" data-article-gutter=\"true\">\n            Sectores como la sanidad y la asistencia social (+28.400) continuaron generando empleo, mientras que la educaci\u00f3n p\u00fablica local (+41.900 empleos) revirti\u00f3 la importante ca\u00edda de julio (-57.500).\n    <\/p>\n<p class=\"paragraph inline-placeholder vossi-paragraph\" data-uri=\"es.cms.cnn.com\/_components\/paragraph\/instances\/cmtmz5thy00093b6sxkntjz1h@published\" data-editable=\"text\" data-component-name=\"paragraph\" data-article-gutter=\"true\">\n            Uno de los sectores que m\u00e1s empleo gener\u00f3 este mes fue el de ocio y hosteler\u00eda, que a\u00f1adi\u00f3 62.000 puestos de trabajo, la mayor\u00eda en restaurantes y bares (59.200).\n    <\/p>\n<p class=\"paragraph inline-placeholder vossi-paragraph\" data-uri=\"es.cms.cnn.com\/_components\/paragraph\/instances\/cmtmz5thz000a3b6sah6p02qy@published\" data-editable=\"text\" data-component-name=\"paragraph\" data-article-gutter=\"true\">\n            El rendimiento de los bonos del Tesoro a dos a\u00f1os subi\u00f3 tras la publicaci\u00f3n de los datos, reflejando las crecientes expectativas de que la Reserva Federal tenga margen para aumentar los tipos de inter\u00e9s en su reuni\u00f3n de pol\u00edtica monetaria a finales de este mes. El rendimiento de los bonos a 10 a\u00f1os tambi\u00e9n subi\u00f3 ligeramente.\n    <\/p>\n<p class=\"paragraph inline-placeholder vossi-paragraph\" data-uri=\"es.cms.cnn.com\/_components\/paragraph\/instances\/cmtmz5thz000b3b6su2nwjkkk@published\" data-editable=\"text\" data-component-name=\"paragraph\" data-article-gutter=\"true\">\n            Los futuros burs\u00e1tiles mostraron un comportamiento mixto: los futuros del Dow Jones cayeron 150 puntos, un 0,28%, mientras que los del S&amp;P 500 bajaron un 0,2%. Mientras tanto, los futuros del Nasdaq 100 subieron un 0,15%.\n    <\/p>\n","protected":false},"excerpt":{"rendered":"CNN\u00a0\u2014\u00a0 La contrataci\u00f3n se dispar\u00f3 en agosto, con la creaci\u00f3n de 162.000 puestos de trabajo en la econom\u00eda&hellip;\n","protected":false},"author":2,"featured_media":747560,"comment_status":"","ping_status":"","sticky":false,"template":"","format":"standard","meta":{"footnotes":""},"categories":[80],"tags":[82,95,94,5509,25,24,23],"class_list":["post-747559","post","type-post","status-publish","format-standard","has-post-thumbnail","category-economia","tag-business","tag-economia","tag-economy","tag-empleo","tag-es","tag-espana","tag-spain"],"share_on_mastodon":{"url":"https:\/\/pubeurope.com\/@es\/117213120855568726","error":""},"_links":{"self":[{"href":"https:\/\/www.europesays.com\/es\/wp-json\/wp\/v2\/posts\/747559","targetHints":{"allow":["GET"]}}],"collection":[{"href":"https:\/\/www.europesays.com\/es\/wp-json\/wp\/v2\/posts"}],"about":[{"href":"https:\/\/www.europesays.com\/es\/wp-json\/wp\/v2\/types\/post"}],"author":[{"embeddable":true,"href":"https:\/\/www.europesays.com\/es\/wp-json\/wp\/v2\/users\/2"}],"replies":[{"embeddable":true,"href":"https:\/\/www.europesays.com\/es\/wp-json\/wp\/v2\/comments?post=747559"}],"version-history":[{"count":0,"href":"https:\/\/www.europesays.com\/es\/wp-json\/wp\/v2\/posts\/747559\/revisions"}],"wp:featuredmedia":[{"embeddable":true,"href":"https:\/\/www.europesays.com\/es\/wp-json\/wp\/v2\/media\/747560"}],"wp:attachment":[{"href":"https:\/\/www.europesays.com\/es\/wp-json\/wp\/v2\/media?parent=747559"}],"wp:term":[{"taxonomy":"category","embeddable":true,"href":"https:\/\/www.europesays.com\/es\/wp-json\/wp\/v2\/categories?post=747559"},{"taxonomy":"post_tag","embeddable":true,"href":"https:\/\/www.europesays.com\/es\/wp-json\/wp\/v2\/tags?post=747559"}],"curies":[{"name":"wp","href":"https:\/\/api.w.org\/{rel}","templated":true}]}}