{"id":747567,"date":"2026-09-04T14:05:27","date_gmt":"2026-09-04T14:05:27","guid":{"rendered":"https:\/\/www.europesays.com\/es\/747567\/"},"modified":"2026-09-04T14:05:27","modified_gmt":"2026-09-04T14:05:27","slug":"zigoitia-euskaraz-regresa-a-las-canteras-de-murua-el-dia-13","status":"publish","type":"post","link":"https:\/\/www.europesays.com\/es\/747567\/","title":{"rendered":"Zigoitia Euskaraz regresa a las canteras de Murua el d\u00eda 13"},"content":{"rendered":"<p>\n        <strong>El municipio de <\/strong><a href=\"https:\/\/www.noticiasdealava.eus\/gorbeialdea\/zigoitia\/\" title=\"Zigoitia\" target=\"_blank\" class=\"link copy\" rel=\"nofollow noopener\"><strong>Zigoitia<\/strong><\/a><strong>, en <\/strong><a href=\"https:\/\/www.noticiasdealava.eus\/tags\/gorbeialdea\/\" title=\"Gorbeialdea\" rel=\"nofollow noopener\" target=\"_blank\" class=\"link copy\"><strong>Gorbeialdea<\/strong><\/a>, ya tiene todo preparado para celebrar esa ya habitual cita en las<strong> canteras de Murua<\/strong>, que tiene por objeto <strong>afianzar los lazos de la comunidad<\/strong> en torno a una jornada impregnada de <strong>cultura euskaldun<\/strong>.\n<\/p>\n<p class=\"article-body__text \">\n        Se trata del <strong>Zigoitia Euskaraz <\/strong>y tendr\u00e1 lugar el <strong>13 de septiembre<\/strong>, aunque ya <strong>este fin de semana se podr\u00e1n calentar motores con otras dos intensas jornadas<\/strong> entregadas a la misma causa. As\u00ed, <strong>a las 16.30 de este s\u00e1bado partir\u00e1 de Berrikano una marcha circular en bicicleta<\/strong> de 12,4 kil\u00f3metros, que <strong>pasar\u00e1 por Buruaga, Eribe, Zestafe, Acosta y Gopegi,<\/strong> y para la que es obligatorio usar casco.\n<\/p>\n<p>            <a href=\"https:\/\/www.noticiasdealava.eus\/alava\/2025\/07\/10\/gorbeialdea-pone-potencial-turistico-zigoitia-9861653.html\" title=\"Gorbeialdea pone en valor el potencial tur\u00edstico de Zigoitia\" class=\"new__media\" rel=\"nofollow noopener\" target=\"_blank\"><\/p>\n<p>                <img alt=\"Gorbeialdea pone en valor el potencial tur\u00edstico de Zigoitia\" data-src=\"https:\/\/www.europesays.com\/es\/wp-content\/uploads\/2026\/09\/ea5f0c6f-8850-405b-9a5e-020201851946_16-9-aspect-ratio_default_0_x1431y1944.jpg\" class=\"lozad\"\/><\/p>\n<p>        <\/a><\/p>\n<p>        <a href=\"https:\/\/www.noticiasdealava.eus\/alava\/2025\/07\/10\/gorbeialdea-pone-potencial-turistico-zigoitia-9861653.html\" title=\"Gorbeialdea pone en valor el potencial tur\u00edstico de Zigoitia\" class=\"new__headline\" rel=\"nofollow noopener\" target=\"_blank\"><br \/>\n            Gorbeialdea pone en valor el potencial tur\u00edstico de Zigoitia<br \/>\n        <\/a><\/p>\n<p class=\"article-body__text \">\n        A la llegada, a eso de las 18.00 horas, <strong>habr\u00e1 merienda<\/strong>, para seguir con un <strong>taller circense<\/strong> de la mano de Bapatean Zirko, <strong>parrillada y bailables con Patxi eta Konpainia<\/strong>.\n<\/p>\n<p class=\"article-body__text \">\n        El <strong>domingo 6 de septiembre, a las 11.00, se llevar\u00e1 a cabo la visita guiada desde Sarragoa, a cargo de la<\/strong><a href=\"https:\/\/www.abadelaueta.com\/\" title=\"asociaci\u00f3n etnogr\u00e1fica Abadelaueta\" rel=\"nofollow noopener\" target=\"_blank\" class=\"link copy\"> asociaci\u00f3n etnogr\u00e1fica Abadelaueta<\/a>, \u201cLa Hermandad de Zigoitia y su sede, la ermita de Santa Luc\u00eda. La historia de Zigoitia\u201d. A su t\u00e9rmino, <strong>la coral Mairu actuar\u00e1 en la iglesia de Ondategi<\/strong>, seguido de un<strong> lunch<\/strong>.\u00a0\n<\/p>\n<p>  Jornada central\u00a0\u00a0<\/p>\n<p class=\"article-body__text \">\n        Ya el <strong>domingo 13<\/strong>, como dicta la tradici\u00f3n,<strong> las canteras de Murua (o el front\u00f3n de Bengolarra si llueve) acoger\u00e1n el Zigoitia Euskaraz Eguna<\/strong>, que arrancar\u00e1 a las 14.00 horas con un <strong>recital de danzas vascas a cargo de Oketa Alai<\/strong>, previo a la <strong>paellada popular<\/strong>. Los tickets (al precio de 16 euros para adultos y de 10 para menores) est\u00e1n ya a la venta en el centro socio cultural de Zigoitia. <strong>En la sobremesa llegar\u00e1 la hora de danzar con los dulzaineros de Jare y Joxe Mendizabal.<\/strong>\n<\/p>\n<p class=\"article-body__text \">\n        El <strong>acceso con veh\u00edculos al m\u00edtico enclave<\/strong> <strong>estar\u00e1 limitado<\/strong>, por lo que el Ayuntamiento recomienda ir un m\u00ednimo de cuatro personas por coche. \u201cCuando el aforo se llene no se permitir\u00e1 entrar a m\u00e1s veh\u00edculos\u201d, han advertido.\n<\/p>\n<p class=\"article-body__text \">\n        No en vano, <strong>las viejas canteras de Murua<\/strong>, reconvertidas en zona de esparcimiento con mesa y bancos, est\u00e1n a 3 kil\u00f3metros del citado concejo y <strong>son uno de los principales puntos de partida en \u00c1lava para subir a la cima de Gorbea o acercarse a las cuevas de Mairuelegorreta<\/strong>, a tan solo 2,6 kil\u00f3metros de distancia.<\/p>\n","protected":false},"excerpt":{"rendered":"El municipio de Zigoitia, en Gorbeialdea, ya tiene todo preparado para celebrar esa ya habitual cita en las&hellip;\n","protected":false},"author":2,"featured_media":747568,"comment_status":"","ping_status":"","sticky":false,"template":"","format":"standard","meta":{"footnotes":""},"categories":[273],"tags":[13078,313,312,168,25,24,132732,36215,2902,23,167,123297],"class_list":["post-747567","post","type-post","status-publish","format-standard","has-post-thumbnail","category-ciclismo","tag-canteras","tag-ciclismo","tag-cycling","tag-deportes","tag-es","tag-espana","tag-euskaraz","tag-murua","tag-regresa","tag-spain","tag-sports","tag-zigoitia"],"share_on_mastodon":{"url":"https:\/\/pubeurope.com\/@es\/117213156041537183","error":""},"_links":{"self":[{"href":"https:\/\/www.europesays.com\/es\/wp-json\/wp\/v2\/posts\/747567","targetHints":{"allow":["GET"]}}],"collection":[{"href":"https:\/\/www.europesays.com\/es\/wp-json\/wp\/v2\/posts"}],"about":[{"href":"https:\/\/www.europesays.com\/es\/wp-json\/wp\/v2\/types\/post"}],"author":[{"embeddable":true,"href":"https:\/\/www.europesays.com\/es\/wp-json\/wp\/v2\/users\/2"}],"replies":[{"embeddable":true,"href":"https:\/\/www.europesays.com\/es\/wp-json\/wp\/v2\/comments?post=747567"}],"version-history":[{"count":0,"href":"https:\/\/www.europesays.com\/es\/wp-json\/wp\/v2\/posts\/747567\/revisions"}],"wp:featuredmedia":[{"embeddable":true,"href":"https:\/\/www.europesays.com\/es\/wp-json\/wp\/v2\/media\/747568"}],"wp:attachment":[{"href":"https:\/\/www.europesays.com\/es\/wp-json\/wp\/v2\/media?parent=747567"}],"wp:term":[{"taxonomy":"category","embeddable":true,"href":"https:\/\/www.europesays.com\/es\/wp-json\/wp\/v2\/categories?post=747567"},{"taxonomy":"post_tag","embeddable":true,"href":"https:\/\/www.europesays.com\/es\/wp-json\/wp\/v2\/tags?post=747567"}],"curies":[{"name":"wp","href":"https:\/\/api.w.org\/{rel}","templated":true}]}}