{"id":747597,"date":"2026-09-04T14:31:18","date_gmt":"2026-09-04T14:31:18","guid":{"rendered":"https:\/\/www.europesays.com\/es\/747597\/"},"modified":"2026-09-04T14:31:18","modified_gmt":"2026-09-04T14:31:18","slug":"iu-martinez-el-extremo-tapado-que-llamo-hansi-flick-para-entrenar-en-el-barca","status":"publish","type":"post","link":"https:\/\/www.europesays.com\/es\/747597\/","title":{"rendered":"Iu Mart\u00ednez, el extremo &#8216;tapado&#8217; que llam\u00f3 Hansi Flick para entrenar en el Bar\u00e7a"},"content":{"rendered":"<p class=\"ft-text\">El <strong>contratiempo de Jesse Bisiwu ha &#8216;alterado&#8217; un poco los planes de Hansi Flick<\/strong> en los entrenamientos a corto plazo. <a class=\"ft-link ft-link--decoration\" href=\"https:\/\/www.sport.es\/es\/noticias\/barca\/lesion-bisiwu-buenas-noticias-barca-133902871\" rel=\"nofollow noopener\" target=\"_blank\">Ya adelantamos ayer en SPORT<\/a> que el extremo belga finalmente no ten\u00eda ninguna lesi\u00f3n grave tras sufrir una entrada escalofriante en la final de la Copa Catalunya frente al Sabadell, pero deber\u00e1 hacer reposo unos d\u00edas.<\/p>\n<p><img decoding=\"async\" src=\"https:\/\/www.europesays.com\/es\/wp-content\/uploads\/2026\/09\/1788532276_864_113715d5-0684-432c-983e-22cf68412736_alta-libre-aspect-ratio_default_0_x754y666.jpg\" width=\"1200\" height=\"1592\" alt=\"Rafael Yuste se interes\u00f3 por el estado de Bisiwu nada m\u00e1s acabar el partido ante el Sabadell\" class=\"ft-helper-img-rd\" loading=\"lazy\" fetchpriority=\"auto\"\/><\/p>\n<p class=\"ft-helper-fontColor-quaternary ft-helper-fontSize-body-S ft-helper-spacer-t-xxs\">Rafael Yuste se interes\u00f3 por el estado de Bisiwu nada m\u00e1s acabar el partido ante el Sabadell  \/ Valent\u00ed Enrich \/ SPO<\/p>\n<p class=\"ft-text\">El extremo de origen ghan\u00e9s, que todav\u00eda no tiene el OK burocr\u00e1tico para jugar con el primer equipo, es un habitual en las sesiones con Flick. Lleg\u00f3 este verano para estar en din\u00e1mica de primera plantilla y ser\u00e1 inscrito con ficha del filial para poder ir disputando minutos a las \u00f3rdenes de Belletti cuando no los disponga con los &#8216;mayores&#8217;. <\/p>\n<p class=\"ft-text\">Sin Bisiwu estos d\u00edas para completar los entrenamientos, Flick ha llamado este jueves y viernes para entrenar a Iu Mart\u00ednez. El del jueves fue<strong> un entrenamiento con mucha carga a nivel f\u00edsico y que termin\u00f3 con simulacro de partido con equipos de 11 futbolistas. <\/strong><\/p>\n<p class=\"ft-text\">En la sesi\u00f3n de este viernes repitieron con el grupo <strong>Gavi, Rodri y Gabriel Jesus<\/strong>. El centrocampista podr\u00eda estrenar titularidad ante el Valencia, mientras que el brasile\u00f1o va a buen ritmo. Ambos completaron por primera vez la sesi\u00f3n y apuntan a la lista en Mestalla.<\/p>\n<p>Un extremo de lucha y garra<\/p>\n<p class=\"ft-text\">Iu, del 2009 (como Orian Goren) es un extremo encarador, con ese sello ADN Masia que adem\u00e1s le da ese plus en las asociaciones. Pero, sobre todo, es garra, lucha, pasi\u00f3n. La generaci\u00f3n del 2009 es una de las m\u00e1s prometedoras de la cantera del Bar\u00e7a. <strong>Jugadores como el propio Goren, Isma Ziani, Ra\u00fal Exp\u00f3sito, Byron Mendoza Michal Zuk o Roberto Tom\u00e1s son jugadores se\u00f1alados <\/strong>en verde como aspirantes a cracks de futuro.<\/p>\n<p><img decoding=\"async\" src=\"https:\/\/www.europesays.com\/es\/wp-content\/uploads\/2026\/09\/6ecbf69e-7940-49bd-93df-f531f24e4b95_alta-libre-aspect-ratio_default_0_x600y225.jpg\" width=\"1200\" height=\"675\" alt=\"Ebrima Tunkara se abraz\u00f3 con Iu Mart\u00ednez\" class=\"ft-helper-img-rd\" loading=\"lazy\" fetchpriority=\"auto\"\/><\/p>\n<p class=\"ft-helper-fontColor-quaternary ft-helper-fontSize-body-S ft-helper-spacer-t-xxs\">Ebrima Tunkara se abraza con Iu Mart\u00ednez  \/ FCB<\/p>\n<p class=\"ft-text\"><strong>El de Suria es un jugador que lo da todo en el campo y que es un puntal en el vestuario<\/strong>. Aureli Altimira y Albert Puig Alcaide lo ficharon del Gimn\u00e0stic de Manresa cuando era benjam\u00edn y el tiempo les ha dado la raz\u00f3n.<\/p>\n<p>De centrocampista a extremo<\/p>\n<p class=\"ft-text\">Iu Mart\u00ednez empez\u00f3 jugando de centrocampista y formando un d\u00fao muy especial con Michal Zuk. Los dos eran rubios y con el pelo largo y mientras el de Blanes destacaba por su toque m\u00e1gico, Iu aportaba trabajo, intensidad, profundidad y gol.<\/p>\n<p><img decoding=\"async\" src=\"https:\/\/www.europesays.com\/es\/wp-content\/uploads\/2026\/09\/0f3a67d8-53a9-483e-9859-d0d2c379be56_alta-libre-aspect-ratio_default_0_x600y225.jpg\" width=\"1200\" height=\"675\" alt=\"Iu Mart\u00ednez es un '11' puro\" class=\"ft-helper-img-rd\" loading=\"lazy\" fetchpriority=\"auto\"\/><\/p>\n<p class=\"ft-helper-fontColor-quaternary ft-helper-fontSize-body-S ft-helper-spacer-t-xxs\">Iu Mart\u00ednez es un &#8217;11&#8217; puro  \/ Valent\u00ed Enrich<\/p>\n<p class=\"ft-text\">Con el salto al f\u00fatbol-11 Iu se adapt\u00f3 a la demarcaci\u00f3n de extremo en la que aporta un conocimiento del juego muy especial. El jugador del cadete A es un &#8216;enfermo&#8217; de f\u00fatbol y siempre que puede mira partidos de todas las categor\u00edas. <strong>Iu es un cul\u00e9 de coraz\u00f3n que vio con su hermano gemelo y el resto de su familia la final de la Supercopa con la camiseta del Bar\u00e7a puesta<\/strong>.<\/p>\n<p>Estrella del Mundialito de Clubes<\/p>\n<p class=\"ft-text\">El verano pasado fue la gran estrella azulgrana en el Mundialito de Clubes, esta competici\u00f3n en la que participan equipos de todo el planeta. El Juvenil B azulgrana gan\u00f3 la final a Racing de Avellaneda y el extremo de Suria se sali\u00f3. <\/p>\n<p class=\"ft-text\">El objetivo del jugador para este curso es ser una pieza importante en el Juvenil A de Pol Planas, tanto en competiciones dom\u00e9sticas como en la Youth League. Y, por qu\u00e9 no, ir haciendo incursiones con el filial de Belletti. <\/p>\n","protected":false},"excerpt":{"rendered":"El contratiempo de Jesse Bisiwu ha &#8216;alterado&#8217; un poco los planes de Hansi Flick en los entrenamientos a&hellip;\n","protected":false},"author":2,"featured_media":747598,"comment_status":"","ping_status":"","sticky":false,"template":"","format":"standard","meta":{"footnotes":""},"categories":[268],"tags":[168,25,24,8868,280,282,48262,5163,825,281,23,167,28527],"class_list":["post-747597","post","type-post","status-publish","format-standard","has-post-thumbnail","category-futbol","tag-deportes","tag-es","tag-espana","tag-extremo","tag-football","tag-futbol","tag-iu","tag-llamo","tag-martinez","tag-soccer","tag-spain","tag-sports","tag-tapado"],"share_on_mastodon":{"url":"https:\/\/pubeurope.com\/@es\/117213258742064625","error":""},"_links":{"self":[{"href":"https:\/\/www.europesays.com\/es\/wp-json\/wp\/v2\/posts\/747597","targetHints":{"allow":["GET"]}}],"collection":[{"href":"https:\/\/www.europesays.com\/es\/wp-json\/wp\/v2\/posts"}],"about":[{"href":"https:\/\/www.europesays.com\/es\/wp-json\/wp\/v2\/types\/post"}],"author":[{"embeddable":true,"href":"https:\/\/www.europesays.com\/es\/wp-json\/wp\/v2\/users\/2"}],"replies":[{"embeddable":true,"href":"https:\/\/www.europesays.com\/es\/wp-json\/wp\/v2\/comments?post=747597"}],"version-history":[{"count":0,"href":"https:\/\/www.europesays.com\/es\/wp-json\/wp\/v2\/posts\/747597\/revisions"}],"wp:featuredmedia":[{"embeddable":true,"href":"https:\/\/www.europesays.com\/es\/wp-json\/wp\/v2\/media\/747598"}],"wp:attachment":[{"href":"https:\/\/www.europesays.com\/es\/wp-json\/wp\/v2\/media?parent=747597"}],"wp:term":[{"taxonomy":"category","embeddable":true,"href":"https:\/\/www.europesays.com\/es\/wp-json\/wp\/v2\/categories?post=747597"},{"taxonomy":"post_tag","embeddable":true,"href":"https:\/\/www.europesays.com\/es\/wp-json\/wp\/v2\/tags?post=747597"}],"curies":[{"name":"wp","href":"https:\/\/api.w.org\/{rel}","templated":true}]}}