{"id":7476,"date":"2025-07-27T17:36:08","date_gmt":"2025-07-27T17:36:08","guid":{"rendered":"https:\/\/www.europesays.com\/es\/7476\/"},"modified":"2025-07-27T17:36:08","modified_gmt":"2025-07-27T17:36:08","slug":"toros-para-todos-la-espectacular-faena-de-borja-jimenez-se-lleva-nuestro-orobroy","status":"publish","type":"post","link":"https:\/\/www.europesays.com\/es\/7476\/","title":{"rendered":"Toros para todos | La espectacular faena de Borja Jim\u00e9nez se lleva nuestro Orobroy"},"content":{"rendered":"<p>Y es que<strong> Borja Jim\u00e9nez<\/strong> no para de cosechar triunfos. En esta ocasi\u00f3n ha sido en la <strong>Feria de La L\u00ednea de la Concepci\u00f3n<\/strong>, en C\u00e1diz. El torero ha sorprendido al p\u00fablico con su arte y maestr\u00eda delante del toro.<\/p>\n<p>A Borja se le nota <strong>\u00abel hambre de triunfo\u00bb<\/strong> en cada pase, por ello, saca el m\u00e1ximo partido al toro que tiene delante, que en esta ocasi\u00f3n es de la <strong>Ganader\u00eda Jandilla.<\/strong>\u00a0<\/p>\n<p>Una faena que ha puesto al p\u00fablico en pie.<strong> \u00a1No te lo pierdas!<\/strong><\/p>\n","protected":false},"excerpt":{"rendered":"Y es que Borja Jim\u00e9nez no para de cosechar triunfos. En esta ocasi\u00f3n ha sido en la Feria&hellip;\n","protected":false},"author":2,"featured_media":7477,"comment_status":"","ping_status":"","sticky":false,"template":"","format":"standard","meta":{"footnotes":""},"categories":[277],"tags":[5863,373,2193,1569,168,5640,25,24,5864,23,167,625,374,5641,5639],"class_list":{"0":"post-7476","1":"post","2":"type-post","3":"status-publish","4":"format-standard","5":"has-post-thumbnail","7":"category-toreo","8":"tag-borja-jimenez","9":"tag-bullfighting","10":"tag-cadiz","11":"tag-corrida","12":"tag-deportes","13":"tag-enrique-romero","14":"tag-es","15":"tag-espana","16":"tag-la-linea-de-la-concepcion","17":"tag-spain","18":"tag-sports","19":"tag-tauromaquia","20":"tag-toreo","21":"tag-toro-bravo","22":"tag-toros-para-todos"},"share_on_mastodon":{"url":"","error":""},"_links":{"self":[{"href":"https:\/\/www.europesays.com\/es\/wp-json\/wp\/v2\/posts\/7476","targetHints":{"allow":["GET"]}}],"collection":[{"href":"https:\/\/www.europesays.com\/es\/wp-json\/wp\/v2\/posts"}],"about":[{"href":"https:\/\/www.europesays.com\/es\/wp-json\/wp\/v2\/types\/post"}],"author":[{"embeddable":true,"href":"https:\/\/www.europesays.com\/es\/wp-json\/wp\/v2\/users\/2"}],"replies":[{"embeddable":true,"href":"https:\/\/www.europesays.com\/es\/wp-json\/wp\/v2\/comments?post=7476"}],"version-history":[{"count":0,"href":"https:\/\/www.europesays.com\/es\/wp-json\/wp\/v2\/posts\/7476\/revisions"}],"wp:featuredmedia":[{"embeddable":true,"href":"https:\/\/www.europesays.com\/es\/wp-json\/wp\/v2\/media\/7477"}],"wp:attachment":[{"href":"https:\/\/www.europesays.com\/es\/wp-json\/wp\/v2\/media?parent=7476"}],"wp:term":[{"taxonomy":"category","embeddable":true,"href":"https:\/\/www.europesays.com\/es\/wp-json\/wp\/v2\/categories?post=7476"},{"taxonomy":"post_tag","embeddable":true,"href":"https:\/\/www.europesays.com\/es\/wp-json\/wp\/v2\/tags?post=7476"}],"curies":[{"name":"wp","href":"https:\/\/api.w.org\/{rel}","templated":true}]}}