{"id":747617,"date":"2026-09-04T14:42:14","date_gmt":"2026-09-04T14:42:14","guid":{"rendered":"https:\/\/www.europesays.com\/es\/747617\/"},"modified":"2026-09-04T14:42:14","modified_gmt":"2026-09-04T14:42:14","slug":"precio-de-la-luz-hoy-4-de-septiembre-cuales-son-las-horas-mas-baratas-y-caras-del-dia-expansion","status":"publish","type":"post","link":"https:\/\/www.europesays.com\/es\/747617\/","title":{"rendered":"Precio de la luz hoy, 4 de septiembre: cu\u00e1les son las horas m\u00e1s baratas y caras del d\u00eda &#8211; Expansi\u00f3n"},"content":{"rendered":"<ol>\n<li><a href=\"https:\/\/news.google.com\/rss\/articles\/CBMiiwFBVV95cUxOWGd2R3VIWXZGOEViM0pHcWwwd0toRjBjb2JqTFgxS1FpYmRycnY5eE56RHczTWdDb2xmT1Nua3BLdmhodVk3ZnI2TzJUZmk1TDJNWG45dEIyZWduTGVVVHZmOVRralJjX0lLbG5SaTFaZWc4X2hKNHM4aW1KcU1sbDhmZVhEb2J0c3Bn0gGLAUFVX3lxTE1OM19SSm5iOFd0cHVnSHRQYzNHZDRRSUYxakE4Wl90NnJ0OF9OUHJfek9VcFRhSks4UEhYNGE0RkJIcnJ0RGZvWkExTFMxVEllTTFSTFZVTjNaeHJ6Rm5EYzc2eVNPLU90eUlXQVlkWi1qTHkyY1NOMDRBRl91LTk0RkFBc3lFMVJXd28?oc=5\" target=\"_blank\" rel=\"nofollow noopener\">Precio de la luz hoy, 4 de septiembre: cu\u00e1les son las horas m\u00e1s baratas y caras del d\u00eda<\/a>&nbsp;&nbsp;Expansi\u00f3n<\/li>\n<li><a href=\"https:\/\/news.google.com\/rss\/articles\/CBMitwFBVV95cUxNVnV3azRjb0pNWnQyZ1JLR3QwOTRsNlNadWxVazVYdGJrSWxLNm9ybGNSQWx6VHEyd3gxSGRUWVVPdnpTb3JFOHJlZlhtWHhaMXZINE9qcEw2SDhzM2dmdnRVcmlpRGxweVVMNVRBS1Bvb2c5bFB0a3ZuTElGSVpGOV9IemVZRkJJd0lYMlBEU0V0OTNVdzJNcVA1RmU5Z1RrRy1TbzV6dDhhR28zNFZfX1E0d0hMcjA?oc=5\" target=\"_blank\" rel=\"nofollow noopener\">Precio de la luz hoy viernes 04 de septiembre de 2026: \u00bfA qu\u00e9 hora es m\u00e1s barata?<\/a>&nbsp;&nbsp;Diario Sur<\/li>\n<li><a href=\"https:\/\/news.google.com\/rss\/articles\/CBMiqgFBVV95cUxQWkdkeXpyTnhSMFpuaExJVDhEWkFjUFZpdGpVa2JKOHlZRDREODk4NndtWlV1X2VLbjRGX1VZaFJ4UXBoaEdsTFhELVNhNC1JSHQxNEc2ZW5oLTFtNDVRaDdXZWpZQktCU085Ymxrd3BrQ0g3aEIwREVfaXFOTm52MEt4QUd4dkRaVTdILWctejVBWlp4d19Tb1ZUUjhGZ3REOTdDX2VCY2JYQQ?oc=5\" target=\"_blank\" rel=\"nofollow noopener\">El precio de la luz cambia este viernes: las horas m\u00e1s baratas y m\u00e1s caras para encender los electrodom\u00e9sticos<\/a>&nbsp;&nbsp;Las Provincias<\/li>\n<li><a href=\"https:\/\/news.google.com\/rss\/articles\/CBMi1gFBVV95cUxOaV83SEk1aGcteGpEbEZSdmRZc09GbThyNVRzY1ZIVnRwTHBqYzl0T0NlQnF1dUNUOUpkbHpNYjU1QXlZYjV0cjBfdnl5UjBDWHBZWHI5WVdjT1Y4ZmJmZUNrXzhYdGtnR3lxQVFOSkg5dVEwX3EzV3RFOUdJams2djdrV3lCWlRqZ0pZdTBQaUIzZnMzUks5UnpDMHRXdENSd2pBNU5jQ0xiX3A5TlBSSTBIcDhPem1JNl9xQXZTbHBVTjExU1R2LWZQR3FFVHd6S0ROMEJR0gHjAUFVX3lxTE5XS0RCMG44UW04UjNKYU8yVkdOcDdpWS1UYUR4ZzFfU1RYNEhxVUJOTjk2OXU3NGotNHFMMnpDdXR4OUZ4cEhfQnlaTFM3Zk9LbkE1U0dJV1Y5bjVZcmlMdUNKZHZrM3Y5eWdBbTM3eE9wd1htTFZqV0VCZ3E5bjRWYmpzLXJxRFBkaHhnRFFHZy1saFpCbjhlc2wwSmR1ME80c1dubzdWOVRaZnZFcUpDdWdIejdHTW5vLXRfMkJOWGtVM1Z6SXZyMU1mZTlpS1NzQXMwaXpxS3dtaDNIUlJVMW5F?oc=5\" target=\"_blank\" rel=\"nofollow noopener\">Precio de la luz hoy viernes 4 de septiembre por franjas y tramos: \u00bfCu\u00e1ndo es m\u00e1s barata?<\/a>&nbsp;&nbsp;Mundo Deportivo<\/li>\n<li><a href=\"https:\/\/news.google.com\/rss\/articles\/CBMiY0FVX3lxTFB3Y1ZnaXF3MmNVS2UwUXpsbXYtYnNkZ1ZkMXRBMzFBV1ZlQ3ZzWFMxRV9LU3djNGx4SFpuRFRtTnM0Tk92aThlQ3o2RzluSUpsbjhYV2VFMnMzZWRUQ3gwNWQ3OA?oc=5\" target=\"_blank\" rel=\"nofollow noopener\">El precio de la luz ser\u00e1 m\u00e1s caro este viernes 4 de septiembre: franjas horarias para planificar tu consumo<\/a>&nbsp;&nbsp;TarifaLuzHora<\/li>\n<\/ol>\n","protected":false},"excerpt":{"rendered":"Precio de la luz hoy, 4 de septiembre: cu\u00e1les son las horas m\u00e1s baratas y caras del d\u00eda&nbsp;&nbsp;Expansi\u00f3n&hellip;\n","protected":false},"author":2,"featured_media":747618,"comment_status":"","ping_status":"","sticky":false,"template":"","format":"standard","meta":{"footnotes":""},"categories":[80],"tags":[82,95,94,61012,5220,25,24,28360,4027,24594,23],"class_list":["post-747617","post","type-post","status-publish","format-standard","has-post-thumbnail","category-economia","tag-business","tag-economia","tag-economy","tag-empresas-energia","tag-energia","tag-es","tag-espana","tag-factura-luz","tag-narrativa","tag-nea","tag-spain"],"share_on_mastodon":{"url":"https:\/\/pubeurope.com\/@es\/117213301656563614","error":""},"_links":{"self":[{"href":"https:\/\/www.europesays.com\/es\/wp-json\/wp\/v2\/posts\/747617","targetHints":{"allow":["GET"]}}],"collection":[{"href":"https:\/\/www.europesays.com\/es\/wp-json\/wp\/v2\/posts"}],"about":[{"href":"https:\/\/www.europesays.com\/es\/wp-json\/wp\/v2\/types\/post"}],"author":[{"embeddable":true,"href":"https:\/\/www.europesays.com\/es\/wp-json\/wp\/v2\/users\/2"}],"replies":[{"embeddable":true,"href":"https:\/\/www.europesays.com\/es\/wp-json\/wp\/v2\/comments?post=747617"}],"version-history":[{"count":0,"href":"https:\/\/www.europesays.com\/es\/wp-json\/wp\/v2\/posts\/747617\/revisions"}],"wp:featuredmedia":[{"embeddable":true,"href":"https:\/\/www.europesays.com\/es\/wp-json\/wp\/v2\/media\/747618"}],"wp:attachment":[{"href":"https:\/\/www.europesays.com\/es\/wp-json\/wp\/v2\/media?parent=747617"}],"wp:term":[{"taxonomy":"category","embeddable":true,"href":"https:\/\/www.europesays.com\/es\/wp-json\/wp\/v2\/categories?post=747617"},{"taxonomy":"post_tag","embeddable":true,"href":"https:\/\/www.europesays.com\/es\/wp-json\/wp\/v2\/tags?post=747617"}],"curies":[{"name":"wp","href":"https:\/\/api.w.org\/{rel}","templated":true}]}}