{"id":747621,"date":"2026-09-04T14:44:16","date_gmt":"2026-09-04T14:44:16","guid":{"rendered":"https:\/\/www.europesays.com\/es\/747621\/"},"modified":"2026-09-04T14:44:16","modified_gmt":"2026-09-04T14:44:16","slug":"publicada-una-primera-relacion-de-pago-por-el-incremento-de-los-costes-de-los-agricultores-por-el-uso-de-fertilizantes","status":"publish","type":"post","link":"https:\/\/www.europesays.com\/es\/747621\/","title":{"rendered":"Publicada una primera relaci\u00f3n de pago por el incremento de los costes de los agricultores por el uso de fertilizantes"},"content":{"rendered":"<p class=\"post-meta\"> Sep 4, 2026 | <a href=\"https:\/\/www.asajajaen.com\/tag\/ayudas\" rel=\"nofollow noopener\" target=\"_blank\">ayudas<\/a><a href=\"https:\/\/www.asajajaen.com\/tag\/beneficiarios\" rel=\"nofollow noopener\" target=\"_blank\">beneficiarios<\/a><a href=\"https:\/\/www.asajajaen.com\/tag\/fega\" rel=\"nofollow noopener\" target=\"_blank\">FEGA<\/a><a href=\"https:\/\/www.asajajaen.com\/tag\/fertilizantes\" rel=\"nofollow noopener\" target=\"_blank\">fertilizantes<\/a><\/p>\n<p class=\"text-align-justify\"><a href=\"https:\/\/www.asajajaen.com\/wp-content\/uploads\/2026\/03\/FERTILIZANTES-3.jpg\" rel=\"nofollow noopener\" target=\"_blank\"><img fetchpriority=\"high\" decoding=\"async\" class=\"alignnone size-medium wp-image-51144\" src=\"https:\/\/www.europesays.com\/es\/wp-content\/uploads\/2026\/09\/FERTILIZANTES-3-300x213.jpg\" alt=\"\" width=\"300\" height=\"213\"  \/><\/a>En la sede electr\u00f3nica del FEGA se ha publicado, en aplicaci\u00f3n del art\u00edculo 50.6 c) del Real Decreto-ley 7\/2026, de 20 de marzo, una primera relaci\u00f3n de pago por el incremento de los costes de los agricultores por el uso de productos fertilizantes titulares de explotaciones que han manifestado la aceptaci\u00f3n expresa de la ayuda.\u00a0El importe de la ayuda se calcula en aplicaci\u00f3n del apartado 5 del art\u00edculo 50, del Real Decreto-ley 7\/2026, de 20 de marzo, y el art\u00edculo 18 del Real Decreto-ley 18\/2026, de 29 de junio, por hect\u00e1rea elegible y diferenciando superficie de secano de la de regad\u00edo con los siguientes importes unitarios m\u00e1ximos (el Real Decreto \u2013 ley 18\/2026, de 19 de junio ha elevado los importes unitarios m\u00e1ximos):<\/p>\n<ul>\n<li>\n<p class=\"text-align-justify\">A) superficie de secano 38,33 euros por hect\u00e1rea<\/p>\n<\/li>\n<li>\n<p class=\"text-align-justify\">B) superficie de regad\u00edo 92,50 euros por hect\u00e1rea<\/p>\n<\/li>\n<\/ul>\n<p class=\"text-align-justify\">No se conceder\u00e1n ayudas cuando el importe a percibir resulta inferior a los 100 euros. As\u00ed mismo, las mismas se conceder\u00e1n hasta un m\u00e1ximo de 300 hect\u00e1reas por beneficiario priorizando la superficie de regad\u00edo.<\/p>\n<p class=\"text-align-justify\">Los beneficiarios de las mismas recibir\u00e1n el pago de la ayuda en los pr\u00f3ximos d\u00edas.<\/p>\n<p>Para m\u00e1s informaci\u00f3n, consulte los siguientes enlaces:<\/p>\n","protected":false},"excerpt":{"rendered":"Sep 4, 2026 | ayudasbeneficiariosFEGAfertilizantes En la sede electr\u00f3nica del FEGA se ha publicado, en aplicaci\u00f3n del art\u00edculo&hellip;\n","protected":false},"author":2,"featured_media":747622,"comment_status":"","ping_status":"","sticky":false,"template":"","format":"standard","meta":{"footnotes":""},"categories":[8],"tags":[249,43035,17,18,25,24,13,14,132735,43461,11,19,20,9,10,15,16,23,12,21,22],"class_list":["post-747621","post","type-post","status-publish","format-standard","has-post-thumbnail","category-espana","tag-ayudas","tag-beneficiarios","tag-breaking-news","tag-breakingnews","tag-es","tag-espana","tag-featured-news","tag-featurednews","tag-fega","tag-fertilizantes","tag-headlines","tag-latest-news","tag-latestnews","tag-news","tag-noticias","tag-noticias-destacadas","tag-noticiasdestacadas","tag-spain","tag-titulares","tag-ultimas-noticias","tag-ultimasnoticias"],"share_on_mastodon":{"url":"https:\/\/pubeurope.com\/@es\/117213310846284514","error":""},"_links":{"self":[{"href":"https:\/\/www.europesays.com\/es\/wp-json\/wp\/v2\/posts\/747621","targetHints":{"allow":["GET"]}}],"collection":[{"href":"https:\/\/www.europesays.com\/es\/wp-json\/wp\/v2\/posts"}],"about":[{"href":"https:\/\/www.europesays.com\/es\/wp-json\/wp\/v2\/types\/post"}],"author":[{"embeddable":true,"href":"https:\/\/www.europesays.com\/es\/wp-json\/wp\/v2\/users\/2"}],"replies":[{"embeddable":true,"href":"https:\/\/www.europesays.com\/es\/wp-json\/wp\/v2\/comments?post=747621"}],"version-history":[{"count":0,"href":"https:\/\/www.europesays.com\/es\/wp-json\/wp\/v2\/posts\/747621\/revisions"}],"wp:featuredmedia":[{"embeddable":true,"href":"https:\/\/www.europesays.com\/es\/wp-json\/wp\/v2\/media\/747622"}],"wp:attachment":[{"href":"https:\/\/www.europesays.com\/es\/wp-json\/wp\/v2\/media?parent=747621"}],"wp:term":[{"taxonomy":"category","embeddable":true,"href":"https:\/\/www.europesays.com\/es\/wp-json\/wp\/v2\/categories?post=747621"},{"taxonomy":"post_tag","embeddable":true,"href":"https:\/\/www.europesays.com\/es\/wp-json\/wp\/v2\/tags?post=747621"}],"curies":[{"name":"wp","href":"https:\/\/api.w.org\/{rel}","templated":true}]}}