{"id":747633,"date":"2026-09-04T14:58:18","date_gmt":"2026-09-04T14:58:18","guid":{"rendered":"https:\/\/www.europesays.com\/es\/747633\/"},"modified":"2026-09-04T14:58:18","modified_gmt":"2026-09-04T14:58:18","slug":"lasexta-pone-fecha-al-regreso-de-cara-al-show-con-un-cambio-de-dia-y-anuncia-los-3-primeros-invitados-de-marc-giro","status":"publish","type":"post","link":"https:\/\/www.europesays.com\/es\/747633\/","title":{"rendered":"laSexta pone fecha al regreso de &#8216;Cara al Show&#8217; con un cambio de d\u00eda y anuncia los 3 primeros invitados de Marc Gir\u00f3"},"content":{"rendered":"<p class=\"article-text\">\n        La <a href=\"https:\/\/www.eldiario.es\/vertele\/noticias\/lasexta-lanza-promo-atrevida-cara-al-show-marc-giro-no-gusta-fruta_7_13440661.html\" target=\"_blank\" data-mrf-recirculation=\"links-noticia\" class=\"link\" rel=\"nofollow noopener\">segunda temporada<\/a> de <strong>Cara al Show<\/strong> ya tiene fecha de estreno en <strong>laSexta<\/strong>. Una vez m\u00e1s, <strong>Marc Gir\u00f3 <\/strong>se convertir\u00e1 en protagonista del prime time para abordar claves de la actualidad con su \u00e1cido sentido del humor. Sin embargo, <strong>Atresmedia <\/strong>ha tomado una decisi\u00f3n vital para el <strong>regreso <\/strong>del programa: <strong>habr\u00e1 cambio de d\u00eda<\/strong> para sus nuevas entregas. Tambi\u00e9n se han descubierto los <strong>tres primeros invitados<\/strong> que tomar\u00e1n asiento en plat\u00f3.\n    <\/p>\n<p>    <a href=\"https:\/\/www.eldiario.es\/vertele\/noticias\/intermedio-ficha-rodrigo-cuevas-desvela-nuevas-secciones-temporada-lasexta_1_13487721.html\" data-mrf-recirculation=\"saber-mas\" data-dl-event=\"saber-mas\" rel=\"nofollow noopener\" target=\"_blank\"><\/p>\n<p class=\"know-more__title\">&#8216;El Intermedio&#8217; ficha a Rodrigo Cuevas y desvela sus dos nuevas secciones para esta temporada en laSexta<\/p>\n<p>            <img decoding=\"async\" class=\"lazy\" loading=\"lazy\" data-src=\"https:\/\/static.eldiario.es\/clip\/2ebeb26d-b796-4009-8890-917c8dbab813_16-9-aspect-ratio_default_0.jpg\" src=\"data:image\/svg+xml,%3Csvg xmlns=\" http:=\"\" viewbox=\"0 0 880 495\" alt=\"'El Intermedio' ficha a Rodrigo Cuevas y desvela sus dos nuevas secciones para esta temporada en laSexta\"\/><\/p>\n<p>                        <\/a><\/p>\n<p class=\"article-text\">\n        Producido por el grupo audiovisual en colaboraci\u00f3n con Minuto de Barras, el formato vivir\u00e1 su particular puesta de largo el <strong>mi\u00e9rcoles 9 de septiembre<\/strong>. El habitual mon\u00f3logo del presentador arrancar\u00e1 a las 23:00 horas, dando paso a las habituales entrevistas y secciones de los colaboradores. <strong>Carmen Maura<\/strong>, <strong>Victoria Luengo <\/strong>y <strong>Gonzo <\/strong>ser\u00e1n los primeros famosos en entablar conversaci\u00f3n con Gir\u00f3.\n    <\/p>\n<p class=\"article-text\">\n        La actriz Carmen Maura compartir\u00e1 los detalles de su trabajo en <strong>Furia<\/strong>, pero tambi\u00e9n sobre su d\u00eda a d\u00eda lejos de las c\u00e1maras. Por otro lado, Victoria Luengo abordar\u00e1 las claves de la pel\u00edcula <strong>El ser querido<\/strong>: presentar\u00e1 la cinta que coprotagoniza con Javier Bardem. Finalmente, Gonzo promocionar\u00e1 la nueva temporada de <strong>Salvados<\/strong>. El m\u00edtico programa de laSexta, que tambi\u00e9n tiene <a href=\"https:\/\/www.eldiario.es\/vertele\/noticias\/salvados-vuelve-lasexta-nueva-temporada-arranca-programa-doble-rita-barbera-vt_1_13476336.html\" target=\"_blank\" data-mrf-recirculation=\"links-noticia\" class=\"link\" rel=\"nofollow noopener\">fecha de vuelta<\/a> a la programaci\u00f3n, cumple 18 a\u00f1os en antena.\n    <\/p>\n<p class=\"article-text\">\n        Respecto al elenco de colaboradores, Cara al Show ha anunciado la <strong>incorporaci\u00f3n <\/strong>de dos perfiles de altura: la actriz <strong>Loles<\/strong> <strong>Le\u00f3n <\/strong>y la escritora <strong>Sabina Urraca<\/strong>, cuyos debuts se producir\u00e1n pr\u00f3ximamente. Ambas se unen a otros rostros ya conocidos por los espectadores de laSexta, como los humoristas <strong>Yolanda Ramos <\/strong>y <strong>Pepe Colubi<\/strong>. En definitiva, dos fichajes para impulsar los escuetos registros de su primera temporada.\n    <\/p>\n<blockquote class=\"twitter-tweet\" data-lang=\"es\"><p><a href=\"https:\/\/twitter.com\/X\/status\/2095857437823684727?ref_src=twsrc%5Etfw\" rel=\"nofollow noopener\" target=\"_blank\"><\/p><\/blockquote>\n<p>    Un cambio de d\u00eda para evitar el duelo fratricida con Henar \u00c1lvarez<\/p>\n<p class=\"article-text\">\n        La<strong> primera tanda <\/strong>de programas, emitida entre el 21 de abril y el 7 de julio, se conform\u00f3 con un promedio por debajo de la media global de laSexta: un <strong>5.4% de cuota<\/strong> de pantalla y<strong> 430.000 espectadores<\/strong>. Pese al buen dato del estreno, las expectativas previas no se cumplieron ante los buenos rendimientos de Late Xou en La 1. Conviene recordar que el presentador cambi\u00f3 la radiotelevisi\u00f3n p\u00fablica por Atresmedia en el pasado mes de enero.\n    <\/p>\n<p>    <a href=\"https:\/\/www.eldiario.es\/vertele\/noticias\/revuelta-cierra-equipo-colaboradores-nueva-temporada-rtve-da-detalles-mudanza-vt_1_13487127.html\" data-mrf-recirculation=\"saber-mas-abajo\" data-dl-event=\"saber-mas-abajo\" rel=\"nofollow noopener\" target=\"_blank\"><\/p>\n<p class=\"know-more__title\">&#8216;La Revuelta&#8217; cierra su equipo de colaboradores para la nueva temporada en RTVE y da detalles de su &#8216;mudanza&#8217;<\/p>\n<p>            <img decoding=\"async\" class=\"lazy\" loading=\"lazy\" data-src=\"https:\/\/static.eldiario.es\/clip\/d46d6c47-dff3-4fea-ab1f-9b1b1997f042_16-9-aspect-ratio_default_0.jpg\" src=\"data:image\/svg+xml,%3Csvg xmlns=\" http:=\"\" viewbox=\"0 0 880 495\" alt=\"'La Revuelta' cierra su equipo de colaboradores para la nueva temporada en RTVE y da detalles de su 'mudanza'\"\/><\/p>\n<p>                        <\/a><\/p>\n<p class=\"article-text\">\n        Con la marcha de Marc Gir\u00f3, <strong>RTVE <\/strong>anunci\u00f3 un &#8216;ascenso&#8217; para <strong>Henar \u00c1lvarez<\/strong>: su programa <strong>Al cielo con ella<\/strong>, hasta entonces de La 2, saltaba a la principal cadena estatal. Ambos formatos, de corte similar, se enfrentaron <strong>cara a cara en la noche del martes<\/strong>. El resultado fue que <strong>ninguno logr\u00f3 brillar<\/strong> como se esperaba, <a href=\"https:\/\/www.eldiario.es\/vertele\/audiencias-tv\/martes-7-julio-2026-al-cielo-con-ella-cara-show-cierran-temporada-reafirmando-no-les-beneficiado-enfrentarse_1_13364037.html\" target=\"_blank\" data-mrf-recirculation=\"links-noticia\" class=\"link\" rel=\"nofollow noopener\">dividiendo a una audiencia<\/a> muy fiel \u2014el gato al agua se lo llev\u00f3 La 1 en el global\u2014 a los espacios de humor y entrevistas. Queda por ver qu\u00e9 ocurre en este nuevo curso televisivo.\n    <\/p>\n<p>                                        <script async src=\"https:\/\/platform.twitter.com\/widgets.js\" charset=\"utf-8\"><\/script><\/p>\n","protected":false},"excerpt":{"rendered":"La segunda temporada de Cara al Show ya tiene fecha de estreno en laSexta. Una vez m\u00e1s, Marc&hellip;\n","protected":false},"author":2,"featured_media":747634,"comment_status":"","ping_status":"","sticky":false,"template":"","format":"standard","meta":{"footnotes":""},"categories":[171],"tags":[1554,380,4187,7556,2608,978,146,147,25,24,1151,7957,3551,5622,6489,1150,566,2596,526,23,214],"class_list":["post-747633","post","type-post","status-publish","format-standard","has-post-thumbnail","category-tv","tag-1554","tag-al","tag-anuncia","tag-cambio","tag-cara","tag-dia","tag-entertainment","tag-entretenimiento","tag-es","tag-espana","tag-fecha","tag-giro","tag-invitados","tag-lasexta","tag-marc","tag-pone","tag-primeros","tag-regreso","tag-show","tag-spain","tag-tv"],"share_on_mastodon":{"url":"https:\/\/pubeurope.com\/@es\/117213364811148487","error":""},"_links":{"self":[{"href":"https:\/\/www.europesays.com\/es\/wp-json\/wp\/v2\/posts\/747633","targetHints":{"allow":["GET"]}}],"collection":[{"href":"https:\/\/www.europesays.com\/es\/wp-json\/wp\/v2\/posts"}],"about":[{"href":"https:\/\/www.europesays.com\/es\/wp-json\/wp\/v2\/types\/post"}],"author":[{"embeddable":true,"href":"https:\/\/www.europesays.com\/es\/wp-json\/wp\/v2\/users\/2"}],"replies":[{"embeddable":true,"href":"https:\/\/www.europesays.com\/es\/wp-json\/wp\/v2\/comments?post=747633"}],"version-history":[{"count":0,"href":"https:\/\/www.europesays.com\/es\/wp-json\/wp\/v2\/posts\/747633\/revisions"}],"wp:featuredmedia":[{"embeddable":true,"href":"https:\/\/www.europesays.com\/es\/wp-json\/wp\/v2\/media\/747634"}],"wp:attachment":[{"href":"https:\/\/www.europesays.com\/es\/wp-json\/wp\/v2\/media?parent=747633"}],"wp:term":[{"taxonomy":"category","embeddable":true,"href":"https:\/\/www.europesays.com\/es\/wp-json\/wp\/v2\/categories?post=747633"},{"taxonomy":"post_tag","embeddable":true,"href":"https:\/\/www.europesays.com\/es\/wp-json\/wp\/v2\/tags?post=747633"}],"curies":[{"name":"wp","href":"https:\/\/api.w.org\/{rel}","templated":true}]}}