{"id":747635,"date":"2026-09-04T14:59:13","date_gmt":"2026-09-04T14:59:13","guid":{"rendered":"https:\/\/www.europesays.com\/es\/747635\/"},"modified":"2026-09-04T14:59:13","modified_gmt":"2026-09-04T14:59:13","slug":"el-fotografo-roger-farrington-publica-imagenes-ineditas-del-regreso-de-john-lennon-a-la-musica-en-1980-cultura","status":"publish","type":"post","link":"https:\/\/www.europesays.com\/es\/747635\/","title":{"rendered":"El fot\u00f3grafo Roger Farrington publica im\u00e1genes in\u00e9ditas del regreso de John Lennon a la m\u00fasica en 1980 | Cultura"},"content":{"rendered":"<p class=\"\">El regreso de John Lennon al estudio de grabaci\u00f3n en agosto de 1980, tras una pausa de cinco a\u00f1os, qued\u00f3 registrado en una serie de fotograf\u00edas tomadas por Roger Farrington. El fot\u00f3grafo publicar\u00e1 el pr\u00f3ximo d\u00eda 8 un libro que re\u00fane esas im\u00e1genes, captadas apenas cuatro meses antes <a href=\"https:\/\/elpais.com\/diario\/1980\/12\/10\/portada\/345250801_850215.html\" target=\"_self\" rel=\"nofollow noopener\" title=\"https:\/\/elpais.com\/diario\/1980\/12\/10\/portada\/345250801_850215.html\">de que el exintegrante de The Beatles fuera asesinado<\/a> frente a su hogar en Nueva York.<\/p>\n<p class=\"\">Farrington, fot\u00f3grafo de Massachusetts, acompa\u00f1\u00f3 a Lennon y a su esposa, Yoko Ono, desde su residencia en el edificio Dakota hasta el cercano y legendario estudio The Hit Factory, en Manhattan, donde la pareja trabajaba en la grabaci\u00f3n de Double Fantasy, seg\u00fan inform\u00f3 este jueves el diario The Boston Globe. Farrington fue elegido para documentar el retorno de Lennon a la actividad musical despu\u00e9s de cinco a\u00f1os de alejamiento de los estudios, periodo que el artista <a href=\"https:\/\/elpais.com\/noticias\/sean-lennon\/\" target=\"_blank\" rel=\"nofollow noopener\" title=\"https:\/\/elpais.com\/noticias\/sean-lennon\/\">hab\u00eda dedicado en buena medida a su hijo Sean<\/a>, fruto de su relaci\u00f3n con Ono.<\/p>\n<p><img alt=\"\" decoding=\"auto\" class=\"_re lazyload a_m-h\" height=\"281\"  width=\"414\"  src=\"https:\/\/www.europesays.com\/es\/wp-content\/uploads\/2026\/09\/HQZW52BQ2FC67IGW3FFAUDQZJY.jpg\" loading=\"lazy\" fetchpriority=\"low\"\/>Lennon y Ono, en el estudio The Hit Factory, en agosto de 1980.Vinnie Zuffante (Getty Images)<\/p>\n<p class=\"\">Con 27 a\u00f1os en aquel momento, el fot\u00f3grafo captur\u00f3 una treintena de im\u00e1genes de la pareja, tanto en el exterior como en el interior del estudio. Entre ellas destaca una fotograf\u00eda de Lennon y Ono caminando de la mano a las puertas de The Hit Factory, una imagen que, seg\u00fan Farrington, \u201cdio la vuelta al mundo\u201d. La fotograf\u00eda fue, adem\u00e1s, la \u00fanica de aquella jornada que Lennon y Ono compraron para acompa\u00f1ar el comunicado de prensa con el que anunciaron su regreso a la actividad musical.<\/p>\n<p class=\"\">Casi 46 a\u00f1os despu\u00e9s, Farrington ha decidido publicar aquella serie en el libro Starting Over with John and Yoko: The Photographs. La portada muestra a Lennon sentado con una guitarra junto a Ono, tambi\u00e9n sentada y con un cigarrillo en la mano derecha. \u201cQuer\u00eda que la gente viera qui\u00e9n era John Lennon en 1980, no en 1964. Los Beatles ya hab\u00edan desaparecido hac\u00eda mucho tiempo\u201d, explic\u00f3 Farrington a The Boston Globe.<\/p>\n<p class=\"\">El fot\u00f3grafo tambi\u00e9n record\u00f3 el \u201cevidente\u201d entusiasmo de Lennon por aquella nueva etapa. El m\u00fasico estaba a punto de cumplir 40 a\u00f1os, el 9 de octubre de 1980, y se preparaba para retomar su carrera musical <a href=\"https:\/\/elpais.com\/cultura\/2025-12-29\/la-vida-loca-de-john-lennon.html\" target=\"_blank\" rel=\"nofollow noopener\" title=\"https:\/\/elpais.com\/cultura\/2025-12-29\/la-vida-loca-de-john-lennon.html\">despu\u00e9s de varios a\u00f1os alejado de los escenarios y los estudios<\/a>. Farrington quiso conservar en el libro toda la serie realizada aquel d\u00eda, incluidas las fotograf\u00edas que considera menos logradas. Su intenci\u00f3n, explic\u00f3, era incluir \u201clas buenas, las malas y las feas\u201d para mostrar la historia tal como ocurri\u00f3.<\/p>\n<p class=\"\">En noviembre de 1980, Lennon y Ono publicaron <a href=\"https:\/\/elpais.com\/cultura\/2003\/11\/29\/actualidad\/1070060401_850215.html\" target=\"_blank\" rel=\"nofollow noopener\" title=\"https:\/\/elpais.com\/cultura\/2003\/11\/29\/actualidad\/1070060401_850215.html\">Double Fantasy, el \u00e1lbum que marc\u00f3 el regreso discogr\u00e1fico del m\u00fasico<\/a>. Apenas unas semanas despu\u00e9s, el 8 de diciembre, Lennon fue asesinado a tiros frente al edificio Dakota cuando regresaba a casa junto a Ono. El autor del crimen, su admirador Mark David Chapman, fue posteriormente condenado a una pena de entre 20 a\u00f1os de prisi\u00f3n y cadena perpetua. Starting Over with John and Yoko: The Photographs, realizado en colaboraci\u00f3n con el escritor e historiador musical Kenneth Womack, especializado en la influencia cultural de The Beatles, ser\u00e1 publicado por Rutgers University Press.<\/p>\n","protected":false},"excerpt":{"rendered":"El regreso de John Lennon al estudio de grabaci\u00f3n en agosto de 1980, tras una pausa de cinco&hellip;\n","protected":false},"author":2,"featured_media":747636,"comment_status":"","ping_status":"","sticky":false,"template":"","format":"standard","meta":{"footnotes":""},"categories":[170],"tags":[1154,3061,209,146,147,25,24,244,10328,7946,184,185,725,896,23,6620,23192],"class_list":["post-747635","post","type-post","status-publish","format-standard","has-post-thumbnail","category-musica","tag-asesinatos","tag-cantantes","tag-cultura","tag-entertainment","tag-entretenimiento","tag-es","tag-espana","tag-fotografia","tag-fotografos","tag-john-lennon","tag-music","tag-musica","tag-musicos","tag-nueva-york","tag-spain","tag-the-beatles","tag-yoko-ono"],"share_on_mastodon":{"url":"https:\/\/pubeurope.com\/@es\/117213369873737348","error":""},"_links":{"self":[{"href":"https:\/\/www.europesays.com\/es\/wp-json\/wp\/v2\/posts\/747635","targetHints":{"allow":["GET"]}}],"collection":[{"href":"https:\/\/www.europesays.com\/es\/wp-json\/wp\/v2\/posts"}],"about":[{"href":"https:\/\/www.europesays.com\/es\/wp-json\/wp\/v2\/types\/post"}],"author":[{"embeddable":true,"href":"https:\/\/www.europesays.com\/es\/wp-json\/wp\/v2\/users\/2"}],"replies":[{"embeddable":true,"href":"https:\/\/www.europesays.com\/es\/wp-json\/wp\/v2\/comments?post=747635"}],"version-history":[{"count":0,"href":"https:\/\/www.europesays.com\/es\/wp-json\/wp\/v2\/posts\/747635\/revisions"}],"wp:featuredmedia":[{"embeddable":true,"href":"https:\/\/www.europesays.com\/es\/wp-json\/wp\/v2\/media\/747636"}],"wp:attachment":[{"href":"https:\/\/www.europesays.com\/es\/wp-json\/wp\/v2\/media?parent=747635"}],"wp:term":[{"taxonomy":"category","embeddable":true,"href":"https:\/\/www.europesays.com\/es\/wp-json\/wp\/v2\/categories?post=747635"},{"taxonomy":"post_tag","embeddable":true,"href":"https:\/\/www.europesays.com\/es\/wp-json\/wp\/v2\/tags?post=747635"}],"curies":[{"name":"wp","href":"https:\/\/api.w.org\/{rel}","templated":true}]}}