{"id":747647,"date":"2026-09-04T15:05:19","date_gmt":"2026-09-04T15:05:19","guid":{"rendered":"https:\/\/www.europesays.com\/es\/747647\/"},"modified":"2026-09-04T15:05:19","modified_gmt":"2026-09-04T15:05:19","slug":"los-futuros-de-las-acciones-estadounidenses-registran-en-su-mayoria-ganancias-antes-de-la-apertura-del-mercado-mientras-los-operadores-esperan-el-informe-de-empleo-de-agosto","status":"publish","type":"post","link":"https:\/\/www.europesays.com\/es\/747647\/","title":{"rendered":"Los futuros de las acciones estadounidenses registran en su mayor\u00eda ganancias antes de la apertura del mercado, mientras los operadores esperan el informe de empleo de agosto."},"content":{"rendered":"<p>    <a href=\"https:\/\/s.yimg.com\/lo\/mysterio\/api\/f84409634c58e56edb541e6d0ab56185d0c01ea822b214a7af4e893d864084b7\/lightyear_networkapi\/resizefit_w960%3Bquality_80%3Bformat_webp\/https%3A%2F%2Fmedia.zenfs.com%2Fes%2Fmt_newswires_spain_624%2F4fd4ee7d261642a1f299d92571ebbc6f.png\" target=\"_blank\" rel=\"noopener noreferrer nofollow\"><img loading=\"lazy\" decoding=\"async\" src=\"data:image\/gif;base64,R0lGODlhAQABAIAAAAAAAP\/\/\/ywAAAAAAQABAAACAUwAOw==\" alt=\"MT Newswires - Shutterstock\" height=\"403\" width=\"768\" class=\"yf-1f8hkhu loader\"\/><\/a> MT Newswires -Shutterstock           <\/p>\n<p class=\"text text-block paragraph text-left neo-font-paragraph-xl-reg  yf-18d6y07\" style=\"text-decoration: none; font-style: normal; text-transform: none; text-align: inherit; font-variant-numeric: normal;\">Los futuros de las acciones estadounidenses registraron ganancias en su mayor\u00eda antes de la apertura del viernes, mientras los operadores esperaban el informe de empleo de agosto para evaluar la situaci\u00f3n del mercado laboral.Los futuros del Dow Jones Industrial Average bajaron un 0,1%, los del S&amp;P 500 subieron un 0,1% y los del Nasdaq un 0,5%.El gobernador de la Reserva Federal, Christopher Waller, declar\u00f3 a Reuters el jueves que se inclina por mantener las tasas de inter\u00e9s sin cambios en la reuni\u00f3n de septiembre del banco central si los pr\u00f3ximos datos de inflaci\u00f3n muestran que las presiones inflacionarias contin\u00faan moder\u00e1ndose. Sin embargo, agreg\u00f3: \u00abSi la inflaci\u00f3n se dispara, considerar\u00eda una subida de tipos\u00bb.La UE se ha sumado formalmente a las sanciones econ\u00f3micas contra Ir\u00e1n lideradas por Estados Unidos. En una publicaci\u00f3n en X, el secretario del Tesoro estadounidense, Scott Bessent, afirm\u00f3: \u00abEl mundo est\u00e1 enviando un mensaje claro al r\u00e9gimen iran\u00ed: no nos detendremos hasta que se hayan cortado todas las v\u00edas de financiaci\u00f3n restantes\u00bb.Los precios del petr\u00f3leo bajaron: el crudo Brent del Mar del Norte, de referencia mundial para entrega inmediata, cay\u00f3 un 0,7%, hasta los 94,87 d\u00f3lares por barril, y el crudo West Texas Intermediate (WTI) estadounidense baj\u00f3 un 0,8%, hasta los 90,53 d\u00f3lares por barril.Seg\u00fan las estimaciones recopiladas por Bloomberg, se prev\u00e9 que la tasa de desempleo de agosto, cuya publicaci\u00f3n est\u00e1 prevista para las 8:30 a. m. (hora del este de EE. UU.), se mantenga sin cambios en el 4,1%.  <\/p>\n","protected":false},"excerpt":{"rendered":"MT Newswires -Shutterstock Los futuros de las acciones estadounidenses registraron ganancias en su mayor\u00eda antes de la apertura&hellip;\n","protected":false},"author":2,"featured_media":747648,"comment_status":"","ping_status":"","sticky":false,"template":"","format":"standard","meta":{"footnotes":""},"categories":[80],"tags":[62927,82,4429,95,94,25,24,2746,62928,62929,62934,62930,62931,62935,62936,62937,62938,2742,62939,23,62940,62932,62933,41524,62941,62942,62943],"class_list":["post-747647","post","type-post","status-publish","format-standard","has-post-thumbnail","category-economia","tag-401k","tag-business","tag-business-news","tag-economia","tag-economy","tag-es","tag-espana","tag-finance","tag-financial-information","tag-investing","tag-investment-tools","tag-investor","tag-market-news","tag-mortgage","tag-mutual-funds","tag-personal-finance","tag-quote","tag-real-estate","tag-retirement","tag-spain","tag-stock","tag-stock-research","tag-stock-valuation","tag-stocks","tag-suze-orman","tag-tax","tag-track-portfolio"],"share_on_mastodon":{"url":"https:\/\/pubeurope.com\/@es\/117213392442033181","error":""},"_links":{"self":[{"href":"https:\/\/www.europesays.com\/es\/wp-json\/wp\/v2\/posts\/747647","targetHints":{"allow":["GET"]}}],"collection":[{"href":"https:\/\/www.europesays.com\/es\/wp-json\/wp\/v2\/posts"}],"about":[{"href":"https:\/\/www.europesays.com\/es\/wp-json\/wp\/v2\/types\/post"}],"author":[{"embeddable":true,"href":"https:\/\/www.europesays.com\/es\/wp-json\/wp\/v2\/users\/2"}],"replies":[{"embeddable":true,"href":"https:\/\/www.europesays.com\/es\/wp-json\/wp\/v2\/comments?post=747647"}],"version-history":[{"count":0,"href":"https:\/\/www.europesays.com\/es\/wp-json\/wp\/v2\/posts\/747647\/revisions"}],"wp:featuredmedia":[{"embeddable":true,"href":"https:\/\/www.europesays.com\/es\/wp-json\/wp\/v2\/media\/747648"}],"wp:attachment":[{"href":"https:\/\/www.europesays.com\/es\/wp-json\/wp\/v2\/media?parent=747647"}],"wp:term":[{"taxonomy":"category","embeddable":true,"href":"https:\/\/www.europesays.com\/es\/wp-json\/wp\/v2\/categories?post=747647"},{"taxonomy":"post_tag","embeddable":true,"href":"https:\/\/www.europesays.com\/es\/wp-json\/wp\/v2\/tags?post=747647"}],"curies":[{"name":"wp","href":"https:\/\/api.w.org\/{rel}","templated":true}]}}