{"id":747649,"date":"2026-09-04T15:06:12","date_gmt":"2026-09-04T15:06:12","guid":{"rendered":"https:\/\/www.europesays.com\/es\/747649\/"},"modified":"2026-09-04T15:06:12","modified_gmt":"2026-09-04T15:06:12","slug":"tragedia-junto-al-viaducto-mata-a-su-ex-arrojandola-desde-una-altura-de-40-metros-y-despues-se-suicida-frente-a-la-policia","status":"publish","type":"post","link":"https:\/\/www.europesays.com\/es\/747649\/","title":{"rendered":"Tragedia junto al viaducto: mata a su ex arroj\u00e1ndola desde una altura de 40 metros y despu\u00e9s se suicida frente a la Polic\u00eda"},"content":{"rendered":"<p class=\"c-paragraph\"><b><a href=\"https:\/\/www.20minutos.es\/tags\/lugares\/italia.html\" title=\"Italia\" rel=\"nofollow noopener\" target=\"_blank\">Italia <\/a><\/b>vive con conmoci\u00f3n el terrible <b><a href=\"https:\/\/www.20minutos.es\/tags\/temas\/machismo.html\" title=\"Machismo\" rel=\"nofollow noopener\" target=\"_blank\">crimen machista<\/a><\/b> que tuvo lugar este jueves por la tarde en Florencia. Seg\u00fan recoge el diario <a href=\"https:\/\/corrierefiorentino.corriere.it\/notizie\/cronaca\/26_settembre_04\/femminicidio-firenze-lorena-isceri-cd78474b-9bd1-4248-a4f2-831a4f60exlk.shtml\" rel=\"nofollow noreferrer noopener\" target=\"_blank\">Corriere della Sera<\/a>, un hombre identificado como Federico Vella, de 36 a\u00f1os, habr\u00eda matado a su expareja, Lorenza Isceri, diez a\u00f1os mayor que \u00e9l, y luego se ha suicidado frente a los agentes la polic\u00eda italiana.<\/p>\n<p class=\"c-paragraph\">Los hechos ocurrieron este jueves por la tarde, cuando, seg\u00fan la reconstrucci\u00f3n que hasta el momento han podido elaborar los agentes que investigan los hechos, el agresor habr\u00eda <b>maniatado a su ex<\/b> en el garaje donde sol\u00eda aparcar su veh\u00edculo y la habr\u00eda <b>introducido en el maletero<\/b>, donde tambi\u00e9n habr\u00eda depositado una mochila en la que hab\u00eda un tel\u00e9fono m\u00f3vil.<\/p>\n<p class=\"c-paragraph\">A continuaci\u00f3n, Vella condujo el coche por la autopista italiana A-1. Durante el trayecto, Isceri, con el tel\u00e9fono de la mochila depositada en el maletero, llam\u00f3 a su madre y a un amigo, pero ambas llamadas sin \u00e9xito. En un tercer intento <b>pidi\u00f3 auxilio al 112<\/b> y logr\u00f3 trasladar a las autoridades detalles de lo sucedido, as\u00ed como detalles como la matr\u00edcula del coche en el que se encuentra retenida que permitieron a los agentes geolocalizarla a trav\u00e9s de las c\u00e1maras de tr\u00e1fico.<\/p>\n<p class=\"c-paragraph\">Seg\u00fan la prensa italiana, la llamada de auxilio lleg\u00f3 a registrar la pregunta <b>\u00ab\u00bfqu\u00e9 est\u00e1s haciendo?\u00bb <\/b>que Vella le espet\u00f3 a su v\u00edctima cuando par\u00f3 el coche y abri\u00f3 el maletero. Los agentes creen que en ese momento el hombre arroj\u00f3 a la mujer desde una <b>altura de 40 metros de un viaducto<\/b> de la autopista A-1 de Italia.<\/p>\n<p class=\"c-paragraph\">Instantes despu\u00e9s, una patrulla consigui\u00f3 personarse donde se encontraba el veh\u00edculo y los agentes encendieron sus c\u00e1maras corporales para registrar lo sucedido. \u00ab\u00bfQu\u00e9 has hecho?\u00bb, le preguntaron al hombre, que se encontraba en el borde del puente del que a continuaci\u00f3n <b>se precipit\u00f3 al grito de \u00abme ha enga\u00f1ado\u00bb<\/b>.\u00a0<\/p>\n<p class=\"c-paragraph\">Los servicios m\u00e9dicos no pudieron m\u00e1s que certificar el fallecimientos de ambos. Los investigadores esperan ahora el resultado de las autopsias para determinar el momento exacto de la muerte de la mujer. Seg\u00fan la prensa italiana, <b>no constaban denuncias previas por <a href=\"https:\/\/www.20minutos.es\/tags\/temas\/violencia-de-genero.html\" title=\"Violencia de g\u00e9nero\" rel=\"nofollow noopener\" target=\"_blank\">violencia de g\u00e9nero<\/a><\/b>.\u00a0<\/p>\n<p>Tel\u00e9fono de ayuda contra el machismo<\/p>\n<p class=\"c-paragraph\">Cabe recordar que, en Espa\u00f1a, las v\u00edctimas de la violencia machista y su entorno\u00a0<b>pueden pedir ayuda en distintos recursos activos<\/b>\u00a0todos los d\u00edas de la semana y las 24 horas del d\u00eda: el tel\u00e9fono 016, el correo electr\u00f3nico 016-online@igualdad.gob.es y el canal del WhatsApp en el n\u00famero 600 000 016.<\/p>\n<p class=\"c-paragraph\">En una situaci\u00f3n de emergencia\u00a0<b>se puede llamar<\/b>\u00a0al 112 o a los tel\u00e9fonos de emergencias de la Polic\u00eda Nacional (091) y de la Guardia Civil (062) y, si no es posible hacer esa llamada, en caso de peligro existe tambi\u00e9n la opci\u00f3n de activar la aplicaci\u00f3n ALERTCOPS, que env\u00eda una se\u00f1al de alerta a la Polic\u00eda con geolocalizaci\u00f3n.<\/p>\n","protected":false},"excerpt":{"rendered":"Italia vive con conmoci\u00f3n el terrible crimen machista que tuvo lugar este jueves por la tarde en Florencia.&hellip;\n","protected":false},"author":2,"featured_media":747650,"comment_status":"","ping_status":"","sticky":false,"template":"","format":"standard","meta":{"footnotes":""},"categories":[42],"tags":[17,18,13,14,11,366,61,62,63,64,2326,19,20,9,10,15,16,12,13077,21,22,16743,132738,65,66,67],"class_list":["post-747649","post","type-post","status-publish","format-standard","has-post-thumbnail","category-internacional","tag-breaking-news","tag-breakingnews","tag-featured-news","tag-featurednews","tag-headlines","tag-hombre","tag-internacional","tag-international","tag-international-news","tag-internationalnews","tag-junto","tag-latest-news","tag-latestnews","tag-news","tag-noticias","tag-noticias-destacadas","tag-noticiasdestacadas","tag-titulares","tag-tragedia","tag-ultimas-noticias","tag-ultimasnoticias","tag-un","tag-viaducto","tag-world","tag-world-news","tag-worldnews"],"share_on_mastodon":{"url":"https:\/\/pubeurope.com\/@es\/117213396321154776","error":""},"_links":{"self":[{"href":"https:\/\/www.europesays.com\/es\/wp-json\/wp\/v2\/posts\/747649","targetHints":{"allow":["GET"]}}],"collection":[{"href":"https:\/\/www.europesays.com\/es\/wp-json\/wp\/v2\/posts"}],"about":[{"href":"https:\/\/www.europesays.com\/es\/wp-json\/wp\/v2\/types\/post"}],"author":[{"embeddable":true,"href":"https:\/\/www.europesays.com\/es\/wp-json\/wp\/v2\/users\/2"}],"replies":[{"embeddable":true,"href":"https:\/\/www.europesays.com\/es\/wp-json\/wp\/v2\/comments?post=747649"}],"version-history":[{"count":0,"href":"https:\/\/www.europesays.com\/es\/wp-json\/wp\/v2\/posts\/747649\/revisions"}],"wp:featuredmedia":[{"embeddable":true,"href":"https:\/\/www.europesays.com\/es\/wp-json\/wp\/v2\/media\/747650"}],"wp:attachment":[{"href":"https:\/\/www.europesays.com\/es\/wp-json\/wp\/v2\/media?parent=747649"}],"wp:term":[{"taxonomy":"category","embeddable":true,"href":"https:\/\/www.europesays.com\/es\/wp-json\/wp\/v2\/categories?post=747649"},{"taxonomy":"post_tag","embeddable":true,"href":"https:\/\/www.europesays.com\/es\/wp-json\/wp\/v2\/tags?post=747649"}],"curies":[{"name":"wp","href":"https:\/\/api.w.org\/{rel}","templated":true}]}}