{"id":747661,"date":"2026-09-04T15:21:13","date_gmt":"2026-09-04T15:21:13","guid":{"rendered":"https:\/\/www.europesays.com\/es\/747661\/"},"modified":"2026-09-04T15:21:13","modified_gmt":"2026-09-04T15:21:13","slug":"valle-salvaje-avance-del-capitulo-de-hoy-viernes-4-de-septiembre-mercedes-frena-la-huida-de-victoria-con-una-revelacion","status":"publish","type":"post","link":"https:\/\/www.europesays.com\/es\/747661\/","title":{"rendered":"&#8216;Valle Salvaje&#8217;, avance del cap\u00edtulo de hoy viernes 4 de septiembre: Mercedes frena la huida de Victoria con una revelaci\u00f3n"},"content":{"rendered":"<p class=\"ft-text\">Esta tarde en<strong> &#8216;Valle Salvaje&#8217;<\/strong>, la semana se despide por todo lo alto con tensiones sociales que esconden segundas intenciones y huidas desesperadas al borde del abismo. Los secretos m\u00e1s turbios amenazan con estallar de golpe.<\/p>\n<p class=\"ft-text\">Enriqueta presiona directamente a don Hernando organizando una velada con Manuela y Braulio, aprovechando la ocasi\u00f3n para exigirle que le quite de la cabeza a Jos\u00e9 Luis la idea de recuperar el codiciado ducado.<\/p>\n<p class=\"ft-text\">Por su parte, al verse acorralada por los fantasmas del pasado y el caso de D\u00e1maso, Victoria toma la dr\u00e1stica decisi\u00f3n de huir antes de ser acusada formalmente. Sin embargo, justo cuando iba a lograr su objetivo, Mercedes la intercepta y la detiene en seco con un<\/p>\n","protected":false},"excerpt":{"rendered":"Esta tarde en &#8216;Valle Salvaje&#8217;, la semana se despide por todo lo alto con tensiones sociales que esconden&hellip;\n","protected":false},"author":2,"featured_media":747662,"comment_status":"","ping_status":"","sticky":false,"template":"","format":"standard","meta":{"footnotes":""},"categories":[171],"tags":[2627,7377,10515,146,147,25,24,6058,315,27077,1228,10527,1971,805,23,214,3156,2123,1261,381],"class_list":["post-747661","post","type-post","status-publish","format-standard","has-post-thumbnail","category-tv","tag-2627","tag-avance","tag-capitulo","tag-entertainment","tag-entretenimiento","tag-es","tag-espana","tag-frena","tag-hoy","tag-huida","tag-mercedes","tag-salvaje","tag-septiembre","tag-series","tag-spain","tag-tv","tag-tve","tag-valle","tag-victoria","tag-viernes"],"share_on_mastodon":{"url":"https:\/\/pubeurope.com\/@es\/117213455226108918","error":""},"_links":{"self":[{"href":"https:\/\/www.europesays.com\/es\/wp-json\/wp\/v2\/posts\/747661","targetHints":{"allow":["GET"]}}],"collection":[{"href":"https:\/\/www.europesays.com\/es\/wp-json\/wp\/v2\/posts"}],"about":[{"href":"https:\/\/www.europesays.com\/es\/wp-json\/wp\/v2\/types\/post"}],"author":[{"embeddable":true,"href":"https:\/\/www.europesays.com\/es\/wp-json\/wp\/v2\/users\/2"}],"replies":[{"embeddable":true,"href":"https:\/\/www.europesays.com\/es\/wp-json\/wp\/v2\/comments?post=747661"}],"version-history":[{"count":0,"href":"https:\/\/www.europesays.com\/es\/wp-json\/wp\/v2\/posts\/747661\/revisions"}],"wp:featuredmedia":[{"embeddable":true,"href":"https:\/\/www.europesays.com\/es\/wp-json\/wp\/v2\/media\/747662"}],"wp:attachment":[{"href":"https:\/\/www.europesays.com\/es\/wp-json\/wp\/v2\/media?parent=747661"}],"wp:term":[{"taxonomy":"category","embeddable":true,"href":"https:\/\/www.europesays.com\/es\/wp-json\/wp\/v2\/categories?post=747661"},{"taxonomy":"post_tag","embeddable":true,"href":"https:\/\/www.europesays.com\/es\/wp-json\/wp\/v2\/tags?post=747661"}],"curies":[{"name":"wp","href":"https:\/\/api.w.org\/{rel}","templated":true}]}}