{"id":747681,"date":"2026-09-04T15:31:34","date_gmt":"2026-09-04T15:31:34","guid":{"rendered":"https:\/\/www.europesays.com\/es\/747681\/"},"modified":"2026-09-04T15:31:34","modified_gmt":"2026-09-04T15:31:34","slug":"la-guardia-civil-informa-a-la-jueza-de-que-no-recibio-aviso-alguno-sobre-el-alcance-que-tendria-la-llegada-de-migrantes-a-ceuta","status":"publish","type":"post","link":"https:\/\/www.europesays.com\/es\/747681\/","title":{"rendered":"La Guardia Civil informa a la jueza de que no recibi\u00f3 aviso alguno sobre \u00abel alcance\u00bb que tendr\u00eda la llegada de migrantes a Ceuta"},"content":{"rendered":"<p class=\"article-text\">\n        El informe que ha remitido este viernes la Guardia Civil a la jueza de la Audiencia Nacional que investiga la crisis de Ceuta recoge que el instituto armado no recibi\u00f3 ning\u00fan aviso que advirtiera de la llegada de migrantes a la ciudad aut\u00f3noma \u201cen el contenido ni alcance\u201d que finalmente se produjo, avanzan a elDiario.es fuentes conocedoras del documento.\n    <\/p>\n<p>    <a href=\"https:\/\/www.eldiario.es\/politica\/policia-busca-autor-crisis-ceuta-no-mafia-evita-dar-cara-ayuda-gendarmeria-marroqui_1_13483327.html\" data-mrf-recirculation=\"saber-mas\" data-dl-event=\"saber-mas\" rel=\"nofollow noopener\" target=\"_blank\"><\/p>\n<p class=\"know-more__title\">La Polic\u00eda busca al autor de la crisis de Ceuta: no es una mafia, evita dar la cara y tiene ayuda de la Gendarmer\u00eda marroqu\u00ed<\/p>\n<p>            <img decoding=\"async\" class=\"lazy\" loading=\"lazy\" data-src=\"https:\/\/static.eldiario.es\/clip\/1a9f8465-6a10-4fb5-b2aa-e727d4313fc0_16-9-aspect-ratio_default_0_x871y62.jpg\" src=\"data:image\/svg+xml,%3Csvg xmlns=\" http:=\"\" viewbox=\"0 0 880 495\" alt=\"La Polic\u00eda busca al autor de la crisis de Ceuta: no es una mafia, evita dar la cara y tiene ayuda de la Gendarmer\u00eda marroqu\u00ed\"\/><\/p>\n<p>                        <\/a><\/p>\n<p class=\"article-text\">\n        El oficio del Servicio de Informaci\u00f3n de la Guardia Civil (SIGC) no menciona al Centro Nacional de Inteligencia (CNI) ni a ning\u00fan otro organismo en concreto y se refiere a los \u201cforos habituales\u201d de comunicaci\u00f3n abiertos permanentemente en materia de inmigraci\u00f3n con otras fuerzas de seguridad, agencias y servicios de Informaci\u00f3n, tanto nacionales como extranjeros.\n    <\/p>\n<p class=\"article-text\">\n        En el mismo informe, el SIGC recoge que en los d\u00edas previos a la llegada masiva de migrantes los d\u00edas 30 y 31 de julio fue compartida en los citados informaci\u00f3n referente a la posible afluencia de personas a la frontera que se hab\u00eda captado en redes sociales. Y precisa, a continuaci\u00f3n, que esas informaciones \u201cno se correspond\u00edan en contenido ni alcance\u201d con los hechos que provocaron despu\u00e9s \u201cel colapso de la frontera\u201d . Los agentes de la Guardia Civil hablan un desplazamiento de migrantes al mismo tiempo \u201ccon una dimensi\u00f3n sin precedentes\u201d.\n    <\/p>\n<p class=\"article-text\">\n        La jueza de la Audiencia Nacional Mar\u00eda Tard\u00f3n abri\u00f3 diligencias el 31 de julio y, en el marco de las mismas, se dirigi\u00f3 a la Guardia Civil el 4 de agosto para conocer si recibi\u00f3 \u201calguna informaci\u00f3n en los d\u00edas previos\u201d que \u201chubiese podido alertar\u201d sobre lo que iba a ocurrir.\n    <\/p>\n<p class=\"article-text\">\n        La magistrada tambi\u00e9n solicitaba que se le informara del dispositivo desarrollado por los distintos efectivos de Guardia Civil desplegados en el territorio, particularmente en lo relativo a las operaciones de rescate de las personas que se hayan localizado en las aguas territoriales espa\u00f1olas. Adem\u00e1s, en el caso de personas fallecidas, si constara la causa y la data de la muerte y, en el caso de las personas supervivientes, su identidad y datos de localizaci\u00f3n que se hubiesen podido recabar. Todos esos datos son respondidos en el oficio del instituto armado remitido hoy.\n    <\/p>\n<p class=\"article-text\">\n        La jueza tambi\u00e9n pidi\u00f3 a la Polic\u00eda otro informe, de distinto contenido, que la Comisar\u00eda General de Extranjer\u00eda y Fronteras le hizo llegar esta semana. Tard\u00f3n ped\u00eda a la Polic\u00eda aclarar si la afluencia masiva de migrantes se trat\u00f3 de \u201cuna acci\u00f3n concertada o dirigida por alguna organizaci\u00f3n o grupo criminal\u201d.\n    <\/p>\n<p class=\"article-text\">\n        En el informe de la Polic\u00eda, los agentes analizan una serie de v\u00eddeos y fotograf\u00edas obtenidas de fuentes abiertas sin llegar a se\u00f1alar la \u201cautor\u00eda material e intelectual\u201d del asalto, pero atribuy\u00e9ndoselo a una entidad centralizada, con intereses distintos a los migratorios y que cont\u00f3 con la ayuda de miembros de las Fuerzas de Seguridad marroqu\u00edes.\n    <\/p>\n<p>    <a href=\"https:\/\/www.eldiario.es\/politica\/fiscalia-apoya-audiencia-nacional-investigue-crisis-ceuta_1_13485885.html\" data-mrf-recirculation=\"saber-mas-abajo\" data-dl-event=\"saber-mas-abajo\" rel=\"nofollow noopener\" target=\"_blank\"><\/p>\n<p class=\"know-more__title\">La Fiscal\u00eda apoya que la Audiencia Nacional investigue la crisis de Ceuta<\/p>\n<p>            <img decoding=\"async\" class=\"lazy\" loading=\"lazy\" data-src=\"https:\/\/static.eldiario.es\/clip\/d30f16b9-cd7d-4fa1-9d47-bed6d4b1e11b_16-9-aspect-ratio_default_0_x941y883.jpg\" src=\"data:image\/svg+xml,%3Csvg xmlns=\" http:=\"\" viewbox=\"0 0 880 495\" alt=\"La Fiscal\u00eda apoya que la Audiencia Nacional investigue la crisis de Ceuta\"\/><\/p>\n<p>                        <\/a><\/p>\n<p class=\"article-text\">\n        Como adelant\u00f3 este jueves elDiario.es, la Fiscal\u00eda de la Audiencia Nacional ha informado a favor de que el tribunal especializado investigue los hechos por las caracter\u00edsticas que revisten y los delitos que pueden conllevar. Con los informes de Polic\u00eda, Guardia Civil y Fiscal\u00eda, la magistrada Mar\u00eda Tard\u00f3n debe decidir si admite a tr\u00e1mite la denuncia del partido Iustitia Europa y abre una causa.\n    <\/p>\n","protected":false},"excerpt":{"rendered":"El informe que ha remitido este viernes la Guardia Civil a la jueza de la Audiencia Nacional que&hellip;\n","protected":false},"author":2,"featured_media":747682,"comment_status":"","ping_status":"","sticky":false,"template":"","format":"standard","meta":{"footnotes":""},"categories":[5],"tags":[30213,2977,17,18,4486,2804,25,24,13,14,2803,11,16508,9864,19,20,5808,890,9,689,10,15,16,6382,23,47726,12,21,22],"class_list":["post-747681","post","type-post","status-publish","format-standard","has-post-thumbnail","category-titulares","tag-alcance","tag-aviso","tag-breaking-news","tag-breakingnews","tag-ceuta","tag-civil","tag-es","tag-espana","tag-featured-news","tag-featurednews","tag-guardia","tag-headlines","tag-informa","tag-jueza","tag-latest-news","tag-latestnews","tag-llegada","tag-migrantes","tag-news","tag-no","tag-noticias","tag-noticias-destacadas","tag-noticiasdestacadas","tag-recibio","tag-spain","tag-tendria","tag-titulares","tag-ultimas-noticias","tag-ultimasnoticias"],"share_on_mastodon":{"url":"https:\/\/pubeurope.com\/@es\/117213494510142444","error":""},"_links":{"self":[{"href":"https:\/\/www.europesays.com\/es\/wp-json\/wp\/v2\/posts\/747681","targetHints":{"allow":["GET"]}}],"collection":[{"href":"https:\/\/www.europesays.com\/es\/wp-json\/wp\/v2\/posts"}],"about":[{"href":"https:\/\/www.europesays.com\/es\/wp-json\/wp\/v2\/types\/post"}],"author":[{"embeddable":true,"href":"https:\/\/www.europesays.com\/es\/wp-json\/wp\/v2\/users\/2"}],"replies":[{"embeddable":true,"href":"https:\/\/www.europesays.com\/es\/wp-json\/wp\/v2\/comments?post=747681"}],"version-history":[{"count":0,"href":"https:\/\/www.europesays.com\/es\/wp-json\/wp\/v2\/posts\/747681\/revisions"}],"wp:featuredmedia":[{"embeddable":true,"href":"https:\/\/www.europesays.com\/es\/wp-json\/wp\/v2\/media\/747682"}],"wp:attachment":[{"href":"https:\/\/www.europesays.com\/es\/wp-json\/wp\/v2\/media?parent=747681"}],"wp:term":[{"taxonomy":"category","embeddable":true,"href":"https:\/\/www.europesays.com\/es\/wp-json\/wp\/v2\/categories?post=747681"},{"taxonomy":"post_tag","embeddable":true,"href":"https:\/\/www.europesays.com\/es\/wp-json\/wp\/v2\/tags?post=747681"}],"curies":[{"name":"wp","href":"https:\/\/api.w.org\/{rel}","templated":true}]}}