{"id":747709,"date":"2026-09-04T15:54:08","date_gmt":"2026-09-04T15:54:08","guid":{"rendered":"https:\/\/www.europesays.com\/es\/747709\/"},"modified":"2026-09-04T15:54:08","modified_gmt":"2026-09-04T15:54:08","slug":"el-ministro-hereu-anuncia-un-principio-de-acuerdo-en-airbus-que-deja-fuera-a-los-sindicatos-cgt-y-util","status":"publish","type":"post","link":"https:\/\/www.europesays.com\/es\/747709\/","title":{"rendered":"El ministro Hereu anuncia un principio de acuerdo en Airbus que deja fuera a los sindicatos CGT y \u00daTIL"},"content":{"rendered":"<p class=\"article-text\">\n        El ministro de Industria, Comercio y Turismo, Jordi Hereu, ha anunciado este viernes un \u201cprincipio de acuerdo\u201d entre <a href=\"https:\/\/www.eldiario.es\/economia\/industria-media-conflicto-laboral-airbus-cita-partes-viernes_1_13486750.html\" data-mrf-recirculation=\"links-noticia\" class=\"link\" rel=\"nofollow noopener\" target=\"_blank\">Airbus <\/a>y los sindicatos mayoritarios Comisiones Obreras (CCOO), ATP, SIPA y UGT, que les permite \u201crecuperar el poder adquisitivo por encima de la inflaci\u00f3n\u201d y sumar otros derechos reivindicados como comedor y flexibilidad laboral con teletrabajo. Los otros dos sindicatos convocantes de la huelga con paros que dura ya 35 d\u00edas, CGT y \u00daTIL, se han quedado a las puertas de la reuni\u00f3n en el Ministerio, a la que no les han permitido entrar, explican fuentes de ambos sindicatos.\n    <\/p>\n<p>    <a href=\"https:\/\/www.eldiario.es\/economia\/airbus-afronta-nueva-huelga-conflicto-estallo-teletrabajo-revelado-ola-insatisfaccion_1_13458383.html\" data-mrf-recirculation=\"saber-mas\" data-dl-event=\"saber-mas\" rel=\"nofollow noopener\" target=\"_blank\"><\/p>\n<p class=\"know-more__title\">Airbus afronta una nueva huelga: un conflicto que estall\u00f3 por el teletrabajo y ha revelado una ola de insatisfacci\u00f3n<\/p>\n<p>            <img decoding=\"async\" class=\"lazy\" loading=\"lazy\" data-src=\"https:\/\/static.eldiario.es\/clip\/296186b1-11ce-405f-994b-8f8813e69235_16-9-aspect-ratio_default_0_x907y990.jpg\" src=\"data:image\/svg+xml,%3Csvg xmlns=\" http:=\"\" viewbox=\"0 0 880 495\" alt=\"Airbus afronta una nueva huelga: un conflicto que estall\u00f3 por el teletrabajo y ha revelado una ola de insatisfacci\u00f3n\"\/><\/p>\n<p>                        <\/a><\/p>\n<p class=\"article-text\">\n        \u201cNo era una negociaci\u00f3n, a esta reuni\u00f3n estaban convocados los que estaban de acuerdo con el acuerdo\u201d, ha zanjado Hereu. A la reuni\u00f3n ha asistido tambi\u00e9n el CEO global de Airbus, Guillaume Faury, que ha conversado brevemente con Hereu tras la reuni\u00f3n formal.\n    <\/p>\n<p class=\"article-text\">\n        Fuentes de UGT precisan a elDiario.es que \u201cno han firmado\u201d ning\u00fan acuerdo, ni preacuerdo, que solo \u201chan recogido una propuesta\u201d. Seg\u00fan ha podido saber este medio, en la intervenci\u00f3n de UGT ha expresado su \u201cincomodidad\u201d por la ausencia de los representantes de CGT y \u00daTIL y ha \u201capoyado\u201d la propuesta del Ministerio de Industria, al que ha agradecido su intermediaci\u00f3n.\n    <\/p>\n<p class=\"article-text\">\n        El portavoz de UGT ha precisado que la propuesta deber\u00e1 pasar por los cauces de consulta a la plantilla, pero ha afirmado que el sindicato se va a mostrar a favor de lo que entienden que es una salida \u201cdigna\u201d al conflicto.\n    <\/p>\n<p class=\"article-text\">\n        Airbus ha mandado un comunicado tras la reuni\u00f3n en el que afirma que \u201cla empresa y los representantes sindicales de ATP, CCOO, SIPA y UGT hemos llegado a una propuesta de entendimiento, facilitada y apoyada por el Ministerio de Industria, que nos permite alcanzar el consenso necesario para someterla a refer\u00e9ndum a todos nuestros empleados\u201d. La multinacional destaca que \u201cestos sindicatos suman el 88% de los representantes sindicales en Airbus\u201d.\n    <\/p>\n<p>    La propuesta se someter\u00e1 a un refer\u00e9ndum por la empresa<\/p>\n<p class=\"article-text\">\n        Ahora, la multinacional volver\u00e1 a someter esta nueva \u201cpropuesta de entendimiento\u201d a un refer\u00e9ndum interno en la plantilla, como el que se realiz\u00f3 en julio y que rechazaron los trabajadores. A\u00fan sin fecha, la votaci\u00f3n se celebrar\u00e1 este mes de septiembre.\n    <\/p>\n<p class=\"article-text\">\n        Desde las asambleas de trabajadores criticaron el procedimiento de votaci\u00f3n de julio por la nula capacidad de supervisi\u00f3n por parte de los sindicatos, as\u00ed como por la posibilidad de votar de los managers y otros altos cargos de la empresa a los que no se les aplica el convenio colectivo.\n    <\/p>\n<p class=\"article-text\">\n        Airbus ha calificado la propuesta como \u201cuna soluci\u00f3n equilibrada al conflicto\u201d, que permite \u201cproteger la estabilidad de la empresa, el bienestar y la seguridad de todos los empleados\u201d, as\u00ed como el futuro de la actividad industrial de la multinacional en Espa\u00f1a.\n    <\/p>\n<p class=\"article-text\">\n        Alfonso Mora, responsable de CCOO en el Comit\u00e9 Intercentros, se ha mostrado a favor de la propuesta tras la reuni\u00f3n y ha afirmado que se explicar\u00e1 su contenido en los pr\u00f3ximos d\u00edas a la plantilla, de cara a la futura votaci\u00f3n.\n    <\/p>\n<p class=\"article-text\">\n        Las entradas en escena del ministro como mediador y del CEO global de Airbus que ha aterrizado en Madrid, al parecer, han sido claves para cerrar esta \u201cpropuesta de entendimiento\u201d, a la espera de que los trabajadores den o no el visto bueno al acuerdo.\n    <\/p>\n<p>    Bronca por la negociaci\u00f3n durante el conflicto<\/p>\n<p class=\"article-text\">\n        Tras un mes de tensi\u00f3n, el jueves las asambleas de trabajadores de Sevilla y Getafe, dos de las mayores plantas de la compa\u00f1\u00eda en Espa\u00f1a, expresaban su descontento, no solo por la falta de acuerdo. Tambi\u00e9n, acusaban a la empresa de dividir a la plantilla de forma \u201cilegal\u201d y con \u201cmala fe\u201d al cerrar la mesa con el comit\u00e9 de huelga y <a href=\"https:\/\/www.eldiario.es\/economia\/plantilla-airbus-votara-proximo-lunes-si-suspende-temporalmente-huelga_1_13473100.html\" target=\"_blank\" data-mrf-recirculation=\"links-noticia\" class=\"link\" rel=\"nofollow noopener\">trata de ubicar un acuerdo<\/a> en otro foro con todos los sindicatos. La empresa aeron\u00e1utica tiene 14.000 trabajadores repartidos en cinco centros en toda Espa\u00f1a.\n    <\/p>\n<p class=\"article-text\">\n        Fuentes sindicales de CGT y \u00daTIL han expresado su malestar por la forma en que se ha cerrado el acuerdo. Tras haber sido invitados al acto, a los representantes de \u00daTIL se les ha invitado a una sala para una reuni\u00f3n previa donde los abogados de la empresa les han asegurado que \u201clo de este viernes no era una negociaci\u00f3n\u201d, explican en el sindicato.\n    <\/p>\n<p class=\"article-text\">\n        Aunque les han dicho que hablar\u00edan con el secretario, han estado dos horas en una sala de espera, cuentan, sin poder mediar. \u201cNos han aclarado que solo quer\u00edan reunirse con aquellos que estaban de acuerdo con los t\u00e9rminos del acuerdo\u201d, cuentan estas fuentes. Pero solo a posteriori han recibido un borrador de este acuerdo, sin darles oportunidad de explicar su postura.\n    <\/p>\n<p class=\"article-text\">\n        Fuentes de CGT confirman la misma situaci\u00f3n, en las que se les ha derivado a otra sala, sin conocer la propuesta de entendimiento ni permitirles entrar en la reuni\u00f3n. Seg\u00fan fuentes del sindicato, sin ninguna explicaci\u00f3n sobre esta exclusi\u00f3n.\n    <\/p>\n<p class=\"article-text\">\n        El ministro Hereu ha querido quitar hierro al malentendido con los sindicatos y ha invitado a CGT y \u00daTIL a \u201cunirse al acuerdo\u201d. Ha asegurado que \u201cAirbus es una empresa estrat\u00e9gica para Europa y para Espa\u00f1a\u201d y que el acuerdo supone \u201cun paso adelante importante\u201d para garantizar su competitividad.\n    <\/p>\n<p class=\"article-text\">\n        El ministro ha puesto de relieve la importancia del \u201cdi\u00e1logo social\u201d para los avances y la competitividad industriales. \u201cEs un magn\u00edfico principio de acuerdo, porque salen ganando los trabajadores pero la empresa garantiza viabilidad y competitividad\u201d, ha a\u00f1adido. \u201cLa inmensa mayor\u00eda est\u00e1 a favor del acuerdo. Necesitamos un fuerte respaldo porque este acuerdo es el que garantiza el futuro de la empresa\u201d, ha completado.\n    <\/p>\n<p>    <a href=\"https:\/\/www.eldiario.es\/economia\/volcan-descontento-airbus-no-apaga-cinco-semanas-huelga-no-escuchando_1_13484829.html\" data-mrf-recirculation=\"saber-mas-abajo\" data-dl-event=\"saber-mas-abajo\" rel=\"nofollow noopener\" target=\"_blank\"><\/p>\n<p class=\"know-more__title\">El \u201cvolc\u00e1n\u201d del descontento en Airbus no se apaga tras cinco semanas de huelga: \u201cNo nos est\u00e1n escuchando\u201d\n<\/p>\n<p>            <img decoding=\"async\" class=\"lazy\" loading=\"lazy\" data-src=\"https:\/\/static.eldiario.es\/clip\/f17e3613-76e2-4baf-b3f7-37832d0dd1d9_16-9-aspect-ratio_default_0_x1209y871.jpg\" src=\"data:image\/svg+xml,%3Csvg xmlns=\" http:=\"\" viewbox=\"0 0 880 495\" alt=\"El &quot;volc\u00e1n&quot; del descontento en Airbus no se apaga tras cinco semanas de huelga: &quot;No nos est\u00e1n escuchando&quot;\"\/><\/p>\n<p>                        <\/a><\/p>\n<p class=\"article-text\">\n        Hereu tambi\u00e9n se ha expresado sobre el posible fin de la marca Seat anunciado por Volkswagen, que la sustituir\u00e1 paulatinamente por Cupra. \u201cEs evidente que Seat es una gran marca\u201d, ha dicho Hereu. \u201cQuiero recordar que nacen proyectos industriales en base a la recuperaci\u00f3n de marcas, como Santana o Ebro\u201d, ha a\u00f1adido, y ha expresado su querencia por Seat, \u201cuna de las grandes marcas\u201d. \u201cEspero que en un futuro podremos hablar del desarrollo industrial ligado a esta marca\u201d, ha completado.\n    <\/p>\n","protected":false},"excerpt":{"rendered":"El ministro de Industria, Comercio y Turismo, Jordi Hereu, ha anunciado este viernes un \u201cprincipio de acuerdo\u201d entre&hellip;\n","protected":false},"author":2,"featured_media":747710,"comment_status":"","ping_status":"","sticky":false,"template":"","format":"standard","meta":{"footnotes":""},"categories":[8],"tags":[945,56905,4187,17,18,21455,51,25,24,13,14,8471,11,66549,19,20,7459,9,10,15,16,876,3905,23,12,21,22,25581],"class_list":["post-747709","post","type-post","status-publish","format-standard","has-post-thumbnail","category-espana","tag-acuerdo","tag-airbus","tag-anuncia","tag-breaking-news","tag-breakingnews","tag-cgt","tag-deja","tag-es","tag-espana","tag-featured-news","tag-featurednews","tag-fuera","tag-headlines","tag-hereu","tag-latest-news","tag-latestnews","tag-ministro","tag-news","tag-noticias","tag-noticias-destacadas","tag-noticiasdestacadas","tag-principio","tag-sindicatos","tag-spain","tag-titulares","tag-ultimas-noticias","tag-ultimasnoticias","tag-util"],"share_on_mastodon":{"url":"https:\/\/pubeurope.com\/@es\/117213584957716954","error":""},"_links":{"self":[{"href":"https:\/\/www.europesays.com\/es\/wp-json\/wp\/v2\/posts\/747709","targetHints":{"allow":["GET"]}}],"collection":[{"href":"https:\/\/www.europesays.com\/es\/wp-json\/wp\/v2\/posts"}],"about":[{"href":"https:\/\/www.europesays.com\/es\/wp-json\/wp\/v2\/types\/post"}],"author":[{"embeddable":true,"href":"https:\/\/www.europesays.com\/es\/wp-json\/wp\/v2\/users\/2"}],"replies":[{"embeddable":true,"href":"https:\/\/www.europesays.com\/es\/wp-json\/wp\/v2\/comments?post=747709"}],"version-history":[{"count":0,"href":"https:\/\/www.europesays.com\/es\/wp-json\/wp\/v2\/posts\/747709\/revisions"}],"wp:featuredmedia":[{"embeddable":true,"href":"https:\/\/www.europesays.com\/es\/wp-json\/wp\/v2\/media\/747710"}],"wp:attachment":[{"href":"https:\/\/www.europesays.com\/es\/wp-json\/wp\/v2\/media?parent=747709"}],"wp:term":[{"taxonomy":"category","embeddable":true,"href":"https:\/\/www.europesays.com\/es\/wp-json\/wp\/v2\/categories?post=747709"},{"taxonomy":"post_tag","embeddable":true,"href":"https:\/\/www.europesays.com\/es\/wp-json\/wp\/v2\/tags?post=747709"}],"curies":[{"name":"wp","href":"https:\/\/api.w.org\/{rel}","templated":true}]}}