{"id":747731,"date":"2026-09-04T16:13:13","date_gmt":"2026-09-04T16:13:13","guid":{"rendered":"https:\/\/www.europesays.com\/es\/747731\/"},"modified":"2026-09-04T16:13:13","modified_gmt":"2026-09-04T16:13:13","slug":"manu-sanchez-carga-contra-ana-rosa-e-iker-jimenez-por-su-desembarco-en-ceuta-acuden-al-olor-a-sangre","status":"publish","type":"post","link":"https:\/\/www.europesays.com\/es\/747731\/","title":{"rendered":"Manu S\u00e1nchez carga contra Ana Rosa e Iker Jim\u00e9nez por su desembarco en Ceuta: \u00abAcuden al olor a sangre\u00bb"},"content":{"rendered":"<p class=\"ft-text ft-helper-closenews\">Manu S\u00e1nchez abri\u00f3 la segunda temporada de <strong>&#8216;El perro andaluz&#8217;<\/strong> con un extenso mon\u00f3logo dedicado a la crisis migratoria de Ceuta. El presentador asegur\u00f3 que, pese a encontrarse f\u00edsicamente en el plat\u00f3 de La 1, emocionalmente continuaba junto a una ciudad que considera su segunda casa: \u00abHoy no quiero estar aqu\u00ed, sigo en Ceuta\u00bb.<\/p>\n<p class=\"ft-text\">El humorista pidi\u00f3 a los partidos que dejaran de utilizar la situaci\u00f3n como arma electoral, rechaz\u00f3 el lenguaje b\u00e9lico empleado para hablar de los migrantes y denunci\u00f3 el papel desempe\u00f1ado por Marruecos. S\u00e1nchez defendi\u00f3 simult\u00e1neamente el miedo de los ceut\u00edes y la situaci\u00f3n de quienes cruzaron la frontera buscando ayuda.<\/p>\n<p>Un contundente juego de palabras<\/p>\n<p class=\"ft-text\">Su intervenci\u00f3n acab\u00f3 se\u00f1alando directamente a varios rostros televisivos que se desplazaron hasta la ciudad aut\u00f3noma. El presentador aclar\u00f3 que cuando los ceut\u00edes reclaman m\u00e1s medios se refieren a soluciones y efectivos, \u00abno a que vaya Ana Rosa Quintana, Carmen Porter e Iker Jim\u00e9nez acudiendo al olor a sangre y a todo lo que sea amarillo\u00bb.<\/p>\n<p class=\"ft-text\">Manu S\u00e1nchez remat\u00f3 su cr\u00edtica con una de las frases m\u00e1s duras del estreno: \u00ab<strong>M\u00e1s medios s\u00ed, pero menos buitres tambi\u00e9n<\/strong>\u00ab. De esta manera cuestion\u00f3 el tratamiento sensacionalista que, a su juicio, algunos programas estar\u00edan realizando de la crisis, as\u00ed como la llegada de comunicadores atra\u00eddos por el impacto informativo de lo sucedido.<\/p>\n<p data-close=\"closedContent\" class=\"subscribeHideForDisplay\">Suscr\u00edbete para seguir leyendo<\/p>\n","protected":false},"excerpt":{"rendered":"Manu S\u00e1nchez abri\u00f3 la segunda temporada de &#8216;El perro andaluz&#8217; con un extenso mon\u00f3logo dedicado a la crisis&hellip;\n","protected":false},"author":2,"featured_media":747732,"comment_status":"","ping_status":"","sticky":false,"template":"","format":"standard","meta":{"footnotes":""},"categories":[91],"tags":[5761,683,6514,4486,32053,146,147,25,24,12929,11672,7565,54155,2465,518,199,13967,23],"class_list":["post-747731","post","type-post","status-publish","format-standard","has-post-thumbnail","category-entretenimiento","tag-acuden","tag-ana","tag-carga","tag-ceuta","tag-desembarco","tag-entertainment","tag-entretenimiento","tag-es","tag-espana","tag-iker","tag-jimenez","tag-manu","tag-olor","tag-rosa","tag-rtve","tag-sanchez","tag-sangre","tag-spain"],"share_on_mastodon":{"url":"https:\/\/pubeurope.com\/@es\/117213659764789671","error":""},"_links":{"self":[{"href":"https:\/\/www.europesays.com\/es\/wp-json\/wp\/v2\/posts\/747731","targetHints":{"allow":["GET"]}}],"collection":[{"href":"https:\/\/www.europesays.com\/es\/wp-json\/wp\/v2\/posts"}],"about":[{"href":"https:\/\/www.europesays.com\/es\/wp-json\/wp\/v2\/types\/post"}],"author":[{"embeddable":true,"href":"https:\/\/www.europesays.com\/es\/wp-json\/wp\/v2\/users\/2"}],"replies":[{"embeddable":true,"href":"https:\/\/www.europesays.com\/es\/wp-json\/wp\/v2\/comments?post=747731"}],"version-history":[{"count":0,"href":"https:\/\/www.europesays.com\/es\/wp-json\/wp\/v2\/posts\/747731\/revisions"}],"wp:featuredmedia":[{"embeddable":true,"href":"https:\/\/www.europesays.com\/es\/wp-json\/wp\/v2\/media\/747732"}],"wp:attachment":[{"href":"https:\/\/www.europesays.com\/es\/wp-json\/wp\/v2\/media?parent=747731"}],"wp:term":[{"taxonomy":"category","embeddable":true,"href":"https:\/\/www.europesays.com\/es\/wp-json\/wp\/v2\/categories?post=747731"},{"taxonomy":"post_tag","embeddable":true,"href":"https:\/\/www.europesays.com\/es\/wp-json\/wp\/v2\/tags?post=747731"}],"curies":[{"name":"wp","href":"https:\/\/api.w.org\/{rel}","templated":true}]}}