{"id":747739,"date":"2026-09-04T16:17:46","date_gmt":"2026-09-04T16:17:46","guid":{"rendered":"https:\/\/www.europesays.com\/es\/747739\/"},"modified":"2026-09-04T16:17:46","modified_gmt":"2026-09-04T16:17:46","slug":"maestros-interinos-curso-2026-2027-aisi-1-adjudicacion-profesorado","status":"publish","type":"post","link":"https:\/\/www.europesays.com\/es\/747739\/","title":{"rendered":"Maestros interinos: curso 2026\/2027. AISI 1 &#8211; Adjudicaci\u00f3n &#8211; Profesorado"},"content":{"rendered":"<p class=\"cmParagraph cmAlignright\"><strong>Publicado el 4 de septiembre de 2026, a las 13:30 h.<\/strong><\/p>\n<p class=\"cmParagraph cmAlignjustify\">La \u00a0<a href=\"https:\/\/www.educa.jcyl.es\/profesorado\/es\/interinos\/interinos-cuerpo-maestros\/maestros-interinos-curso-2026-2027-aivi-aisi-aisi-semanal\/maestros-interinos-curso-2026-2027-aisi-sustituciones\/maestros-interinos-curso-2026-2027-aisi-1-adjudicacion.ficheros\/1961700-Resoluci%C3%B3n%20de%204%20de%20septiembre%20de%202026%2Cde%20la%20Direcci%C3%B3n%20General%20de%20Profesionales%20de%20la%20Educaci%C3%B3n.pdf\" rel=\"nofollow noopener\" target=\"_blank\"><img loading=\"lazy\" decoding=\"async\" src=\"https:\/\/www.europesays.com\/es\/wp-content\/uploads\/2026\/09\/images.gif\" width=\"16\" height=\"16\" alt=\"Documento PDF\" \/>\u00a0Resoluci\u00f3n de 4 de septiembre de 2026, de la Direcci\u00f3n General de Profesionales de la Educaci\u00f3n (411.4 KB) (4 p\u00e1ginas)<\/a>\u00a0 de la Consejer\u00eda de Educaci\u00f3n, adjudica las sustituciones de inicio de curso del cuerpo de maestros en el procedimiento de adjudicaci\u00f3n informatizada de puestos de trabajo docentes en r\u00e9gimen de interinidad para el curso escolar 2026\/2027.<\/p>\n<p>TOMA DE POSESI\u00d3N (apartado Cuarto)<\/p>\n<p class=\"cmParagraph cmAlignjustify\">El personal que haya obtenido destino <strong>deber\u00e1 efectuar la toma de posesi\u00f3n el lunes 7 de septiembre de 2026 siguiendo las INSTRUCCIONES<\/strong> y aportando la documentaci\u00f3n que al efecto se\u00f1ale la <strong>DIRECCI\u00d3N PROVINCIAL DE EDUCACI\u00d3N<\/strong> <strong>en la que haya obtenido la sustituci\u00f3n de inicio de curso<\/strong>. <a href=\"https:\/\/www.educa.jcyl.es\/dprovincial\/es?locale=es_ES\" title=\"\" target=\"_blank\" rel=\"nofollow noopener\">Direcciones Provinciales &#8211; Portal de Educaci\u00f3n de la Junta de Castilla Y Le\u00f3n (jcyl.es)<\/a><\/p>\n<p class=\"cmParagraph cmAlignjustify\">A trav\u00e9s de este <strong>Formulario Web<\/strong> puede cumplimentar los datos requeridos para formalizar la toma de posesi\u00f3n: puede acceder pinchando esta imagen:<\/p>\n<p class=\"cmParagraph\"><a href=\"https:\/\/aplicaciones.educa.jcyl.es\/AEDO\/login\/1788_5947\" title=\"\" class=\"cmContentImageLink\" target=\"_blank\" rel=\"nofollow noopener\"><img loading=\"lazy\" decoding=\"async\" src=\"https:\/\/www.europesays.com\/es\/wp-content\/uploads\/2026\/09\/1961687-acceso-al-formulario.png\" class=\"cmEmbedImagecenter cmEmbedImagecenter\" width=\"232\" height=\"75\" alt=\"acceso-al-formulario. Este enlace se abrir\u00e1 en una ventana nueva\" \/><\/a><\/p>\n<p class=\"cmParagraph cmAlignjustify\">Quienes no formalicen la citada toma de posesi\u00f3n dentro del plazo y condiciones establecidas, se considerar\u00e1 que renuncian al puesto adjudicado suponiendo la eliminaci\u00f3n de todas las listas en las que se encuentren incluidos hasta la nueva elaboraci\u00f3n de las mismas.<\/p>\n<p>\nRENUNCIAS (apartado Quinto)<\/p>\n<p class=\"cmParagraph cmAlignjustify\">Las renuncias deber\u00e1n realizarse mediante el correspondiente formulario de solicitud de renuncia, debiendo <strong>presentarlo junto con la documentaci\u00f3n oportuna el lunes 7 de septiembre de 2026<\/strong>, preferentemente en el registro de la Consejer\u00eda de Educaci\u00f3n o en las dem\u00e1s dependencias a que se refiere el art\u00edculo 16.4 de la Ley 39\/2015, de 1 de octubre. Las recibidas con posterioridad a ese plazo no se tendr\u00e1n en consideraci\u00f3n y tendr\u00e1n el tratamiento de renuncias no justificadas.<\/p>\n<p class=\"cmParagraph cmAlignjustify\">Las renuncias alegadas por los aspirantes tengan el car\u00e1cter de justificadas o no, se extender\u00e1n a todas las listas de los diferentes cuerpos docentes en las que se encuentren incluidos.<\/p>\n<p class=\"cmParagraph cmAlignjustify\">A trav\u00e9s de este Formulario Web puede cumplimentar los datos requeridos para renunciar al puesto adjudicado con o sin causa justificada: puede acceder pinchando esta imagen:<\/p>\n<p class=\"cmParagraph\"><a href=\"https:\/\/aplicaciones.educa.jcyl.es\/AEDO\/login\/1788_4869\" title=\"\" class=\"cmContentImageLink\" target=\"_blank\" rel=\"nofollow noopener\"><img loading=\"lazy\" decoding=\"async\" src=\"https:\/\/www.europesays.com\/es\/wp-content\/uploads\/2026\/09\/1961687-acceso-al-formulario.png\" class=\"cmEmbedImagecenter cmEmbedImagecenter\" width=\"232\" height=\"75\" alt=\"acceso-al-formulario. Este enlace se abrir\u00e1 en una ventana nueva\" \/><\/a><\/p>\n<p><\/p>\n<p class=\"cmParagraph cmAlignright\"><strong>Publicado el 3 de septiembre de 2026, a las 11:00 h.<\/strong><\/p>\n<p class=\"cmParagraph\">Se publica el listado y petici\u00f3n de sustituciones de inicio de curso del cuerpo de maestros a ofertar en el procedimiento de adjudicaci\u00f3n informatizada de puestos de trabajo docentes en r\u00e9gimen de interinidad para el curso escolar 2025\/2026.<\/p>\n<p class=\"cmParagraph\">Listado de sustituciones ofertadas: \u00a0<a href=\"https:\/\/www.educa.jcyl.es\/profesorado\/es\/interinos\/interinos-cuerpo-maestros\/maestros-interinos-curso-2026-2027-aivi-aisi-aisi-semanal\/maestros-interinos-curso-2026-2027-aisi-sustituciones\/maestros-interinos-curso-2026-2027-aisi-1-adjudicacion.ficheros\/1961283-AISI-1%20Maestros%20Sustituciones%2020260903_1101.pdf\" rel=\"nofollow noopener\" target=\"_blank\"><img loading=\"lazy\" decoding=\"async\" src=\"https:\/\/www.europesays.com\/es\/wp-content\/uploads\/2026\/09\/images.gif\" width=\"16\" height=\"16\" alt=\"Documento PDF\" \/>\u00a0AISI-1 Maestros Sustituciones (492.1 KB) (107 p\u00e1ginas)<\/a>\u00a0 <\/p>\n<p class=\"cmParagraph\">Plazo para realizar la petici\u00f3n informatizada de sustituciones: desde las 11:00 horas del 3 de septiembre de 2026 hasta las 11:00 horas del 4 de septiembre de 2026.<\/p>\n<p class=\"cmParagraph\"><a href=\"https:\/\/aplicaciones.educa.jcyl.es\/AISI\/\" title=\"Este enlace se abrir\u00e1 en una ventana nueva\" class=\"cmContentImageLink\" target=\"_blank\" rel=\"nofollow noopener\"><img loading=\"lazy\" decoding=\"async\" src=\"https:\/\/www.europesays.com\/es\/wp-content\/uploads\/2026\/09\/1961282-icon_AISI-Peticiones.jpg\" class=\"cmEmbedImagecenter cmEmbedImagecenter\" width=\"248\" height=\"63\" alt=\"icon_AISI-Peticiones. Este enlace se abrir\u00e1 en una ventana nueva\" \/><\/a><br \/>Manual AISI &#8211; Sustituciones: \u00a0<a href=\"https:\/\/www.educa.jcyl.es\/profesorado\/es\/interinos\/interinos-cuerpo-maestros\/maestros-interinos-curso-2026-2027-aivi-aisi-aisi-semanal\/maestros-interinos-curso-2026-2027-aisi-sustituciones\/maestros-interinos-curso-2026-2027-aisi-1-adjudicacion.ficheros\/1960915-Manual_Instrucciones_AISI_2025_AccesoCl%40ve.pdf\" rel=\"nofollow noopener\" target=\"_blank\"><img loading=\"lazy\" decoding=\"async\" src=\"https:\/\/www.europesays.com\/es\/wp-content\/uploads\/2026\/09\/images.gif\" width=\"16\" height=\"16\" alt=\"Documento PDF\" \/>\u00a0Manual Instrucciones AISI (1.2 MB) (14 p\u00e1ginas)<\/a>\u00a0 <\/p>\n<p class=\"cmParagraph\">Acceso a la aplicaci\u00f3n AISI &#8211; Sustituciones a trav\u00e9s de identificaci\u00f3n mediante sistema Cl@ve:<\/p>\n<p class=\"cmParagraph\">Plazo para descargar el Pdf acreditativo con las peticiones efectuadas: desde la finalizaci\u00f3n del plazo de peticiones (11:00 horas del viernes 4 de septiembre) hasta el mi\u00e9rcoles 9 de septiembre.<\/p>\n<p class=\"cmParagraph rojooscuro\">NOTA: La aplicaci\u00f3n de consulta en l\u00ednea de interinos, del Portal de educaci\u00f3n, que permite ver en tiempo real la posici\u00f3n por puntuaci\u00f3n en las listas de las distintas especialidades y provincias del cuerpo de Maestros, se activar\u00e1 al abrirse el plazo de peticiones de este procedimiento, es decir, a las 11:00 del 03\/09\/2026.<\/p>\n<p class=\"cmParagraph cmAlignright\"><strong>Publicado el 1 de septiembre de 2026, a las 10:00 h.<\/strong><\/p>\n<p class=\"cmParagraph\"><strong>Maestros interinos: curso 2026\/2027. AISI 1.<\/strong><\/p>\n<p class=\"cmParagraph\">De conformidad con lo dispuesto en el apartado quinto.2 de la Resoluci\u00f3n de 16 de junio de 2026, de la Direcci\u00f3n General de Recursos Humanos de la Consejer\u00eda de Educaci\u00f3n, por la que se convoca el procedimiento de adjudicaci\u00f3n de puestos de trabajo docentes en r\u00e9gimen de interinidad en los centros p\u00fablicos no universitarios y servicios de apoyo a los mismos dependientes de la Consejer\u00eda de Educaci\u00f3n, para el curso escolar 2026\/2027,<\/p>\n<p class=\"cmParagraph\"><strong>se anuncia que:<\/strong><\/p>\n<ul>\n<li><strong>AISI-1. SUSTITUCIONES:<\/strong> El pr\u00f3ximo jueves 03\/09\/2026 se publicar\u00e1 en el Portal de Educaci\u00f3n la relaci\u00f3n de sustituciones del cuerpo de maestros a ofertar en el primer procedimiento de adjudicaci\u00f3n informatizada de sustituciones de inicio de curso (AISI-1).<\/li>\n<li><strong>PLAZO:<\/strong> En la resoluci\u00f3n que apruebe dicha relaci\u00f3n de sustituciones a ofertar se indicar\u00e1 el plazo para que las personas interesadas efect\u00faen la petici\u00f3n informatizada de sustituciones de inicio de curso a trav\u00e9s de la aplicaci\u00f3n inform\u00e1tica, que en principio ser\u00e1 desde las 10:00 horas del jueves 3 de septiembre de 2026, hasta las 10:00 horas del viernes 4 de septiembre de 2026.<\/li>\n<li><strong>ACCESO:<\/strong> El acceso a la aplicaci\u00f3n para realizar las peticiones requiere identificaci\u00f3n mediante sistema Cl@ve. En el punto de acceso a dicha aplicaci\u00f3n, el interesado se podr\u00e1 descargar un manual de instrucciones para realizar correctamente las peticiones.<\/li>\n<li><strong>PARTICIPACION OBLIGATORIA:<\/strong> Se recuerda a los interesados que, seg\u00fan lo establecido en el apartado quinto.1 de la convocatoria, \u00abquienes no hayan obtenido vacante en el AIVI y no hayan desistido del mismo o solicitado la baja temporal en listas por causa justificada, <strong>est\u00e1n obligados<\/strong> a realizar petici\u00f3n de sustituciones debiendo solicitar, al menos, el 40 por ciento de los puestos de car\u00e1cter obligatorio a los que puedan optar conforme a las especialidades y las provincias consignadas para la obtenci\u00f3n de sustituciones. Asimismo, seg\u00fan lo establecido en el \u00faltimo p\u00e1rrafo del apartado quinto.3, \u00abquienes pudiendo solicitar sustituciones no realicen ninguna petici\u00f3n o formulen solicitud no v\u00e1lida de participaci\u00f3n por no alcanzar el porcentaje indicado en el apartado quinto.1, se entender\u00e1 que desisten de este procedimiento y pasar\u00e1n a la situaci\u00f3n de \u00abno disponible\u00bb durante el curso 2026\/2027&#8243;.<\/li>\n<li><strong>ADJUDICACI\u00d3N Y TOMA DE POSESI\u00d3N:<\/strong> La resoluci\u00f3n de adjudicaci\u00f3n indicar\u00e1 los plazos y procedimiento para realizar la toma de posesi\u00f3n de los puestos adjudicados.<\/li>\n<li><strong>PROCESOS POSTERIORES:<\/strong> tras la resoluci\u00f3n de adjudicaci\u00f3n de este proceso, se anunciar\u00e1 en el Portal de educaci\u00f3n el calendario de los siguientes procesos de adjudicaci\u00f3n de sustituciones.<\/li>\n<\/ul>\n","protected":false},"excerpt":{"rendered":"Publicado el 4 de septiembre de 2026, a las 13:30 h. La \u00a0\u00a0Resoluci\u00f3n de 4 de septiembre de&hellip;\n","protected":false},"author":2,"featured_media":747740,"comment_status":"","ping_status":"","sticky":false,"template":"","format":"standard","meta":{"footnotes":""},"categories":[8],"tags":[17,18,2025,2027,209,2026,25,24,13,14,2031,11,2028,2024,19,20,2030,9,10,15,16,2032,2029,23,12,21,22],"class_list":["post-747739","post","type-post","status-publish","format-standard","has-post-thumbnail","category-espana","tag-breaking-news","tag-breakingnews","tag-castilla-y-len","tag-colegios","tag-cultura","tag-educacion","tag-es","tag-espana","tag-featured-news","tag-featurednews","tag-formacin","tag-headlines","tag-institutos","tag-junta","tag-latest-news","tag-latestnews","tag-maestros","tag-news","tag-noticias","tag-noticias-destacadas","tag-noticiasdestacadas","tag-profesional","tag-profesores","tag-spain","tag-titulares","tag-ultimas-noticias","tag-ultimasnoticias"],"share_on_mastodon":{"url":"https:\/\/pubeurope.com\/@es\/117213676927159883","error":""},"_links":{"self":[{"href":"https:\/\/www.europesays.com\/es\/wp-json\/wp\/v2\/posts\/747739","targetHints":{"allow":["GET"]}}],"collection":[{"href":"https:\/\/www.europesays.com\/es\/wp-json\/wp\/v2\/posts"}],"about":[{"href":"https:\/\/www.europesays.com\/es\/wp-json\/wp\/v2\/types\/post"}],"author":[{"embeddable":true,"href":"https:\/\/www.europesays.com\/es\/wp-json\/wp\/v2\/users\/2"}],"replies":[{"embeddable":true,"href":"https:\/\/www.europesays.com\/es\/wp-json\/wp\/v2\/comments?post=747739"}],"version-history":[{"count":0,"href":"https:\/\/www.europesays.com\/es\/wp-json\/wp\/v2\/posts\/747739\/revisions"}],"wp:featuredmedia":[{"embeddable":true,"href":"https:\/\/www.europesays.com\/es\/wp-json\/wp\/v2\/media\/747740"}],"wp:attachment":[{"href":"https:\/\/www.europesays.com\/es\/wp-json\/wp\/v2\/media?parent=747739"}],"wp:term":[{"taxonomy":"category","embeddable":true,"href":"https:\/\/www.europesays.com\/es\/wp-json\/wp\/v2\/categories?post=747739"},{"taxonomy":"post_tag","embeddable":true,"href":"https:\/\/www.europesays.com\/es\/wp-json\/wp\/v2\/tags?post=747739"}],"curies":[{"name":"wp","href":"https:\/\/api.w.org\/{rel}","templated":true}]}}