{"id":747755,"date":"2026-09-04T16:33:29","date_gmt":"2026-09-04T16:33:29","guid":{"rendered":"https:\/\/www.europesays.com\/es\/747755\/"},"modified":"2026-09-04T16:33:29","modified_gmt":"2026-09-04T16:33:29","slug":"angela-aguilar-y-marc-anthony-la-mezcla-perfecta-en-premios-juventud-youtube","status":"publish","type":"post","link":"https:\/\/www.europesays.com\/es\/747755\/","title":{"rendered":"\u00c1ngela Aguilar y Marc Anthony, la mezcla perfecta en Premios Juventud &#8211; YouTube"},"content":{"rendered":"<ol>\n<li><a href=\"https:\/\/news.google.com\/rss\/articles\/CBMiVEFVX3lxTFBiY3k5TllJSHNkMm9rLTF2dGFPeTJMS1lJYWprR3UxckNvc3VDVE9XNUFtaXQ2Q2lxR2x1am1iRjRieVdlUnpJUU1yX2NBendrb3NKdw?oc=5\" target=\"_blank\" rel=\"nofollow noopener\">\u00c1ngela Aguilar y Marc Anthony, la mezcla perfecta en Premios Juventud<\/a>&nbsp;&nbsp;YouTube<\/li>\n<li><a href=\"https:\/\/news.google.com\/rss\/articles\/CBMi4AFBVV95cUxPNUcwSnVWNlhSNkdBZ0pnODk1Yi1mdGVIc0NobnVWdXZ2eFo2b29YRFd0VkltWm5rSkljUURhcXpzYXRZUkdJSFFUQk5xV1VST05fSEYtNF9RY01ZNnJienU2X2tQMldXekt2Y3BlLWRmTVNNd1pYaWo4X1h2dlJaT2F5a0hlbnNzN2QyQ2RWMmlXSENuVEd5NWJ6Wm81YTZGQ2x4QkM4RFhYMFg0dGJGVE9zc3h2YkRuTG5LLXViWlFlZHVEcDU4ZjFkeDk2bHRxU080RXN2Q2RJVERTeTdfSdIB-wFBVV95cUxOal81Q0puV1Y0S0ZVY3hPWFB4Tm96OXJORUl5ZDUyZjdSV2w1TWxxNm1wWmVZdnI5bFhlck1mMFJhbzVOelhhWERwMUhlRnUxRktzQmJ2eEYzTXNKNVM4VkVIVE1SU0g2MVludXk1TnBaaUhiMW1ySFdHaUs4c2dLUmlTVE5NcFZEaFFwWWU1c3lFREdOcjRlRDFBd21NWjZLOF91OTJKa2hDdFJRYlh0dlJ2dzlQaFpSbzF4TVIwT1pzZWdCUW5aWTR5TG9QY3VyRVZjdk03azkxMF9vSFItQ3R0aE84XzJKLURTajBTSDNGOFdTRWNZTEVUaw?oc=5\" target=\"_blank\" rel=\"nofollow noopener\">Redes acusan que \u00c1ngela Aguilar habr\u00eda comprado su triunfo en Premios Juventud 2026 y sospechan de bots a su favor<\/a>&nbsp;&nbsp;Infobae<\/li>\n<li><a href=\"https:\/\/news.google.com\/rss\/articles\/CBMitAFBVV95cUxPcUNubTdKTVh4MlRPZEt1WmZQU0ZlRlFScEdVWm5nZXhtMER5c1VUZXJLYVg4MGtXc0k0WG9XSEI0SUVKaHFHUjREQjRxcjdvbEpzTW9DQnVqcEozSkhZUnBhRVBreVlqQzdxNTBCU1lLZzhrQlg4dktOcHNrZDZpd2YxSU9DVm1wMjhaUlpFX040NHYyYzZ4cFhEa0VpR0EtTnBPQVJJV1M4ekZCa2tUcHVmLUE?oc=5\" target=\"_blank\" rel=\"nofollow noopener\">\u00c1ngela y Nodal dedican emotivo homenaje a Marc Anthony en Premios Juventud<\/a>&nbsp;&nbsp;KCH FM<\/li>\n<li><a href=\"https:\/\/news.google.com\/rss\/articles\/CBMi8gFBVV95cUxPU01pYWdadkMzRk5mOWIwaGZkVVdGWTlNYXNUdWJ0OFVYOVJER0p2TmlHNHRIV0pRZmVMOE5Eb084aTVEUUhOSVdzdU1sWjRlQ1Z0MUpXNVBsZ2lUajhPVWE4bm14VGdSdUk3V09Kb1F5aGxNUGtmU0RRYldWWTIxZXZ2V2tQT3F2R2xTWHpfemtRb3RBREFZT2E3MXV3MlhRY1pnMUlJZ2VGLXB5elVReXdrcnJfYVp6cFRqcEhrdlZ0NmNoUlRfTmExNHQtWFppSXFISTdCelB3RnZMbEI1TEN4VjZRc2I0Q1RQTncyVXNhZ9IBjAJBVV95cUxPYlRxenNrSmZjY1dPQjV5ZzVaMXVEeFk5RzRBUXQ5VVNyTm5jVHdMQS1QS0JlTVRJa282anRVZ3NubU0tc2ZnTzAtbEx5Mm0xaWFIazdBM1Z5M1JPNmcyT3VxYXpUVFphRXp6ODdDa0ozcUhPaFZJS2oxb2g0Tk9FcUt5R0VwXzhKdWhKcE9la1k0bXplSmpOVWpqbzd0bHZTRkVJZU1TOHE0MFZYeFh4MDI0NG92Qk5meFlCdGRqOHczZUZ2MlhiemYySzM5bFNIdTk3TVhrTVJQQ1NrVTFJbkI3b3FuVmlXLUpoS19qWTFicTJnMTRIcUVDYXlTVDN5OWp4eTNJM1ZCanpH?oc=5\" target=\"_blank\" rel=\"nofollow noopener\">Premios Juventud 2026: internautas cuestionan triunfo de \u00c1ngela Aguilar tras ganar La Mezcla Perfecta con Marc Anthony<\/a>&nbsp;&nbsp;Infobae<\/li>\n<\/ol>\n","protected":false},"excerpt":{"rendered":"\u00c1ngela Aguilar y Marc Anthony, la mezcla perfecta en Premios Juventud&nbsp;&nbsp;YouTube Redes acusan que \u00c1ngela Aguilar habr\u00eda comprado&hellip;\n","protected":false},"author":2,"featured_media":747756,"comment_status":"","ping_status":"","sticky":false,"template":"","format":"standard","meta":{"footnotes":""},"categories":[170],"tags":[43855,52343,146,147,25,24,34529,53771,184,185,43859,43858,33635,23,43856],"class_list":["post-747755","post","type-post","status-publish","format-standard","has-post-thumbnail","category-musica","tag-agent-of-change","tag-angela-aguilar","tag-entertainment","tag-entretenimiento","tag-es","tag-espana","tag-exclusive","tag-marc-anthony","tag-music","tag-musica","tag-pj","tag-pkgs-musicals","tag-premios-juventud","tag-spain","tag-tributes"],"share_on_mastodon":{"url":"https:\/\/pubeurope.com\/@es\/117213738398398157","error":""},"_links":{"self":[{"href":"https:\/\/www.europesays.com\/es\/wp-json\/wp\/v2\/posts\/747755","targetHints":{"allow":["GET"]}}],"collection":[{"href":"https:\/\/www.europesays.com\/es\/wp-json\/wp\/v2\/posts"}],"about":[{"href":"https:\/\/www.europesays.com\/es\/wp-json\/wp\/v2\/types\/post"}],"author":[{"embeddable":true,"href":"https:\/\/www.europesays.com\/es\/wp-json\/wp\/v2\/users\/2"}],"replies":[{"embeddable":true,"href":"https:\/\/www.europesays.com\/es\/wp-json\/wp\/v2\/comments?post=747755"}],"version-history":[{"count":0,"href":"https:\/\/www.europesays.com\/es\/wp-json\/wp\/v2\/posts\/747755\/revisions"}],"wp:featuredmedia":[{"embeddable":true,"href":"https:\/\/www.europesays.com\/es\/wp-json\/wp\/v2\/media\/747756"}],"wp:attachment":[{"href":"https:\/\/www.europesays.com\/es\/wp-json\/wp\/v2\/media?parent=747755"}],"wp:term":[{"taxonomy":"category","embeddable":true,"href":"https:\/\/www.europesays.com\/es\/wp-json\/wp\/v2\/categories?post=747755"},{"taxonomy":"post_tag","embeddable":true,"href":"https:\/\/www.europesays.com\/es\/wp-json\/wp\/v2\/tags?post=747755"}],"curies":[{"name":"wp","href":"https:\/\/api.w.org\/{rel}","templated":true}]}}