{"id":747757,"date":"2026-09-04T16:34:25","date_gmt":"2026-09-04T16:34:25","guid":{"rendered":"https:\/\/www.europesays.com\/es\/747757\/"},"modified":"2026-09-04T16:34:25","modified_gmt":"2026-09-04T16:34:25","slug":"el-parque-de-la-bateria-acoge-este-sabado-la-proyeccion-del-documental-sobre-la-musica-del-torremolinos-dorado","status":"publish","type":"post","link":"https:\/\/www.europesays.com\/es\/747757\/","title":{"rendered":"El Parque de la Bater\u00eda acoge este s\u00e1bado la proyecci\u00f3n del documental sobre la m\u00fasica del Torremolinos dorado"},"content":{"rendered":"<p>El Parque de la Bater\u00eda acoge este s\u00e1bado la proyecci\u00f3n gratuita del <a href=\"https:\/\/www.diariosur.es\/festival-malaga\/torremolinos-kilometro-cero-rock-espana-desafio-dictadura-20260308214956-nt.html\" target=\"_self\" data-voc-vtm-id=\"in-text-traffic\" data-mrf-link=\"www.diariosur.es\" rel=\"nofollow noopener\">documental &#8216;Back in Time&#8217;<\/a>, codirigido por el periodista Manuel Bellido y el  &#8230; cineasta Sigfrid Monle\u00f3n. La pel\u00edcula rescata la \u00e9poca en la que j\u00f3venes de pa\u00edses del norte de Europa coincid\u00eda en Torremolinos con adolescentes espa\u00f1oles que debutaban en las bandas de rock residentes de los hoteles de la zona y que supuso un momento de efervescencia art\u00edstica en las que ciertas libertades individuales fueron posibles en medio de una dictadura.<\/p>\n<p class=\"v-d-p\">Producido por Malas Compa\u00f1\u00edas PC, el documental &#8216;Back in Time&#8217; recupera aquella memoria musical a trav\u00e9s de sus propios protagonistas, como Adolfo Rodr\u00edguez (Los \u00cdberos), F\u00e9lix Arribas (Pekenikes), Rafael Olaegui (Los So\u00f1adores), Carlos Jaime (Los Rocking Boys), Juan Manuel &#8216;Jeannot&#8217; Valenzuela (Los Buitres), Teddy Bautista (Los \u00cddolos), el &#8216;road manager&#8217; Javier Garc\u00eda Pelayo y Remedios Fern\u00e1ndez Campoy, la propietaria del m\u00edtico Discos Misol de calle San Miguel. La cita, incluida dentro de la programaci\u00f3n de la preferia de San Miguel, es este s\u00e1bado en el Parque de la Bater\u00eda, a las 21,30 horas.<\/p>\n<ul class=\"v-cmp-rld__u\">\n<li class=\"v-cmp-rld__l\">\n<p><a class=\"v-a-lnk\" href=\"https:\/\/www.diariosur.es\/festival-malaga\/torremolinos-kilometro-cero-rock-espana-desafio-dictadura-20260308214956-nt.html#vtm_modulosEngag=noticiasrelacionadas-cmp-uno:culturas:noticia:1\" data-voc-vtm-id=\"in-text-traffic\" rel=\"nofollow noopener\" target=\"_blank\"><br \/>\n<img decoding=\"async\" loading=\"lazy\" src=\"https:\/\/www.europesays.com\/es\/wp-content\/uploads\/2026\/09\/back in time-U36446855431dGG-366x256@Diario Sur.jpg\" class=\"v-a-img\" width=\"258\" height=\"180\" alt=\"Torremolinos: el kil\u00f3metro cero del rock en Espa\u00f1a que desafi\u00f3 la dictadura\"\/><br \/>\n<\/a><\/p>\n<\/li>\n<\/ul>\n<p class=\"v-d-p\">El documental es una idea del periodista Manuel Bellido, con m\u00e1s de 35 a\u00f1os de trayectoria en Canal Sur Radio y Televisi\u00f3n, especializado en cine, deportes y cultura. Director del programa &#8216;Una de cine&#8217;, su voz ha sido referente en festivales de cine andaluz, recibiendo premios como el Especial de Benalm\u00e1dena.<\/p>\n<p class=\"v-d-p\">En su debut en la direcci\u00f3n de cine ha estado acompa\u00f1ado de Sigfrid Monle\u00f3n, autor de los largometrajes de ficci\u00f3n &#8216;El c\u00f3nsul de Sodoma (2010) y &#8216;Una pel\u00edcula p\u00f3stuma (2022), adem\u00e1s de los documentales &#8216;El \u00faltimo truco. Emilio Ruiz del R\u00edo (2009) y &#8216;Mario Camus seg\u00fan el cine&#8217; (2022). Es autor de varios libros sobre cine, entre ellos &#8216;La mirada secreta de Gianni Amelio&#8217;, editado por la Seminici.<\/p>\n","protected":false},"excerpt":{"rendered":"El Parque de la Bater\u00eda acoge este s\u00e1bado la proyecci\u00f3n gratuita del documental &#8216;Back in Time&#8217;, codirigido por&hellip;\n","protected":false},"author":2,"featured_media":747758,"comment_status":"","ping_status":"","sticky":false,"template":"","format":"standard","meta":{"footnotes":""},"categories":[169],"tags":[771,49675,177,6084,11688,146,147,25,24,176,175,185,5993,44741,3397,57,23,42886],"class_list":["post-747757","post","type-post","status-publish","format-standard","has-post-thumbnail","category-cine","tag-acoge","tag-bateria","tag-cine","tag-documental","tag-dorado","tag-entertainment","tag-entretenimiento","tag-es","tag-espana","tag-film","tag-movies","tag-musica","tag-parque","tag-proyeccion","tag-sabado","tag-sobre","tag-spain","tag-torremolinos"],"share_on_mastodon":{"url":"https:\/\/pubeurope.com\/@es\/117213743284321751","error":""},"_links":{"self":[{"href":"https:\/\/www.europesays.com\/es\/wp-json\/wp\/v2\/posts\/747757","targetHints":{"allow":["GET"]}}],"collection":[{"href":"https:\/\/www.europesays.com\/es\/wp-json\/wp\/v2\/posts"}],"about":[{"href":"https:\/\/www.europesays.com\/es\/wp-json\/wp\/v2\/types\/post"}],"author":[{"embeddable":true,"href":"https:\/\/www.europesays.com\/es\/wp-json\/wp\/v2\/users\/2"}],"replies":[{"embeddable":true,"href":"https:\/\/www.europesays.com\/es\/wp-json\/wp\/v2\/comments?post=747757"}],"version-history":[{"count":0,"href":"https:\/\/www.europesays.com\/es\/wp-json\/wp\/v2\/posts\/747757\/revisions"}],"wp:featuredmedia":[{"embeddable":true,"href":"https:\/\/www.europesays.com\/es\/wp-json\/wp\/v2\/media\/747758"}],"wp:attachment":[{"href":"https:\/\/www.europesays.com\/es\/wp-json\/wp\/v2\/media?parent=747757"}],"wp:term":[{"taxonomy":"category","embeddable":true,"href":"https:\/\/www.europesays.com\/es\/wp-json\/wp\/v2\/categories?post=747757"},{"taxonomy":"post_tag","embeddable":true,"href":"https:\/\/www.europesays.com\/es\/wp-json\/wp\/v2\/tags?post=747757"}],"curies":[{"name":"wp","href":"https:\/\/api.w.org\/{rel}","templated":true}]}}