{"id":747763,"date":"2026-09-04T16:37:14","date_gmt":"2026-09-04T16:37:14","guid":{"rendered":"https:\/\/www.europesays.com\/es\/747763\/"},"modified":"2026-09-04T16:37:14","modified_gmt":"2026-09-04T16:37:14","slug":"el-intermedio-ficha-a-rodrigo-cuevas-y-desvela-sus-dos-nuevas-secciones-para-esta-temporada-en-lasexta","status":"publish","type":"post","link":"https:\/\/www.europesays.com\/es\/747763\/","title":{"rendered":"&#8216;El Intermedio&#8217; ficha a Rodrigo Cuevas y desvela sus dos nuevas secciones para esta temporada en laSexta"},"content":{"rendered":"<p class=\"article-text\">\n        <strong>El Intermedio<\/strong> ya tiene todo preparado para el inicio de la temporada. <strong>El Gran Wyoming <\/strong>y su equipo volver\u00e1n a <strong>laSexta <\/strong>este <strong>lunes 7 de septiembre<\/strong>, mismo d\u00eda que arrancan <a href=\"https:\/\/www.eldiario.es\/vertele\/noticias\/revuelta-cierra-equipo-colaboradores-nueva-temporada-rtve-da-detalles-mudanza-vt_1_13487127.html\" target=\"_blank\" data-mrf-recirculation=\"links-noticia\" class=\"link\" rel=\"nofollow noopener\"><strong>La Revuelta<\/strong><\/a> y <a href=\"https:\/\/www.eldiario.es\/vertele\/noticias\/carlos-latre-vuelve-el-hormiguero-equipo-colaboradores-primeros-invitados-antena-3_1_13484716.html\" target=\"_blank\" data-mrf-recirculation=\"links-noticia\" class=\"link\" rel=\"nofollow noopener\"><strong>El Hormiguero<\/strong><\/a>, con el fichaje de <strong>Rodrigo Cuevas<\/strong> como colaborador y nuevas secciones.\n    <\/p>\n<p>    <a href=\"https:\/\/www.eldiario.es\/vertele\/noticias\/el-hormiguero-5-programas-series-atresmedia-saltan-netflix-sumar-ventana-emision_1_13487274.html\" data-mrf-recirculation=\"saber-mas\" data-dl-event=\"saber-mas\" rel=\"nofollow noopener\" target=\"_blank\"><\/p>\n<p class=\"know-more__title\">&#8216;El Hormiguero&#8217; y otros 5 programas y series de Atresmedia saltan a Netflix para sumar otra ventana tras su emisi\u00f3n<\/p>\n<p>            <img decoding=\"async\" class=\"lazy\" loading=\"lazy\" data-src=\"https:\/\/static.eldiario.es\/clip\/83f7b56f-02e5-4f52-b720-106bc567625a_16-9-aspect-ratio_default_0.jpg\" src=\"data:image\/svg+xml,%3Csvg xmlns=\" http:=\"\" viewbox=\"0 0 880 495\" alt=\"'El Hormiguero' y otros 5 programas y series de Atresmedia saltan a Netflix para sumar otra ventana tras su emisi\u00f3n\"\/><\/p>\n<p>                        <\/a><\/p>\n<p class=\"article-text\">\n        El espacio de <strong>Globomedia<\/strong>, que se desmarca como el formato diario m\u00e1s visto de su cadena temporada a temporada, ha desvelado los detalles que marcar\u00e1n el nuevo curso. <strong>Sandra Sabat\u00e9s, Dani Mateo, Thais Villas, Andrea Ropero, Cristina Gallego e Isma Ju\u00e1rez<\/strong> continuar\u00e1n acompa\u00f1ando a Wyoming con el objetivo de contar la actualidad con humor.\n    <\/p>\n<p>            <img decoding=\"async\" class=\"lazy\" loading=\"lazy\" data-src=\"https:\/\/static.eldiario.es\/clip\/de65b1b3-4563-43cc-8e34-9c7d0b0411f9_16-9-discover-aspect-ratio_default_0.jpg\" src=\"data:image\/svg+xml,%3Csvg xmlns=\" http:=\"\" viewbox=\"0 0 1200 675\" alt=\"El Gran Wyoming, en 'El Intermedio'\"\/><\/p>\n<p class=\"article-text\">\n        El Intermedio seguir\u00e1 contando tambi\u00e9n con una larga lista de colaboradores habituales como <strong>Joaqu\u00edn Reyes, Ra\u00fal P\u00e9rez, Guillermo Fesser, In\u00e9s Rodr\u00edguez o Mikel Herr\u00e1n<\/strong>, a los que se unir\u00e1 este a\u00f1o el m\u00fasico <strong>Rodrigo Cuevas<\/strong>, que aportar\u00e1 su mirada transgresora del mundo rural.\n    <\/p>\n<p>    <a href=\"https:\/\/www.eldiario.es\/vertele\/noticias\/revuelta-cierra-equipo-colaboradores-nueva-temporada-rtve-da-detalles-mudanza-vt_1_13487127.html\" data-mrf-recirculation=\"saber-mas-abajo\" data-dl-event=\"saber-mas-abajo\" rel=\"nofollow noopener\" target=\"_blank\"><\/p>\n<p class=\"know-more__title\">&#8216;La Revuelta&#8217; cierra su equipo de colaboradores para la nueva temporada en RTVE y da detalles de su &#8216;mudanza&#8217;\n<\/p>\n<p>            <img decoding=\"async\" class=\"lazy\" loading=\"lazy\" data-src=\"https:\/\/static.eldiario.es\/clip\/d46d6c47-dff3-4fea-ab1f-9b1b1997f042_16-9-aspect-ratio_default_0.jpg\" src=\"data:image\/svg+xml,%3Csvg xmlns=\" http:=\"\" viewbox=\"0 0 880 495\" alt=\"'La Revuelta' cierra su equipo de colaboradores para la nueva temporada en RTVE y da detalles de su 'mudanza'\"\/><\/p>\n<p>                        <\/a><\/p>\n<p class=\"article-text\">\n        Entre las novedades de este nuevo curso que avanza laSexta habr\u00e1 dos nuevas secciones: <strong>Show me the podcats<\/strong>, un espacio conducido por<strong> Dani Mateo<\/strong> en el que entrevistar\u00e1 a referentes de la vida pol\u00edtica; y <strong>La Comunidad<\/strong>, una sitcom protagonizada por <strong>Cristina Gallego<\/strong>. La pol\u00edtica y los temas sociales seguir\u00e1n siendo el territorio de <strong>Andrea Ropero<\/strong>, que este a\u00f1o arrancar\u00e1 la temporada desde <strong>Ceuta <\/strong>para trasladar su mirada sobre la crisis migratoria en la ciudad.\n    <\/p>\n","protected":false},"excerpt":{"rendered":"El Intermedio ya tiene todo preparado para el inicio de la temporada. El Gran Wyoming y su equipo&hellip;\n","protected":false},"author":2,"featured_media":747764,"comment_status":"","ping_status":"","sticky":false,"template":"","format":"standard","meta":{"footnotes":""},"categories":[91],"tags":[8865,4083,146,147,25,24,1750,36161,5622,2860,7106,4470,23,1152],"class_list":["post-747763","post","type-post","status-publish","format-standard","has-post-thumbnail","category-entretenimiento","tag-cuevas","tag-desvela","tag-entertainment","tag-entretenimiento","tag-es","tag-espana","tag-ficha","tag-intermedio","tag-lasexta","tag-nuevas","tag-rodrigo","tag-secciones","tag-spain","tag-temporada"],"share_on_mastodon":{"url":"https:\/\/pubeurope.com\/@es\/117213754144285261","error":""},"_links":{"self":[{"href":"https:\/\/www.europesays.com\/es\/wp-json\/wp\/v2\/posts\/747763","targetHints":{"allow":["GET"]}}],"collection":[{"href":"https:\/\/www.europesays.com\/es\/wp-json\/wp\/v2\/posts"}],"about":[{"href":"https:\/\/www.europesays.com\/es\/wp-json\/wp\/v2\/types\/post"}],"author":[{"embeddable":true,"href":"https:\/\/www.europesays.com\/es\/wp-json\/wp\/v2\/users\/2"}],"replies":[{"embeddable":true,"href":"https:\/\/www.europesays.com\/es\/wp-json\/wp\/v2\/comments?post=747763"}],"version-history":[{"count":0,"href":"https:\/\/www.europesays.com\/es\/wp-json\/wp\/v2\/posts\/747763\/revisions"}],"wp:featuredmedia":[{"embeddable":true,"href":"https:\/\/www.europesays.com\/es\/wp-json\/wp\/v2\/media\/747764"}],"wp:attachment":[{"href":"https:\/\/www.europesays.com\/es\/wp-json\/wp\/v2\/media?parent=747763"}],"wp:term":[{"taxonomy":"category","embeddable":true,"href":"https:\/\/www.europesays.com\/es\/wp-json\/wp\/v2\/categories?post=747763"},{"taxonomy":"post_tag","embeddable":true,"href":"https:\/\/www.europesays.com\/es\/wp-json\/wp\/v2\/tags?post=747763"}],"curies":[{"name":"wp","href":"https:\/\/api.w.org\/{rel}","templated":true}]}}