{"id":747773,"date":"2026-09-04T16:42:10","date_gmt":"2026-09-04T16:42:10","guid":{"rendered":"https:\/\/www.europesays.com\/es\/747773\/"},"modified":"2026-09-04T16:42:10","modified_gmt":"2026-09-04T16:42:10","slug":"begona-gomez-reclama-ser-absuelta-porque-no-actuo-con-animo-de-enriquecerse-ni-se-apropio-del-software-de-la-ucm","status":"publish","type":"post","link":"https:\/\/www.europesays.com\/es\/747773\/","title":{"rendered":"Bego\u00f1a G\u00f3mez reclama ser absuelta porque no actu\u00f3 con \u00ab\u00e1nimo de enriquecerse\u00bb ni se \u00abapropi\u00f3\u00bb del &#8216;software&#8217; de la UCM"},"content":{"rendered":"<p class=\"c-paragraph\"><a href=\"https:\/\/www.heraldo.es\/noticias\/nacional\/2026\/09\/03\/asesora-begona-gomez-absolucion-acusacion-disparatada-2049295.html\" title=\"La asesora de Bego\u00f1a G\u00f3mez pide su absoluci\u00f3n ante una acusaci\u00f3n &quot;disparatada&quot;\" target=\"_blank\" rel=\"nofollow noopener\">Bego\u00f1a G\u00f3mez, la esposa del presidente del Gobierno, Pedro S\u00e1nchez<\/a>, ha pedido ser absuelta de cara a su juicio, ya que asegura que <b>\u00aben ning\u00fan momento actu\u00f3 con \u00e1nimo de enriquecerse\u00bb<\/b> y que \u00abno se apropi\u00f3\u00bb del &#8216;software&#8217; de la Universidad Complutense de Madrid (UCM).<\/p>\n<p class=\"c-paragraph\">As\u00ed lo ha expuesto en su escrito de defensa, al que ha tenido acceso Europa Press, en el que a\u00f1ade que<b> tampoco \u00abdestin\u00f3 a usos privados\u00bb el &#8216;software&#8217; de la UCM<\/b>, como sostiene la acusaci\u00f3n popular liderada por Hazte O\u00edr.<\/p>\n<p class=\"c-paragraph\">G\u00f3mez se enfrenta a un juicio con jurado popular por presuntos<b> delitos de malversaci\u00f3n y de tr\u00e1fico de influencias<\/b>, por los que Hazte O\u00edr reclama 13 a\u00f1os de prisi\u00f3n para ella, despu\u00e9s de que el juez Juan Carlos Peinado acordara sentarla en el banquillo junto a su asistente, Cristina \u00c1lvarez, al terminar la investigaci\u00f3n.<\/p>\n<p class=\"c-paragraph\">La esposa del presidente se\u00f1ala que el dominio de la c\u00e1tedra, \u00absufragado con fondos personales\u00bb, fue<b> \u00abun mero instrumento t\u00e9cnico de acceso web<\/b>, creado en el contexto de las indicaciones\u00bb de la UCM.<\/p>\n<p class=\"c-paragraph\">Y asevera que la Universidad \u00abno ofrec\u00eda un cauce operativo para registrar el dominio y la plataforma tecnol\u00f3gica no estaba finalizada para completar su registro\u00bb, por lo que su actuaci\u00f3n como codirectora de c\u00e1tedra \u00ab<b>fue funcional y provisional, con \u00e1nimo de impedir que terceras personas pudieran hacerse con el dominio<\/b> y utilizarlo hasta que el proyecto estuviera finalizado y pudiera registrarse a nombre de la UCM\u00bb.<\/p>\n","protected":false},"excerpt":{"rendered":"Bego\u00f1a G\u00f3mez, la esposa del presidente del Gobierno, Pedro S\u00e1nchez, ha pedido ser absuelta de cara a su&hellip;\n","protected":false},"author":2,"featured_media":747774,"comment_status":"","ping_status":"","sticky":false,"template":"","format":"standard","meta":{"footnotes":""},"categories":[5],"tags":[33134,7421,17,18,25,24,13,14,4190,11,19,20,9,10,15,16,17585,8643,23,12,21,22],"class_list":["post-747773","post","type-post","status-publish","format-standard","has-post-thumbnail","category-titulares","tag-absuelta","tag-begona","tag-breaking-news","tag-breakingnews","tag-es","tag-espana","tag-featured-news","tag-featurednews","tag-gomez","tag-headlines","tag-latest-news","tag-latestnews","tag-news","tag-noticias","tag-noticias-destacadas","tag-noticiasdestacadas","tag-reclama","tag-ser","tag-spain","tag-titulares","tag-ultimas-noticias","tag-ultimasnoticias"],"share_on_mastodon":{"url":"https:\/\/pubeurope.com\/@es\/117213773747642189","error":""},"_links":{"self":[{"href":"https:\/\/www.europesays.com\/es\/wp-json\/wp\/v2\/posts\/747773","targetHints":{"allow":["GET"]}}],"collection":[{"href":"https:\/\/www.europesays.com\/es\/wp-json\/wp\/v2\/posts"}],"about":[{"href":"https:\/\/www.europesays.com\/es\/wp-json\/wp\/v2\/types\/post"}],"author":[{"embeddable":true,"href":"https:\/\/www.europesays.com\/es\/wp-json\/wp\/v2\/users\/2"}],"replies":[{"embeddable":true,"href":"https:\/\/www.europesays.com\/es\/wp-json\/wp\/v2\/comments?post=747773"}],"version-history":[{"count":0,"href":"https:\/\/www.europesays.com\/es\/wp-json\/wp\/v2\/posts\/747773\/revisions"}],"wp:featuredmedia":[{"embeddable":true,"href":"https:\/\/www.europesays.com\/es\/wp-json\/wp\/v2\/media\/747774"}],"wp:attachment":[{"href":"https:\/\/www.europesays.com\/es\/wp-json\/wp\/v2\/media?parent=747773"}],"wp:term":[{"taxonomy":"category","embeddable":true,"href":"https:\/\/www.europesays.com\/es\/wp-json\/wp\/v2\/categories?post=747773"},{"taxonomy":"post_tag","embeddable":true,"href":"https:\/\/www.europesays.com\/es\/wp-json\/wp\/v2\/tags?post=747773"}],"curies":[{"name":"wp","href":"https:\/\/api.w.org\/{rel}","templated":true}]}}