{"id":747797,"date":"2026-09-04T17:00:19","date_gmt":"2026-09-04T17:00:19","guid":{"rendered":"https:\/\/www.europesays.com\/es\/747797\/"},"modified":"2026-09-04T17:00:19","modified_gmt":"2026-09-04T17:00:19","slug":"llegan-a-netflix-el-hormiguero-de-pablo-motos-y-pasapalabra-antena-3-estrena-cinco-formatos-de-exito-en-la-plataforma-de-streaming","status":"publish","type":"post","link":"https:\/\/www.europesays.com\/es\/747797\/","title":{"rendered":"Llegan a Netflix &#8216;El Hormiguero&#8217; de Pablo Motos y &#8216;Pasapalabra&#8217;: Antena 3 estrena cinco formatos de \u00e9xito en la plataforma de streaming"},"content":{"rendered":"<p class=\"v-ath__p v-ath__p--1\">\nAna Laura Palacios\n<\/p>\n<p class=\"v-ath__p v-ath__p--2\">\nMadrid\n<\/p>\n<p>04\/09\/2026 a las 16:44h.<\/p>\n<p class=\"v-d-p\">A partir del pr\u00f3ximo lunes, 7 de septiembre, <strong>Netflix <\/strong>incorporar\u00e1 en su cat\u00e1logo algunos de los formatos de mayor \u00e9xito de <strong>Atresmedia<\/strong>, como lo son programas de entretenimiento, actualidad y series diarias. As\u00ed, parte del contenido del grupo de comunicaci\u00f3n estar\u00e1 disponible en la plataforma de contenido bajo demanda despu\u00e9s de su pase tradicional en abierto.<\/p>\n<p class=\"v-d-p\">Las producciones seleccionadas son el programa de entrevistas <strong>&#8216;El Hormiguero&#8217;<\/strong>, el espacio de s\u00e1tira y an\u00e1lisis pol\u00edtico <strong>&#8216;El Intermedio&#8217;<\/strong>, la serie diaria<strong> &#8216;Sue\u00f1os de libertad&#8217;<\/strong> y el concurso <strong>&#8216;Pasapalabra<\/strong>&#8216;. <\/p>\n<p class=\"v-d-p\">Asimismo, el programa de reportajes <strong>&#8216;Equipo de investigaci\u00f3n&#8217;<\/strong> desembarcar\u00e1 unos d\u00edas antes, el s\u00e1bado 5 de septiembre.<\/p>\n<ul class=\"v-cmp-rld__u\">\n<li class=\"v-cmp-rld__l\">\n<p><a class=\"v-a-lnk\" href=\"http:\/\/www.abc.es\/play\/cine\/noticias\/acaba-llegar-hbo-max-visto-pelicula-protagonizada-20260830080000-nt.html#vtm_modulosEngag=noticiasrelacionadas-cmp-uno:play:noticia:1\" data-voc-vtm-id=\"in-text-traffic\" rel=\"nofollow noopener\" target=\"_blank\"><br \/>\n<img decoding=\"async\" loading=\"lazy\" src=\"https:\/\/www.europesays.com\/es\/wp-content\/uploads\/2026\/09\/the-drama-k49G--366x256@diario_abc.png\" class=\"v-a-img\" width=\"258\" height=\"180\" alt=\"Acaba de llegar a HBO Max y ya es lo m\u00e1s visto: una pel\u00edcula protagonizada por Zendaya y Robert Pattinson y aclamada por la cr\u00edtica\"\/><br \/>\n<\/a><\/p>\n<\/li>\n<\/ul>\n<p>\nUna alianza estrat\u00e9gica con proyecci\u00f3n global\n<\/p>\n<p class=\"v-d-p\">Atresmedia se\u00f1ala en un comunicado que la incorporaci\u00f3n de estos cinco t\u00edtulos \u00abpermitir\u00e1 que sus historias, protagonistas y formatos lleguen a m\u00e1s espectadores, diversificando p\u00fablicos en una operaci\u00f3n aporta <strong>mayor visibilidad<\/strong> y alcance a estas producciones nacionales\u00bb.<\/p>\n<p class=\"v-d-p\">La compa\u00f1\u00eda tambi\u00e9n resalta que es \u00abuna relaci\u00f3n ventajosa para todas las partes\u00bb que ayuda a consolidar los<strong> lazos comerciales<\/strong> ya existentes entre ambos gigantes audiovisuales.<\/p>\n<p class=\"v-d-p\">La relaci\u00f3n entre ambas empresas ya tuvo sus frutos con \u00e9xitos de ficci\u00f3n nacional como <strong>&#8216;La casa de papel&#8217;, &#8216;Toy boy&#8217;, &#8216;Entre tierras&#8217; o &#8216;Perdiendo el juicio&#8217;<\/strong>, que consiguieron captar la atenci\u00f3n de la audiencia internacional y situarse entre lo m\u00e1s visto de la plataforma, en cualquier rinc\u00f3n del planeta.<\/p>\n<p>\nProgramas de Antena 3 disponibles en Netflix\n<\/p>\n<p class=\"v-d-p\">Otro de los grandes \u00e9xitos que incorporar\u00e1 Netflix a su cat\u00e1logo ser\u00e1<strong> &#8216;Veneno&#8217;,<\/strong> la aclamada serie creada por Javier Calvo y Javier Ambrossi. La ficci\u00f3n, que relata las memorias de Cristina Ortiz y es una de las m\u00e1s premiadas de los \u00faltimos a\u00f1os, estar\u00e1 disponible pr\u00f3ximamente para los suscriptores de la plataforma.<\/p>\n","protected":false},"excerpt":{"rendered":"Ana Laura Palacios Madrid 04\/09\/2026 a las 16:44h. A partir del pr\u00f3ximo lunes, 7 de septiembre, Netflix incorporar\u00e1&hellip;\n","protected":false},"author":2,"featured_media":747798,"comment_status":"","ping_status":"","sticky":false,"template":"","format":"standard","meta":{"footnotes":""},"categories":[91],"tags":[9692,5810,146,147,25,24,1719,4518,36764,17775,6752,13882,152,618,4284,1043,23,6879],"class_list":["post-747797","post","type-post","status-publish","format-standard","has-post-thumbnail","category-entretenimiento","tag-antena","tag-cinco","tag-entertainment","tag-entretenimiento","tag-es","tag-espana","tag-estrena","tag-exito","tag-formatos","tag-hormiguero","tag-llegan","tag-motos","tag-netflix","tag-pablo","tag-pasapalabra","tag-plataforma","tag-spain","tag-streaming"],"share_on_mastodon":{"url":"https:\/\/pubeurope.com\/@es\/117213845507633895","error":""},"_links":{"self":[{"href":"https:\/\/www.europesays.com\/es\/wp-json\/wp\/v2\/posts\/747797","targetHints":{"allow":["GET"]}}],"collection":[{"href":"https:\/\/www.europesays.com\/es\/wp-json\/wp\/v2\/posts"}],"about":[{"href":"https:\/\/www.europesays.com\/es\/wp-json\/wp\/v2\/types\/post"}],"author":[{"embeddable":true,"href":"https:\/\/www.europesays.com\/es\/wp-json\/wp\/v2\/users\/2"}],"replies":[{"embeddable":true,"href":"https:\/\/www.europesays.com\/es\/wp-json\/wp\/v2\/comments?post=747797"}],"version-history":[{"count":0,"href":"https:\/\/www.europesays.com\/es\/wp-json\/wp\/v2\/posts\/747797\/revisions"}],"wp:featuredmedia":[{"embeddable":true,"href":"https:\/\/www.europesays.com\/es\/wp-json\/wp\/v2\/media\/747798"}],"wp:attachment":[{"href":"https:\/\/www.europesays.com\/es\/wp-json\/wp\/v2\/media?parent=747797"}],"wp:term":[{"taxonomy":"category","embeddable":true,"href":"https:\/\/www.europesays.com\/es\/wp-json\/wp\/v2\/categories?post=747797"},{"taxonomy":"post_tag","embeddable":true,"href":"https:\/\/www.europesays.com\/es\/wp-json\/wp\/v2\/tags?post=747797"}],"curies":[{"name":"wp","href":"https:\/\/api.w.org\/{rel}","templated":true}]}}