{"id":747813,"date":"2026-09-04T17:11:16","date_gmt":"2026-09-04T17:11:16","guid":{"rendered":"https:\/\/www.europesays.com\/es\/747813\/"},"modified":"2026-09-04T17:11:16","modified_gmt":"2026-09-04T17:11:16","slug":"olav-kooij-se-toma-la-revancha-ante-tim-merlier-en-la-3a-etapa-del-tour-de-gran-bretana-esciclismo","status":"publish","type":"post","link":"https:\/\/www.europesays.com\/es\/747813\/","title":{"rendered":"Olav Kooij se toma la revancha ante Tim Merlier en la 3\u00aa etapa del Tour de Gran Breta\u00f1a &#8211; Esciclismo"},"content":{"rendered":"<ol>\n<li><a href=\"https:\/\/news.google.com\/rss\/articles\/CBMiakFVX3lxTE5MMVpSMXF5VHA0cWZDTVhNakpDMG9fdmdtVjlzR0FNdVFFTUlGRm1vSFlzdEMtUUs5TGJYXzhFbUFxOVVaRDctc0FyTjRISDI3RkoxTmhicmNPNFdsVUtnNW9jVWtyeWRqY3c?oc=5\" target=\"_blank\" rel=\"nofollow noopener\">Olav Kooij se toma la revancha ante Tim Merlier en la 3\u00aa etapa del Tour de Gran Breta\u00f1a<\/a>&nbsp;&nbsp;Esciclismo<\/li>\n<li><a href=\"https:\/\/news.google.com\/rss\/articles\/CBMiZ0FVX3lxTE1OcVB1TUxJWXh3THc0OXRfMENYWWNLdmN1WThlTGc4NXQybHR2OERqdm56QTFiN1Z2SkR1eVlaOEVhMk9VcERIRUtQeEluaklzVFdyT3hOOEg2M3B1Rnk3VkpMQTFRZFE?oc=5\" target=\"_blank\" rel=\"nofollow noopener\">3\u00aa Tour Gran Breta\u00f1a: Kooij se venga de Merlier<\/a>&nbsp;&nbsp;Ciclo21<\/li>\n<li><a href=\"https:\/\/news.google.com\/rss\/articles\/CBMiakFVX3lxTE9JcEFtRzNLZXpzeUN2ZVljUXJWaW9nSjdSalVpcUZCZFhPblFxQnVHWTJRdzNES0NpVnV6QlEtbHZVOUxwRldNWF9GbHdJNTVXLUNvamlpTDk5b3J2VWxjT3Y4ZTRveDBXemc?oc=5\" target=\"_blank\" rel=\"nofollow noopener\">Tour de Gran Breta\u00f1a: Merlier gana en Skegness tras una jornada de abanicos que deja a Ganna fuera de la lucha<\/a>&nbsp;&nbsp;Esciclismo<\/li>\n<li><a href=\"https:\/\/news.google.com\/rss\/articles\/CBMi4wFBVV95cUxNVlR4RDFLTHJVWktkVnkta3FaTkQtcEoxeVBpaUZ2dDVlZ19hMzlleWszam0zZnlqMmFGY3FVSTZ1X0s2ekEzVWRlMmJsbFNYRVA3ZW5kYU1ZenlZM0d4UjQ5WnJyblg5bGZwQmFZeWpFRVh5X2tCelZxR0hiQ3ZOMi1PeGdXNV9BS1c4TlVjdGpxRWJDdFJVbkF4VklWdE5uMTJfcnR4eGMwd1hxejRSSUN3TFVZTGhmQVpqY1hYcE14cDZrS29pMUlqalVBVmJELVVJZEh5WFdDMnI1Nm1vRy1Rb9IB6AFBVV95cUxQSWdwQ3JBYk42eFJlR1dBSlN2dWxaUVFOTlJsU2x1OHlwcU1QU3lFd3N6UENKZW9jUFRqQzhxV29IcExxNWExRlpaLXQzSXpHb09IZVdKUDlnenQ0aGR6VkRNS2w1eHI0S0l3NE9wR19uMjMtcWR3cVBIY0EzcE5FOGpZeHlHZy1FT1BDanFQNXFTNkxSUGtvb2hjcFFzUXl3RjRob1h1X0htNXF4dlVvSXdWR3VVd3d5Rm8yNmQ3WGV1SVdvRzMzVDN2eHVObHBtaVdVUF9TTjdCd2JoMFJOU2k0MDNTNGxC?oc=5\" target=\"_blank\" rel=\"nofollow noopener\">Victoria de Olav Kooij en el tercer cap\u00edtulo del Tour de Gran Breta\u00f1a; Samuel Fl\u00f3rez mejora en la general<\/a>&nbsp;&nbsp;revistamundociclistico.com<\/li>\n<li><a href=\"https:\/\/news.google.com\/rss\/articles\/CBMi4AFBVV95cUxNOHp3czBjek9fREE2cmV0ZFNoa2FQMzNNNEw4OUFzR3ZvV2VJWHo1eGVoQTNkLXBGNmxGYzNrY1ZpVXFzeGVya1RDRkpwT2NfV2RNSU11UkVPSG52U3FNS1R2Vmlpb3pLZ2FwcGFHVlA0YmhYelF6QzJrRUFvdlN3ckhwTjF1YWdtNlY0STVYT1BuNXlQazkxRzRfd0N5dGNTRFpaNEtnaXZhU1N5T2kwNm5uRnhETEtCRy15NEhqcGJxV0RKMkNXb1duS282UGJJdy1maVpnLWQzajVDWTRnRg?oc=5\" target=\"_blank\" rel=\"nofollow noopener\">Tour de Gran Breta\u00f1a 2026 Etapa 4 Previa, perfiles, favoritos y pron\u00f3sticos: \u00bfrobar\u00e1 UAE la general en la etapa reina?<\/a>&nbsp;&nbsp;Ciclismoaldia.es<\/li>\n<\/ol>\n","protected":false},"excerpt":{"rendered":"Olav Kooij se toma la revancha ante Tim Merlier en la 3\u00aa etapa del Tour de Gran Breta\u00f1a&nbsp;&nbsp;Esciclismo&hellip;\n","protected":false},"author":2,"featured_media":747814,"comment_status":"","ping_status":"","sticky":false,"template":"","format":"standard","meta":{"footnotes":""},"categories":[273],"tags":[44671,28234,11953,132775,14036,68548,313,1757,68547,312,15109,168,7368,158,25,24,314,17886,3956,127208,10165,5215,15362,25346,7371,54364,23053,11960,57,11959,23,167,3596,11961,21436,2393,15780,316,381],"class_list":["post-747813","post","type-post","status-publish","format-standard","has-post-thumbnail","category-ciclismo","tag-ajustado","tag-axel","tag-belga","tag-beverley","tag-bretana","tag-cgm","tag-ciclismo","tag-ciclista","tag-cma","tag-cycling","tag-decathlon","tag-deportes","tag-disputada","tag-el","tag-es","tag-espana","tag-etapa","tag-finlandes","tag-gran","tag-hull","tag-impuesto","tag-kilometros","tag-kooij","tag-merlier","tag-mientras","tag-neerlandes","tag-olav","tag-quick","tag-sobre","tag-soudal","tag-spain","tag-sports","tag-sprint","tag-step","tag-supero","tag-tercera","tag-tim","tag-tour","tag-viernes"],"share_on_mastodon":{"url":"https:\/\/pubeurope.com\/@es\/117213887599828274","error":""},"_links":{"self":[{"href":"https:\/\/www.europesays.com\/es\/wp-json\/wp\/v2\/posts\/747813","targetHints":{"allow":["GET"]}}],"collection":[{"href":"https:\/\/www.europesays.com\/es\/wp-json\/wp\/v2\/posts"}],"about":[{"href":"https:\/\/www.europesays.com\/es\/wp-json\/wp\/v2\/types\/post"}],"author":[{"embeddable":true,"href":"https:\/\/www.europesays.com\/es\/wp-json\/wp\/v2\/users\/2"}],"replies":[{"embeddable":true,"href":"https:\/\/www.europesays.com\/es\/wp-json\/wp\/v2\/comments?post=747813"}],"version-history":[{"count":0,"href":"https:\/\/www.europesays.com\/es\/wp-json\/wp\/v2\/posts\/747813\/revisions"}],"wp:featuredmedia":[{"embeddable":true,"href":"https:\/\/www.europesays.com\/es\/wp-json\/wp\/v2\/media\/747814"}],"wp:attachment":[{"href":"https:\/\/www.europesays.com\/es\/wp-json\/wp\/v2\/media?parent=747813"}],"wp:term":[{"taxonomy":"category","embeddable":true,"href":"https:\/\/www.europesays.com\/es\/wp-json\/wp\/v2\/categories?post=747813"},{"taxonomy":"post_tag","embeddable":true,"href":"https:\/\/www.europesays.com\/es\/wp-json\/wp\/v2\/tags?post=747813"}],"curies":[{"name":"wp","href":"https:\/\/api.w.org\/{rel}","templated":true}]}}