{"id":747815,"date":"2026-09-04T17:13:18","date_gmt":"2026-09-04T17:13:18","guid":{"rendered":"https:\/\/www.europesays.com\/es\/747815\/"},"modified":"2026-09-04T17:13:18","modified_gmt":"2026-09-04T17:13:18","slug":"los-hermanos-djedovic-cara-a-cara-en-la-final-de-la-copa-de-andalucia","status":"publish","type":"post","link":"https:\/\/www.europesays.com\/es\/747815\/","title":{"rendered":"Los hermanos Djedovic, cara a cara en la final de la Copa de Andaluc\u00eda"},"content":{"rendered":"<p>Este s\u00e1bado, a las 20.00 horas (en directo por Canal Sur), el Palacio Vista Alegre de C\u00f3rdoba abrir\u00e1 sus puertas a una in\u00e9dita final  &#8230; de la Copa de Andaluc\u00eda de baloncesto que, a su vez, para el Unicaja supondr\u00e1 su segundo y m\u00e1s completo test de pretemporada. El cuadro malague\u00f1o accedi\u00f3 directamente a la final del torneo al ser el \u00fanico equipo de la comunidad en la Liga ACB, mientras que sus contrincantes tuvieron que disputar un triangular previo. Y el ganador de este y rival de los de Txus Vidorreta ser\u00e1 el Caja 87 Sevilla, que sorprendentemente, se impuso al Covir\u00e1n Granada en su \u00faltimo partido.<\/p>\n<p class=\"v-d-p\">Este equipo acaba de ascender a la LEB Oro, la segunda categor\u00eda nacional, y es de reciente creaci\u00f3n\u2026 Aunque con matices. El Caja 87 naci\u00f3 en 2024 impulsado, principalmente por los hermanos Gonzalo y Sergio Crespo, quienes quisieron recuperar la tradici\u00f3n baloncest\u00edstica de la zona y realizar un homenaje al desaparecido Caja San Fernando. De hecho, el 87 se lo a\u00f1adieron porque fue el a\u00f1o de fundaci\u00f3n de este. La plantilla, dirigida por Juani D\u00edez, posee jugadores con experiencia en la Liga Endesa. Por ejemplo, los bases Josep Franch (Joventut, CB Murcia, CB Sevilla, Gipuzkoa Basket y B\u00e0squet Girona) y Nacho Arroyo (Movistar Estudiantes); y los interiores Archange Izaw-Bolavie (BAXI Manresa) y Ram\u00f3n Vil\u00e0 (Casademont Zaragoza y Coviran Granada).<\/p>\n<ul class=\"v-cmp-rld__u\">\n<li class=\"v-cmp-rld__l\">\n<p><a class=\"v-a-lnk\" href=\"http:\/\/www.diariosur.es\/unicaja\/horario-entradas-ver-copa-andalucia-unicaja-baloncesto-malaga-20260901165901-nt.html#vtm_modulosEngag=noticiasrelacionadas-cmp-uno:unicaja:noticia:1\" data-voc-vtm-id=\"in-text-traffic\" rel=\"nofollow noopener\" target=\"_blank\"><br \/>\n<img decoding=\"async\" loading=\"lazy\" src=\"https:\/\/www.europesays.com\/es\/wp-content\/uploads\/2026\/09\/MELILLA-UNICAJA-32-U83847636376JRc-366x256@Diario Sur.jpg\" class=\"v-a-img\" width=\"258\" height=\"180\" alt=\"Horario, entradas y d\u00f3nde ver la Copa de Andaluc\u00eda del Unicaja\"\/><br \/>\n<\/a><\/p>\n<\/li>\n<\/ul>\n<p class=\"v-d-p\">Sin embargo, hay una cara especialmente conocida\u2026 Para un jugador del Unicaja. Y es que Nedim, hermano menor de Nihad Djedovic, milita en el cuadro rival. Una bonita curiosidad que nunca antes se hab\u00eda dado siendo ya ambos profesionales. Este es el tercer a\u00f1o de Nedim, tambi\u00e9n exterior, en el cuadro sevillano, aunque no es su primera vez en Andaluc\u00eda; previamente, ya milit\u00f3 tambi\u00e9n en el Betis la temporada anterior. Ahora, se medir\u00e1 a su hermano como capit\u00e1n del cuadro rival.<\/p>\n<p class=\"v-a-t\">\nCaa a este segundo duelo de pretemporada, el Unicaja recupera a sus cuatro internacionales, aunque Nzosa y Kalinoski ser\u00e1n baja\n<\/p>\n<p class=\"v-d-p\">El menor de la familia, de 29 a\u00f1os, naci\u00f3 ya en M\u00fanich (a diferencia de Nihad), que fue la ciudad a la que se traslad\u00f3 su familia poco despu\u00e9s de nacer el jugador del Unicaja. Ambos hermanos crecieron jugando al baloncesto, aunque Nihad ascendi\u00f3 muy r\u00e1pidamente al profesionalismo cuando el Barcelona le fich\u00f3 con s\u00f3lo 16 a\u00f1os. Curiosamente, el club azulgrana tambi\u00e9n fich\u00f3 a Nedim cuando este s\u00f3lo ten\u00eda 13 a\u00f1os y pas\u00f3 hasta tres temporadas en su cantera, aunque finalmente seguir\u00eda creciendo deportivamente en clubes de la segunda y tercera categor\u00eda espa\u00f1olas. Nedim siempre jug\u00f3 en nuestro pa\u00eds, tiene la nacionalidad espa\u00f1ola y tambi\u00e9n una carrera: es graduado en Marketing y tiene un M\u00e1ster en Direcci\u00f3n de Entidades Deportivas. Dada esta ins\u00f3lita coincidencia, ambos hermanos dar\u00e1n este s\u00e1bado el salto inicial en la Copa de Andaluc\u00eda.<\/p>\n<p>\nUn Unicaja &#8216;reforzado&#8217;\n<\/p>\n<p class=\"v-d-p\">Un partido que supone el segundo test de preparaci\u00f3n del nuevo Unicaja, con una importante novedad con respecto al primero, la incorporaci\u00f3n de los internacionales que, en el partido de Melilla, estaban en la ventana FIBA. As\u00ed las cosas, ser\u00e1 la puesta de largo de Melwin Pantzar, Amine Noua y Willy Hernang\u00f3mez como nuevos cajistas. Tambi\u00e9n ser\u00e1 novedad Alberto D\u00edaz, que jug\u00f3 la ventana con Espa\u00f1a. Por otro lado, causar\u00e1n baja, por lesi\u00f3n, Yannick Nzosa y Tyler Kalinoski, que se entrena parcialmente con el grupo y tambi\u00e9n por separado mientras se recupera de unas molestias en el tobillo sufridas este verano. Este tampoco particip\u00f3 en el primer amistoso.<\/p>\n<p class=\"v-d-p\">Ser\u00e1 un buen encuentro para que se teste en acci\u00f3n el equipo, ante un rival quiz\u00e1 m\u00e1s competitivo que el Melilla, de Segunda FEB, y justo antes de la que ser\u00e1 la semana m\u00e1s intensa de la pretemporada, con la disputa de un Torneo Costa del Sol en la que los de Txus Vidorreta ya tendr\u00e1n que jugar ante sus rivales habituales: el Real Madrid y el Tenerife.<\/p>\n","protected":false},"excerpt":{"rendered":"Este s\u00e1bado, a las 20.00 horas (en directo por Canal Sur), el Palacio Vista Alegre de C\u00f3rdoba abrir\u00e1&hellip;\n","protected":false},"author":2,"featured_media":747816,"comment_status":"","ping_status":"","sticky":false,"template":"","format":"standard","meta":{"footnotes":""},"categories":[269],"tags":[259,299,298,2608,2493,168,35957,25,24,1058,9215,23,167],"class_list":["post-747815","post","type-post","status-publish","format-standard","has-post-thumbnail","category-baloncesto","tag-andalucia","tag-baloncesto","tag-basketball","tag-cara","tag-copa","tag-deportes","tag-djedovic","tag-es","tag-espana","tag-final","tag-hermanos","tag-spain","tag-sports"],"share_on_mastodon":{"url":"https:\/\/pubeurope.com\/@es\/117213896738235925","error":""},"_links":{"self":[{"href":"https:\/\/www.europesays.com\/es\/wp-json\/wp\/v2\/posts\/747815","targetHints":{"allow":["GET"]}}],"collection":[{"href":"https:\/\/www.europesays.com\/es\/wp-json\/wp\/v2\/posts"}],"about":[{"href":"https:\/\/www.europesays.com\/es\/wp-json\/wp\/v2\/types\/post"}],"author":[{"embeddable":true,"href":"https:\/\/www.europesays.com\/es\/wp-json\/wp\/v2\/users\/2"}],"replies":[{"embeddable":true,"href":"https:\/\/www.europesays.com\/es\/wp-json\/wp\/v2\/comments?post=747815"}],"version-history":[{"count":0,"href":"https:\/\/www.europesays.com\/es\/wp-json\/wp\/v2\/posts\/747815\/revisions"}],"wp:featuredmedia":[{"embeddable":true,"href":"https:\/\/www.europesays.com\/es\/wp-json\/wp\/v2\/media\/747816"}],"wp:attachment":[{"href":"https:\/\/www.europesays.com\/es\/wp-json\/wp\/v2\/media?parent=747815"}],"wp:term":[{"taxonomy":"category","embeddable":true,"href":"https:\/\/www.europesays.com\/es\/wp-json\/wp\/v2\/categories?post=747815"},{"taxonomy":"post_tag","embeddable":true,"href":"https:\/\/www.europesays.com\/es\/wp-json\/wp\/v2\/tags?post=747815"}],"curies":[{"name":"wp","href":"https:\/\/api.w.org\/{rel}","templated":true}]}}