{"id":747821,"date":"2026-09-04T17:19:12","date_gmt":"2026-09-04T17:19:12","guid":{"rendered":"https:\/\/www.europesays.com\/es\/747821\/"},"modified":"2026-09-04T17:19:12","modified_gmt":"2026-09-04T17:19:12","slug":"lasexta-anuncia-cuando-estrenara-la-segunda-temporada-de-cara-al-show-con-marc-giro","status":"publish","type":"post","link":"https:\/\/www.europesays.com\/es\/747821\/","title":{"rendered":"laSexta anuncia cu\u00e1ndo estrenar\u00e1 la segunda temporada de &#8216;Cara al show&#8217; con Marc Gir\u00f3"},"content":{"rendered":"<p>Despu\u00e9s de una primera semana de septiembre intensa en cu\u00e1nto a vuelta al trabajo se refiere, con la <a title=\"mayor\u00eda de presentadores volvi\u00e9ndose a poner al frente de sus programas\" href=\"https:\/\/www.larazon.es\/television\/programas\/susanna-griso-regresa-espejo-publico-ceuta-imagen-verguenza-desproposito-fracaso-colectivo_202608316a9535b94941316b1e71df02.html\" target=\"_blank\" rel=\"nofollow noopener\">mayor\u00eda de presentadores volvi\u00e9ndose a poner al frente de sus programas<\/a> y el arranque de <a title=\"nuevas temporadas\" href=\"https:\/\/www.larazon.es\/television\/programas\/programa-ana-rosa-importantes-fichajes_202608286a919befd16f763504a3e902.html\" target=\"_blank\" rel=\"nofollow noopener\">nuevas temporadas<\/a>, ya <b>solo quedan unos pocos formatos para regresar a la parrilla<\/b>. Entre ellos, <b>&#8216;Cara al show&#8217;<\/b>, que ya tiene <b>fecha de estreno. <\/b><\/p>\n<p>Tal y como ha confirmado <a title=\"Atresmedia\" href=\"https:\/\/www.atresmedia.com\/prensa\/notas\/lasexta\/cara-show-marc-giro-regresa-miercoles-9-septiembre-lasexta-visita-carmen-maura-victoria-luengo-gonzo-incorporacion-dos-nuevas-colaboradoras_202609046a9abc192d7d3022177e9d6a.html\" target=\"_blank\" rel=\"nofollow noopener\">Atresmedia<\/a> este viernes, el espacio de entrevistas de &#8216;Marc Gir\u00f3&#8217; <b>comenzar\u00e1 su segunda temporada en laSexta el pr\u00f3ximo mi\u00e9rcoles 9 de septiembre<\/b>, en su horario habitual, y esta vez, si nada cambia, sin tener enfrente a &#8216;El cielo con ella&#8217; de Henar \u00c1lvarez.<\/p>\n<p>El espacio, que lleg\u00f3 a la cadena el pasado 21 de abril tras el <a title=\"fichaje del comunicador catal\u00e1n por el grupo de comunicaci\u00f3n\" href=\"https:\/\/www.larazon.es\/television\/marc-giro-ficha-atresmedia-lasexta-tiene-nueva-estrella_202601126964c5f2384d9f038d83e5ed.html\" target=\"_blank\" rel=\"nofollow noopener\">fichaje del comunicador catal\u00e1n por el grupo de comunicaci\u00f3n<\/a>, anunciado en enero, <b>promedi\u00f3 un 5,4% de cuota de pantalla durante dos meses y medio de emisiones. <\/b><\/p>\n<p>Tras el par\u00f3n veraniego, Marc Gir\u00f3 vuelve a ponerse al frente de un <b>formato que combina el humor m\u00e1s irreverente con el an\u00e1lisis de la actualidad m\u00e1s cr\u00edtico y desenfadado<\/b>, todo ello con entrevistas a personajes de diferentes \u00e1mbitos como el entretenimiento y la cultura.<\/p>\n<p>Los encargados de inaugurar la primera temporada de &#8216;Cara al show&#8217; fueron Estopa, Jordi \u00c9vole, Eduardo Casanova y Chiara Oliver, mientras que<b> para la entrega inicial de la segunda temporada, el programa ha llamado a Carmen Maura, Victoria Luengo y Gonzo.<\/b><\/p>\n<p>Por un lado, la que fuera la primera \u00abchica almod\u00f3var\u00bb acudir\u00e1 al plat\u00f3 para compartir los <b>detalles de su paso por la serie &#8216;Furia&#8217;<\/b> y de su d\u00eda a d\u00eda lejos de los focos: las rutinas con su perra Rita, su gran colecci\u00f3n de Barbies o su amor por un dispositivo de limpieza muy concreto.<\/p>\n<p>La segunda int\u00e9rprete de la noche, Victoria Luengo, aprovechar\u00e1 su visita a &#8216;Cara al Show&#8217; para <b>presentar &#8216;El ser querido&#8217;<\/b>, pel\u00edcula que coprotagoniza junto a Javier Bardem y que acaba de ser una de las <a title=\"preseleccionadas por la Academia de Cine\" href=\"https:\/\/www.larazon.es\/television\/donde-ver-streaming-ser-querido-bola-negra-domingos-tres-peliculas-preseleccionadas-espana-oscar-2027_202609036a994fbc4941316b1e7618a9.html\" target=\"_blank\" rel=\"nofollow noopener\">preseleccionadas por la Academia de Cine<\/a> para representar a Espa\u00f1a en la pr\u00f3xima edici\u00f3n de los premios Oscar.<\/p>\n<p>Por \u00faltimo, el presentador recibir\u00e1 a un compa\u00f1ero de la casa. Gonzo desvelar\u00e1 algunos <b>detalles de la nueva temporada de &#8216;Salvados&#8217;<\/b>, un programa que cumple 18 a\u00f1os y que se estrena este domingo 6 de septiembre. Adem\u00e1s, confesar\u00e1 qu\u00e9 personajes tiene en su lista de pendientes y el curioso m\u00e9todo que utiliza para guardar en su agenda los contactos de algunas de las personalidades que ha entrevistado.<\/p>\n<p>Fiel a su esencia, pero con novedades<\/p>\n<p>&#8216;Cara al Show&#8217; ha sido recientemente <a title=\"galardonado con el prestigioso premio FesTVal de Vitoria-Gasteiz\" href=\"https:\/\/www.larazon.es\/television\/festval-2026-anuncia-todos-sus-premios-jesus-cintora-70-anos-tve_202608216a88537371b42a0b5dfcb3eb.html\" target=\"_blank\" rel=\"nofollow noopener\">galardonado con el prestigioso premio FesTVal de Vitoria-Gasteiz<\/a> y regresa con la premisa de <b>mantener intacta la esencia que lo define<\/b>. Su estructura principal continuar\u00e1 abriendo con un mon\u00f3logo reivindicativo a cargo de Marc Gir\u00f3 centrado en el feminismo y los derechos humanos, seguido por entrevistas a dos personalidades de primer nivel del mundo cultural, social o deportivo.<\/p>\n<p>La gran novedad de esta etapa es la <b>incorporaci\u00f3n de la actriz Loles Le\u00f3n y la periodista Sabina Urraca<\/b> al equipo de colaboradores. Ambas compartir\u00e1n espacio con rostros habituales del programa como la humorista Yolanda Ramos y el periodista Pepe Colubi.<\/p>\n<p>El espect\u00e1culo se completar\u00e1 con las <b>intervenciones improvisadas del d\u00fao Las Glorias Cabareteras y la m\u00fasica en directo de la Gir\u00f3\u2019s Boys Band<\/b>, un quinteto de jazz que amenizar\u00e1 las entregas antes del cierre habitual con una actuaci\u00f3n musical.<\/p>\n","protected":false},"excerpt":{"rendered":"Despu\u00e9s de una primera semana de septiembre intensa en cu\u00e1nto a vuelta al trabajo se refiere, con la&hellip;\n","protected":false},"author":2,"featured_media":747822,"comment_status":"","ping_status":"","sticky":false,"template":"","format":"standard","meta":{"footnotes":""},"categories":[171],"tags":[151,146,147,25,24,5622,2662,23,807,214],"class_list":["post-747821","post","type-post","status-publish","format-standard","has-post-thumbnail","category-tv","tag-atresmedia","tag-entertainment","tag-entretenimiento","tag-es","tag-espana","tag-lasexta","tag-programas-de-television","tag-spain","tag-television","tag-tv"],"share_on_mastodon":{"url":"https:\/\/pubeurope.com\/@es\/117213918973384216","error":""},"_links":{"self":[{"href":"https:\/\/www.europesays.com\/es\/wp-json\/wp\/v2\/posts\/747821","targetHints":{"allow":["GET"]}}],"collection":[{"href":"https:\/\/www.europesays.com\/es\/wp-json\/wp\/v2\/posts"}],"about":[{"href":"https:\/\/www.europesays.com\/es\/wp-json\/wp\/v2\/types\/post"}],"author":[{"embeddable":true,"href":"https:\/\/www.europesays.com\/es\/wp-json\/wp\/v2\/users\/2"}],"replies":[{"embeddable":true,"href":"https:\/\/www.europesays.com\/es\/wp-json\/wp\/v2\/comments?post=747821"}],"version-history":[{"count":0,"href":"https:\/\/www.europesays.com\/es\/wp-json\/wp\/v2\/posts\/747821\/revisions"}],"wp:featuredmedia":[{"embeddable":true,"href":"https:\/\/www.europesays.com\/es\/wp-json\/wp\/v2\/media\/747822"}],"wp:attachment":[{"href":"https:\/\/www.europesays.com\/es\/wp-json\/wp\/v2\/media?parent=747821"}],"wp:term":[{"taxonomy":"category","embeddable":true,"href":"https:\/\/www.europesays.com\/es\/wp-json\/wp\/v2\/categories?post=747821"},{"taxonomy":"post_tag","embeddable":true,"href":"https:\/\/www.europesays.com\/es\/wp-json\/wp\/v2\/tags?post=747821"}],"curies":[{"name":"wp","href":"https:\/\/api.w.org\/{rel}","templated":true}]}}