{"id":747831,"date":"2026-09-04T17:25:24","date_gmt":"2026-09-04T17:25:24","guid":{"rendered":"https:\/\/www.europesays.com\/es\/747831\/"},"modified":"2026-09-04T17:25:24","modified_gmt":"2026-09-04T17:25:24","slug":"circulan-estos-listados-de-zelda-ocarina-of-time-y-gta-6-para-nintendo-switch-2-pero-hay-que-tomarlos-con-cautela","status":"publish","type":"post","link":"https:\/\/www.europesays.com\/es\/747831\/","title":{"rendered":"Circulan estos listados de Zelda: Ocarina of Time y GTA 6 para Nintendo Switch 2, pero hay que tomarlos con cautela"},"content":{"rendered":"<p>Un revendedor franc\u00e9s habr\u00eda a\u00f1adido a su cat\u00e1logo una referencia correspondiente a una <strong data-start=\"268\" data-end=\"342\" data-is-only-node=\"\">Nintendo Switch 2 con tem\u00e1tica de <\/strong><a href=\"https:\/\/www.nintenderos.com\/2026\/09\/zelda-ocarina-of-time-remake-estaria-siendo-desarrollado-por-monolith-soft-segun-este-listado-de-la-tienda-elkjop\/\" rel=\"nofollow noopener\" target=\"_blank\">The Legend of Zelda: Ocarina of Time<\/a>. Esto es todo lo que ha a\u00f1adido, seg\u00fan comparten desde SwitchActu:<\/p>\n<ul>\n<li data-section-id=\"4n604b\" data-start=\"344\" data-end=\"529\"><strong data-start=\"417\" data-end=\"469\" data-is-only-node=\"\">Zelda: Ocarina of Time:\u00a0<\/strong>\n<ul>\n<li data-section-id=\"4n604b\" data-start=\"344\" data-end=\"529\"><strong data-start=\"346\" data-end=\"367\">Consola tem\u00e1tica:<\/strong> El listado hace referencia espec\u00edficamente a una <strong data-start=\"417\" data-end=\"469\" data-is-only-node=\"\">Nintendo Switch 2 Edici\u00f3n Zelda: Ocarina of Time<\/strong>, lo que apuntar\u00eda a un posible pack especial de la consola.<\/li>\n<li data-section-id=\"1s713mm\" data-start=\"530\" data-end=\"796\"><strong data-start=\"532\" data-end=\"573\">The Legend of Zelda: Ocarina of Time:<\/strong> Tambi\u00e9n aparece listado <strong data-start=\"598\" data-end=\"661\" data-is-only-node=\"\">The Legend of Zelda: Ocarina of Time para Nintendo Switch 2<\/strong>, lo que coincidir\u00eda con la existencia del remake anunciado para la consola y previsto para 2026.<\/li>\n<li data-section-id=\"19zufly\" data-start=\"797\" data-end=\"992\"><strong data-start=\"799\" data-end=\"825\">Edici\u00f3n coleccionista:<\/strong> El distribuidor habr\u00eda registrado adem\u00e1s una <strong data-start=\"871\" data-end=\"936\" data-is-only-node=\"\">edici\u00f3n coleccionista de The Legend of Zelda: Ocarina of Time<\/strong>, aunque no se han ofrecido detalles sobre su contenido.<\/li>\n<li data-section-id=\"o30wut\" data-start=\"993\" data-end=\"1189\"><strong data-start=\"995\" data-end=\"1018\">Mando Pro especial:<\/strong> Entre las referencias aparece una <strong data-start=\"1053\" data-end=\"1120\" data-is-only-node=\"\">Nintendo Switch Pro Controller 2 Edici\u00f3n Zelda: Ocarina of Time<\/strong>, que ser\u00eda un mando tematizado espec\u00edficamente con motivo del juego.<\/li>\n<li data-section-id=\"1yapkah\" data-start=\"1190\" data-end=\"1357\"><strong data-start=\"1192\" data-end=\"1217\">Joy-Con 2 especiales:<\/strong> Tambi\u00e9n se menciona un <strong data-start=\"1241\" data-end=\"1297\" data-is-only-node=\"\">pack de dos Joy-Con 2 Edici\u00f3n Zelda: Ocarina of Time<\/strong>, lo que ampliar\u00eda la posible gama de productos tematizados.<\/li>\n<\/ul>\n<\/li>\n<li data-section-id=\"17rkjdh\" data-start=\"1358\" data-end=\"1612\"><a href=\"https:\/\/www.nintenderos.com\/nintendo-switch-2\/surgen-mas-detalles-de-la-version-de-gta-6-para-nintendo-switch-2-segun-nuevos-rumores\/\" rel=\"nofollow noopener\" target=\"_blank\">Grand Theft Auto 6<\/a><strong data-start=\"1360\" data-end=\"1396\"> en Switch 2:<\/strong> El mismo distribuidor franc\u00e9s habr\u00eda incluido varias referencias de <strong data-start=\"1465\" data-end=\"1511\" data-is-only-node=\"\">Grand Theft Auto VI para Nintendo Switch 2<\/strong>, algo especialmente llamativo debido a que actualmente no existe un anuncio oficial de esta versi\u00f3n.\n<ul>\n<li data-section-id=\"1kbox87\" data-start=\"1613\" data-end=\"1759\"><strong data-start=\"1615\" data-end=\"1636\">Edici\u00f3n est\u00e1ndar:<\/strong> Una de las referencias corresponde a <strong data-start=\"1674\" data-end=\"1720\" data-is-only-node=\"\">Grand Theft Auto VI para Nintendo Switch 2<\/strong>, sin especificar una edici\u00f3n especial.<\/li>\n<li data-section-id=\"1etxjlu\" data-start=\"1760\" data-end=\"1864\"><strong data-start=\"1762\" data-end=\"1781\">Edici\u00f3n Deluxe:<\/strong> Tambi\u00e9n aparece una <strong data-start=\"1802\" data-end=\"1840\" data-is-only-node=\"\">Grand Theft Auto VI Deluxe Edition<\/strong> para Nintendo Switch 2.<\/li>\n<li data-section-id=\"1yy44jt\" data-start=\"1865\" data-end=\"1962\"><strong data-start=\"1867\" data-end=\"1887\">Edici\u00f3n Premium:<\/strong> El listado incluye igualmente una <strong data-start=\"1922\" data-end=\"1961\" data-is-only-node=\"\">Grand Theft Auto VI Premium Edition<\/strong>.<\/li>\n<li data-section-id=\"1uvwd7c\" data-start=\"1963\" data-end=\"2070\"><strong data-start=\"1965\" data-end=\"1991\">Edici\u00f3n Coleccionista:<\/strong> Otra referencia corresponde a una <strong data-start=\"2026\" data-end=\"2069\" data-is-only-node=\"\">Grand Theft Auto VI Collector\u2019s Edition<\/strong>.<\/li>\n<li data-section-id=\"15f2s09\" data-start=\"2071\" data-end=\"2242\"><strong data-start=\"2073\" data-end=\"2110\">Edici\u00f3n Coleccionista Definitiva:<\/strong> Finalmente, aparece una <strong data-start=\"2135\" data-end=\"2187\" data-is-only-node=\"\">Grand Theft Auto VI Ultimate Collector\u2019s Edition<\/strong>, que ser\u00eda la versi\u00f3n m\u00e1s completa de las registradas.<\/li>\n<\/ul>\n<\/li>\n<\/ul>\n<p>Ninguna de estas referencias ha sido anunciada oficialmente por <strong data-start=\"2342\" data-end=\"2381\" data-is-only-node=\"\">Nintendo, Rockstar Games o Take-Two<\/strong>, por lo que los listados del distribuidor no pueden considerarse una confirmaci\u00f3n. Existe la posibilidad de que el revendedor haya creado estas fichas como <strong data-start=\"2570\" data-end=\"2609\" data-is-only-node=\"\">referencias internas o placeholders<\/strong> para preparar futuros productos, sin disponer todav\u00eda de informaci\u00f3n oficial.<\/p>\n<p>\u00bfQu\u00e9 pens\u00e1is vosotros?<\/p>\n<p>            <a class=\"c-post-inline-related__card\" href=\"https:\/\/www.nintenderos.com\/nintendo-switch-2\/video-asi-de-sencillo-resulta-cambiar-la-bateria-de-la-nueva-nintendo-switch-2-con-bateria-extraible\/\" rel=\"related nofollow noopener\" target=\"_blank\"><\/p>\n<p>                <img decoding=\"async\" class=\"c-post-inline-related__thumb-img\" loading=\"lazy\" width=\"100\" height=\"100\" src=\"https:\/\/www.europesays.com\/es\/wp-content\/uploads\/2026\/09\/v5qqarlGWHriUsH6-160x160.jpg\" alt=\"V\u00eddeo: As\u00ed de sencillo resulta cambiar la bater\u00eda de la nueva Nintendo Switch 2 con bater\u00eda extra\u00edble\"\/><\/p>\n<p>            V\u00eddeo: As\u00ed de sencillo resulta cambiar la bater\u00eda de la nueva Nintendo Switch 2 con bater\u00eda extra\u00edble<br \/>\n        <\/a><br \/>\n            <a class=\"c-post-inline-related__card\" href=\"https:\/\/www.nintenderos.com\/nintendo-switch-2\/sin-anuncios-para-nintendo-switch-1-en-el-nuevo-nintendo-direct-este-mensaje-de-nintendo-apunta-a-que-ocurrira-por-primera-vez\/\" rel=\"related nofollow noopener\" target=\"_blank\"><\/p>\n<p>                <img decoding=\"async\" class=\"c-post-inline-related__thumb-img\" loading=\"lazy\" width=\"100\" height=\"100\" src=\"https:\/\/www.europesays.com\/es\/wp-content\/uploads\/2026\/09\/HRYS4QwbgAED24A-Cropped-160x160.jpg\" alt=\"\u00bfSin anuncios para Nintendo Switch 1 en el nuevo Nintendo Direct? Este mensaje de Nintendo apunta a que ocurrir\u00e1 por primera vez\"\/><\/p>\n<p>            \u00bfSin anuncios para Nintendo Switch 1 en el nuevo Nintendo Direct? Este mensaje de Nintendo apunta a que ocurrir\u00e1 por primera vez<br \/>\n        <\/a><\/p>\n<p><a href=\"https:\/\/mynintendonews.com\/2026\/09\/04\/rumour-journalist-told-next-metal-gear-collection-will-feature-revengeance-and-v\/\" class=\"external\" rel=\"nofollow noopener\" target=\"_blank\">Fuente<\/a>.<\/p>\n<p class=\"c-gfollow-inline__title\">M\u00e1rcanos como fuente en Google<\/p>\n<p class=\"c-gfollow-inline__sub\">Ent\u00e9rate de las \u00faltimas noticias y ofertas de Nintendo antes que nadie<\/p>\n<p>        S\u00edguenos en Google<\/p>\n<p>    <a class=\"c-post-author__avatar\" href=\"https:\/\/www.nintenderos.com\/author\/albertomilln\/\" rel=\"nofollow noopener\" target=\"_blank\"><br \/>\n        <img loading=\"lazy\" alt=\"\" src=\"https:\/\/www.europesays.com\/es\/wp-content\/uploads\/2026\/09\/1788542724_110_614af94849378-bpfull.png\"  class=\"avatar avatar-96 photo c-post-author__avatar-img\" height=\"96\" width=\"96\" decoding=\"async\"\/>    <\/a><\/p>\n<p>            <a href=\"https:\/\/www.nintenderos.com\/author\/albertomilln\/\" rel=\"nofollow noopener\" target=\"_blank\">Alberto Mill\u00e1n<\/a><\/p>\n<p class=\"c-post-author__charge\">Director<\/p>\n<p class=\"c-post-author__bio\">A\u00fan jugando a Breath of the Wild. Puedes seguirme en Twitter o Instagram en los iconos de arriba.<\/p>\n","protected":false},"excerpt":{"rendered":"Un revendedor franc\u00e9s habr\u00eda a\u00f1adido a su cat\u00e1logo una referencia correspondiente a una Nintendo Switch 2 con tem\u00e1tica&hellip;\n","protected":false},"author":2,"featured_media":747832,"comment_status":"","ping_status":"","sticky":false,"template":"","format":"standard","meta":{"footnotes":""},"categories":[81],"tags":[119,123,124,25,24,6652,145,117,121,122,23,118,120,113515],"class_list":["post-747831","post","type-post","status-publish","format-standard","has-post-thumbnail","category-ciencia-y-tecnologia","tag-ciencia","tag-ciencia-y-tecnologia","tag-cienciaytecnologia","tag-es","tag-espana","tag-gta-6","tag-rumor","tag-science","tag-science-and-technology","tag-scienceandtechnology","tag-spain","tag-technology","tag-tecnologia","tag-zelda-ocarina-of-time"],"share_on_mastodon":{"url":"https:\/\/pubeurope.com\/@es\/117213942632031955","error":""},"_links":{"self":[{"href":"https:\/\/www.europesays.com\/es\/wp-json\/wp\/v2\/posts\/747831","targetHints":{"allow":["GET"]}}],"collection":[{"href":"https:\/\/www.europesays.com\/es\/wp-json\/wp\/v2\/posts"}],"about":[{"href":"https:\/\/www.europesays.com\/es\/wp-json\/wp\/v2\/types\/post"}],"author":[{"embeddable":true,"href":"https:\/\/www.europesays.com\/es\/wp-json\/wp\/v2\/users\/2"}],"replies":[{"embeddable":true,"href":"https:\/\/www.europesays.com\/es\/wp-json\/wp\/v2\/comments?post=747831"}],"version-history":[{"count":0,"href":"https:\/\/www.europesays.com\/es\/wp-json\/wp\/v2\/posts\/747831\/revisions"}],"wp:featuredmedia":[{"embeddable":true,"href":"https:\/\/www.europesays.com\/es\/wp-json\/wp\/v2\/media\/747832"}],"wp:attachment":[{"href":"https:\/\/www.europesays.com\/es\/wp-json\/wp\/v2\/media?parent=747831"}],"wp:term":[{"taxonomy":"category","embeddable":true,"href":"https:\/\/www.europesays.com\/es\/wp-json\/wp\/v2\/categories?post=747831"},{"taxonomy":"post_tag","embeddable":true,"href":"https:\/\/www.europesays.com\/es\/wp-json\/wp\/v2\/tags?post=747831"}],"curies":[{"name":"wp","href":"https:\/\/api.w.org\/{rel}","templated":true}]}}