{"id":747837,"date":"2026-09-04T17:28:14","date_gmt":"2026-09-04T17:28:14","guid":{"rendered":"https:\/\/www.europesays.com\/es\/747837\/"},"modified":"2026-09-04T17:28:14","modified_gmt":"2026-09-04T17:28:14","slug":"hacienda-saca-adelante-la-reforma-de-la-financiacion-autonomica-con-catalunya-y-canarias-y-la-ausencia-de-madrid","status":"publish","type":"post","link":"https:\/\/www.europesays.com\/es\/747837\/","title":{"rendered":"Hacienda saca adelante la reforma de la financiaci\u00f3n auton\u00f3mica con Catalunya y Canarias y la ausencia de Madrid"},"content":{"rendered":"<p class=\"article-text\">\n        El Ministerio de Hacienda ha sacado adelante su propuesta para reformar el modelo de <a href=\"https:\/\/www.eldiario.es\/economia\/gobierno-reune-comunidades-aprobar-nueva-financiacion-21-000-millones-cambio_1_13412126.html\" data-mrf-recirculation=\"links-noticia\" class=\"link\" rel=\"nofollow noopener\" target=\"_blank\">financiaci\u00f3n auton\u00f3mica<\/a> en el Consejo de Pol\u00edtica Fiscal y Financiera (CPFF) con el voto a favor de Catalunya, liderada por el PSC, y de Canarias, donde Coalici\u00f3n Canaria gobierna con el PP, a pesar del rechazo frontal del resto de comunidades populares y, tambi\u00e9n, las dos socialistas (Asturias y Castilla-La Mancha) que forman parte del r\u00e9gimen com\u00fan.\n    <\/p>\n<p>    <a href=\"https:\/\/www.eldiario.es\/madrid\/gobierno-ayuso-boicotea-reunion-hacienda-financiacion-autonomica-pide-regiones-pp-no-asistan_1_13485542.html\" data-mrf-recirculation=\"saber-mas\" data-dl-event=\"saber-mas\" rel=\"nofollow noopener\" target=\"_blank\"><\/p>\n<p class=\"know-more__title\">El Gobierno de Ayuso boicotea la reuni\u00f3n de Hacienda de financiaci\u00f3n auton\u00f3mica y pide a las regiones del PP que no asistan<\/p>\n<p>            <img decoding=\"async\" class=\"lazy\" loading=\"lazy\" data-src=\"https:\/\/static.eldiario.es\/clip\/a5e308f9-9917-42b3-8e72-fc68b817feee_16-9-aspect-ratio_default_0_x1046y258.jpg\" src=\"data:image\/svg+xml,%3Csvg xmlns=\" http:=\"\" viewbox=\"0 0 880 495\" alt=\"El Gobierno de Ayuso boicotea la reuni\u00f3n de Hacienda de financiaci\u00f3n auton\u00f3mica y pide a las regiones del PP que no asistan\"\/><\/p>\n<p>                        <\/a><\/p>\n<p class=\"article-text\">\n        Sin sorpresas, la propuesta del ministro Arcadi Espa\u00f1a (que hered\u00f3 de la exvicepresidenta Mar\u00eda Jes\u00fas Montero, previo acuerdo con ERC) ha pasado el filtro del \u00f3rgano que re\u00fane a Hacienda con el resto de comunidades aut\u00f3nomas, seg\u00fan fuentes del Ministerio. El intento de <a href=\"https:\/\/www.eldiario.es\/madrid\/gobierno-ayuso-boicotea-reunion-hacienda-financiacion-autonomica-pide-regiones-pp-no-asistan_1_13485542.html\" data-mrf-recirculation=\"links-noticia\" class=\"link\" rel=\"nofollow noopener\" target=\"_blank\">boicot del Gobierno de Isabel D\u00edaz Ayuso<\/a>, que el jueves anunci\u00f3 que no acudir\u00eda a la cita e hizo un llamamiento al resto de gobiernos populares a dar plant\u00f3n, no ha impedido la celebraci\u00f3n. El objetivo era impedir el qu\u00f3rum de la mitad de miembros m\u00e1s uno para que no tuviese lugar la reuni\u00f3n. La aprobaci\u00f3n estaba garantizada porque el proyecto del Ejecutivo central solo necesitaba el apoyo de una comunidad aut\u00f3noma.\n    <\/p>\n<p class=\"article-text\">\n        El ministro Espa\u00f1a ha celebrado como \u201chist\u00f3rico\u201d el hecho de que el CPFF haya aprobado una propuesta de reforma de la financiaci\u00f3n auton\u00f3mica despu\u00e9s de 17 a\u00f1os. En rueda de prensa tras la reuni\u00f3n, si bien ha reconocido que el modelo no es \u201cperfecto\u201d, ha incidido en las bondades y en su mejora sobre el caducado.\n    <\/p>\n<p class=\"article-text\">\n        En t\u00e9rminos similares se ha expresado la consellera catalana Al\u00edcia Romero ha mostrado su satisfacci\u00f3n a la salida de la reuni\u00f3n, subrayando que es una \u201cventana de oportunidad\u201d y ha abierto la puerta a que el modelo pactado entre el Gobierno y ERC pueda ser mejorado en el tr\u00e1mite parlamentario. Singularmente, para contentar a Junts.\n    <\/p>\n<p class=\"article-text\">\n        En este sentido, el ministro Espa\u00f1a ha incidido en la mano tendida al di\u00e1logo: \u201cPido a los grupos parlamentarios que en la negociaci\u00f3n parlamentaria alejen el ruido y la furia y que acuerden\u201d.\n    <\/p>\n<p class=\"article-text\">\n        Las comunidades gobernadas por el PP acud\u00edan con las espadas en alto por un modelo que, <a href=\"https:\/\/www.eldiario.es\/politica\/gobierno-reta-barones-pp-rechazar-forma-voluntaria-15-000-millones-financiacion-autonomica_1_12907977.html\" data-mrf-recirculation=\"links-noticia\" class=\"link\" rel=\"nofollow noopener\" target=\"_blank\">a pesar de que les beneficia particularmente<\/a>, dicen que no les gusta. Sin embargo, la propuesta de Ayuso de dar plant\u00f3n a Espa\u00f1a cay\u00f3 en saco roto. El conselleiro gallego Miguel Corgos se cubri\u00f3 las espaldas, a la entrada al foro: dijo que su posici\u00f3n era \u201cmuy parecida\u201d a la suya, pero \u201cellos lo manifiestan de una forma diferente\u201d. La extreme\u00f1a Elena Manzano aludi\u00f3 a la \u201cm\u00e1xima lealtad institucional\u201d para justificar su presencia. Fuentes de Hacienda detallan que Madrid no notific\u00f3 formalmente su ausencia. En el asiento de la consejera madrile\u00f1a Roc\u00edo Albert, vac\u00edo, hab\u00eda un libro: El dolor de los dem\u00e1s, del murciano Miguel \u00c1ngel Hern\u00e1ndez, cortes\u00eda del ministro Espa\u00f1a.\n    <\/p>\n<p>            <img decoding=\"async\" class=\"lazy\" loading=\"lazy\" data-src=\"https:\/\/static.eldiario.es\/clip\/5c8e14da-faea-4696-926a-72dbf754754f_16-9-discover-aspect-ratio_default_0.jpg\" src=\"data:image\/svg+xml,%3Csvg xmlns=\" http:=\"\" viewbox=\"0 0 1200 675\" alt=\"El asiento vac\u00edo de la consejera madrile\u00f1a Roc\u00edo Albert en el CPFF.\"\/><\/p>\n<p class=\"article-text\">\n        A la salida del consejo, los consejeros populares, liderados por la vicepresidenta andaluza Carolina Espa\u00f1a, han tachado de \u201ccorrupci\u00f3n pol\u00edtica\u201d y \u201ctraici\u00f3n\u201d la aprobaci\u00f3n de este modelo en el \u00f3rgano bilateral, en tanto se ha negociado con Catalunya y ERC. \u201cEl Gobierno ha recibido un no alto y claro porque el 90% de las comunidades hemos votado que no\u201d, ha dicho la consejera andaluza, acusando al sistema \u2013del que su regi\u00f3n es la principal beneficiaria\u2013 de romper la igualdad constitucional.\n    <\/p>\n<p class=\"article-text\">\n        Tambi\u00e9n el consejero de Castilla-La Mancha, Juan Alfonso Ruiz Molina, ha mostrado su rechazo al sistema planteado. \u201cCatalunya ha tenido la oportunidad de negociar el modelo de forma unilateral y, si a m\u00ed me hubieran dado como Gobierno de Castilla-La Mancha la oportunidad de negociar el modelo de financiaci\u00f3n estar\u00eda igual de satisfecho\u201d, ha dicho el responsable socialista, que ha dicho que los \u201cprivilegios de Catalunya\u201d van \u201cen detrimento\u201d del resto.\n    <\/p>\n<p class=\"article-text\">\n        Eso s\u00ed: ni Andaluc\u00eda ni Castilla-La Mancha, dos de las principales beneficiarias del modelo, han rechazado acogerse a \u00e9l si llega a ser aprobado definitivamente.\n    <\/p>\n<p class=\"article-text\">\n        La aprobaci\u00f3n del CPFF es el primer paso necesario para que el proyecto de ley ahora pase por la mesa del Consejo de Ministros, solo en primera vuelta, y despu\u00e9s se enviar\u00e1 al Congreso de los Diputados, donde su recorrido es incierto por la oposici\u00f3n de Junts.\n    <\/p>\n<p>    21.000 millones m\u00e1s para las comunidades<\/p>\n<p class=\"article-text\">\n        La propuesta dise\u00f1ada por Hacienda est\u00e1 llamada a sustituir el modelo de 2009, que lleva 12 a\u00f1os caducado. Los n\u00fameros del Gobierno apuntan a una inyecci\u00f3n adicional de 21.000 millones al sistema, de los cuales se beneficiar\u00e1n todas las comunidades. Por ponerlo en perspectiva, <a href=\"https:\/\/www.eldiario.es\/economia\/financiacion-autonomica-extra-montero-cubriria-50-gasto-educativo-comunidades_1_12913752.html\" data-mrf-recirculation=\"links-noticia\" class=\"link\" rel=\"nofollow noopener\" target=\"_blank\">esos recursos extra equivaldr\u00edan a cubrir un tercio de todo el gasto sanitario de varias autonom\u00edas<\/a>, hasta la mitad de su gasto educativo, o siete veces lo que esas mismas comunidades destinan hoy a pol\u00edticas de vivienda.\n    <\/p>\n<p><\/p>\n<p class=\"article-text\">\n        El incremento se financia por dos v\u00edas: una parte llega directamente de las arcas del Estado (nivelaci\u00f3n vertical), y la otra procede de una mayor participaci\u00f3n de las comunidades en la recaudaci\u00f3n de los grandes impuestos. Por el lado de la nivelaci\u00f3n vertical, el Estado destinar\u00e1 casi 19.000 millones de euros.\n    <\/p>\n<p class=\"article-text\">\n        Por el lado de la cesta de impuestos cedidos, las comunidades pasar\u00e1n a quedarse con el 55% del IRPF que se recauda en su territorio (frente al 50% actual), y con el 56,5% del IVA (hoy es el 50%). Se mantiene el 58% de los impuestos especiales sobre tabaco, alcohol, cerveza e hidrocarburos, y se incorporan a la cesta el 100% de sucesiones, transmisiones patrimoniales y actos jur\u00eddicos documentados, los impuestos sobre determinados medios de transporte, los tributos sobre el juego, el impuesto sobre la electricidad, el de patrimonio, el de dep\u00f3sitos bancarios y los de residuos. Esta mayor cesi\u00f3n de tributos supone otros 15.756 millones de euros.\n    <\/p>\n<p>    <a href=\"https:\/\/www.eldiario.es\/economia\/gobierno-reune-comunidades-aprobar-nueva-financiacion-21-000-millones-cambio_1_13412126.html\" data-mrf-recirculation=\"saber-mas-abajo\" data-dl-event=\"saber-mas-abajo\" rel=\"nofollow noopener\" target=\"_blank\"><\/p>\n<p class=\"know-more__title\">El Gobierno re\u00fane a las comunidades para aprobar la nueva financiaci\u00f3n: 21.000 millones m\u00e1s, \u00bfpara qui\u00e9n y a cambio de qu\u00e9?\n<\/p>\n<p>            <img decoding=\"async\" class=\"lazy\" loading=\"lazy\" data-src=\"https:\/\/static.eldiario.es\/clip\/fdad4798-633e-4645-a16b-09bde3c744ba_16-9-aspect-ratio_default_0_x1177y333.jpg\" src=\"data:image\/svg+xml,%3Csvg xmlns=\" http:=\"\" viewbox=\"0 0 880 495\" alt=\"El Gobierno re\u00fane a las comunidades para aprobar la nueva financiaci\u00f3n: 21.000 millones m\u00e1s, \u00bfpara qui\u00e9n y a cambio de qu\u00e9?\"\/><\/p>\n<p>                        <\/a><\/p>\n<p><\/p>\n<p class=\"article-text\">\n        Pese a la m\u00e1cula de que el sistema de financiaci\u00f3n nace fruto de un acuerdo con ERC, en t\u00e9rminos absolutos no es Catalunya, sino Andaluc\u00eda la gran beneficiaria del nuevo modelo, con 4.846 millones de euros m\u00e1s al a\u00f1o. Le siguen Catalunya, con 4.686 millones, la Comunitat Valenciana, con 3.669 millones, y Madrid, con 2.555 millones. El reparto por habitante ajustado, en cualquier caso, sigue premiando a las comunidades peor financiadas hasta ahora, que es precisamente el objetivo declarado de la reforma.\n    <\/p>\n","protected":false},"excerpt":{"rendered":"El Ministerio de Hacienda ha sacado adelante su propuesta para reformar el modelo de financiaci\u00f3n auton\u00f3mica en el&hellip;\n","protected":false},"author":2,"featured_media":747838,"comment_status":"","ping_status":"","sticky":false,"template":"","format":"standard","meta":{"footnotes":""},"categories":[8],"tags":[6415,3272,24891,17,18,1896,7800,25,24,13,14,6861,1671,11,19,20,205,9,10,15,16,14824,12850,23,12,21,22],"class_list":["post-747837","post","type-post","status-publish","format-standard","has-post-thumbnail","category-espana","tag-adelante","tag-ausencia","tag-autonomica","tag-breaking-news","tag-breakingnews","tag-canarias","tag-catalunya","tag-es","tag-espana","tag-featured-news","tag-featurednews","tag-financiacion","tag-hacienda","tag-headlines","tag-latest-news","tag-latestnews","tag-madrid","tag-news","tag-noticias","tag-noticias-destacadas","tag-noticiasdestacadas","tag-reforma","tag-saca","tag-spain","tag-titulares","tag-ultimas-noticias","tag-ultimasnoticias"],"share_on_mastodon":{"url":"https:\/\/pubeurope.com\/@es\/117213954403895395","error":""},"_links":{"self":[{"href":"https:\/\/www.europesays.com\/es\/wp-json\/wp\/v2\/posts\/747837","targetHints":{"allow":["GET"]}}],"collection":[{"href":"https:\/\/www.europesays.com\/es\/wp-json\/wp\/v2\/posts"}],"about":[{"href":"https:\/\/www.europesays.com\/es\/wp-json\/wp\/v2\/types\/post"}],"author":[{"embeddable":true,"href":"https:\/\/www.europesays.com\/es\/wp-json\/wp\/v2\/users\/2"}],"replies":[{"embeddable":true,"href":"https:\/\/www.europesays.com\/es\/wp-json\/wp\/v2\/comments?post=747837"}],"version-history":[{"count":0,"href":"https:\/\/www.europesays.com\/es\/wp-json\/wp\/v2\/posts\/747837\/revisions"}],"wp:featuredmedia":[{"embeddable":true,"href":"https:\/\/www.europesays.com\/es\/wp-json\/wp\/v2\/media\/747838"}],"wp:attachment":[{"href":"https:\/\/www.europesays.com\/es\/wp-json\/wp\/v2\/media?parent=747837"}],"wp:term":[{"taxonomy":"category","embeddable":true,"href":"https:\/\/www.europesays.com\/es\/wp-json\/wp\/v2\/categories?post=747837"},{"taxonomy":"post_tag","embeddable":true,"href":"https:\/\/www.europesays.com\/es\/wp-json\/wp\/v2\/tags?post=747837"}],"curies":[{"name":"wp","href":"https:\/\/api.w.org\/{rel}","templated":true}]}}