{"id":747843,"date":"2026-09-04T17:34:16","date_gmt":"2026-09-04T17:34:16","guid":{"rendered":"https:\/\/www.europesays.com\/es\/747843\/"},"modified":"2026-09-04T17:34:16","modified_gmt":"2026-09-04T17:34:16","slug":"nick-kyrgios-se-quita-los-grilletes","status":"publish","type":"post","link":"https:\/\/www.europesays.com\/es\/747843\/","title":{"rendered":"Nick Kyrgios se quita los grilletes"},"content":{"rendered":"<p>Nick Kyrgios es libre para volver a empu\u00f1ar la raqueta y competir sin traba alguna desde este viernes 4 de septiembre, fecha en la que  &#8230; ha expirado el castigo que le impusieron las autoridades tras dar <a href=\"https:\/\/www.elcorreo.com\/deportes\/tenis\/tenista-nick-kyrgios-suspendido-tras-dar-positivo-20260819114948-ntrc.html\" data-voc-vtm-id=\"in-text-traffic\" rel=\"nofollow noopener\" target=\"_blank\">positivo por coca\u00edna<\/a> antes de comenzar su participaci\u00f3n en el ATP 250 en Mallorca el pasado mes de junio. La Agencia Internacional de Integridad del Tenis (ITIA) le sancion\u00f3 el 4 de agosto con tres meses de suspensi\u00f3n, pero redujo dicho plazo a un mes con la condici\u00f3n de que el tenista se sometiese a un programa de rehabilitaci\u00f3n. De esta forma, el australiano cuenta ya con la autorizaci\u00f3n pertinente para regresar a las pistas, una decisi\u00f3n que no est\u00e1 exenta de polvareda.<\/p>\n<p class=\"v-d-p\">El exc\u00e9ntrico deportista fue suspendido provisionalmente el 4 de agosto tras dar positivo al detectarse en su cuerpo, durante un an\u00e1lisis efectuado en el marco del ATP 250 de Mallorca, la presencia de benzoilecgonina, un metabolito de la coca\u00edna. Kyrgios admiti\u00f3 el resultado del control en su cuenta de Instagram y pidi\u00f3 perd\u00f3n a sus seguidores: \u00abComet\u00ed un error enorme y asumo toda la responsabilidad por ello\u00bb, se\u00f1al\u00f3 el tenista, que acumula a sus espaldas una larga lista de pol\u00e9micas.<\/p>\n<p class=\"v-d-p\">La coca\u00edna est\u00e1 clasificada como estimulante y sustancia de abuso de acuerdo con las normas de la Agencia Mundial Antidopaje (AMA), por lo que el Programa Antidopaje del Tenis proh\u00edbe su empleo en competici\u00f3n. Sin embargo, si se consume fuera de la misma se aplican sanciones reducidas, lo que le ha servido a Kyrgios para reducir un castigo que, en otras circunstancias, podr\u00eda haberse elevado hasta los cuatro a\u00f1os de suspensi\u00f3n y haber supuesto el fin de su carrera.<\/p>\n<p class=\"v-d-p\">As\u00ed las cosas, Kyrgios, de 31 a\u00f1os, dispone del visto bueno de las autoridades para competir desde este mismo viernes, si bien su regreso a las pistas est\u00e1 condicionado por esos problemas f\u00edsicos que tanto le han atormentado a lo largo de los \u00faltimos a\u00f1os y a los que aludi\u00f3 como uno de los motivos que le han llevado a atravesar por una delicada situaci\u00f3n. \u00abLos dos \u00faltimos a\u00f1os marcados por las lesiones han pasado una factura enorme\u00bb, argument\u00f3 cuando se revel\u00f3 su positivo por drogas.<\/p>\n<p class=\"v-a-p-t\">\nSin pelos en la lengua\n<\/p>\n<p class=\"v-a-t\">\nEl exc\u00e9ntrico deportista acumula una larga lista de pol\u00e9micas con rivales de todo tipo\n<\/p>\n<p class=\"v-d-p\">Unas declaraciones que para nada pueden servir de excusa a Kyrgios. Especialmente teniendo en cuenta los dardos que lanz\u00f3 en el pasado contra algunos de sus compa\u00f1eros de profesi\u00f3n y las autoridades que rigen el mundo del tenis por lo que consideraba como manga ancha respecto a determinados casos como el de Jannik Sinner o Iwa Swiatek, a quienes les impusieron sanciones por consumo de sustancias prohibidas que el australiano estimaba laxas.<\/p>\n<p class=\"v-d-p\">\u00abQue dos n\u00fameros uno del mundo sean sancionados por dopaje es repugnante para nuestro deporte. Es una imagen horrible\u00bb, manifest\u00f3 Kyrgios despu\u00e9s de que el italiano fuese suspendido durante tres meses tras dar positivo en dos controles antidopaje en 2024 por trazas del esteroide anab\u00f3lico androg\u00e9nico clostebol y la polaca aceptase una sanci\u00f3n de un mes despu\u00e9s de dar positivo por trimetazidina, un modulador hormonal y metab\u00f3lico.<\/p>\n<p>\nUn sinf\u00edn de altibajos\n<\/p>\n<p class=\"v-d-p\">Unas manifestaciones que ahora se vuelven en contra de un deportista que se las ha tenido tiesas con rivales de todo tipo \u2013lleg\u00f3 a sostener que Rafa Nadal \u00able ten\u00eda miedo\u00bb, le dijo en pleno partido al suizo Stan Wawrinka que Thanasi Kokkinakis se hab\u00eda acostado con su novia y simul\u00f3 masturbarse con una botella durante un duelo ante el croata Marin Cilic, por citar solo algunas de las controversias m\u00e1s sonadas en las que se ha visto envuelto\u2013 y que ha experimentado un sinf\u00edn de altibajos durante su carrera derivados del flam\u00edgero car\u00e1cter del que siempre ha hecho gala.<\/p>\n<p class=\"v-d-p\">Kyrgios no es ajeno a esos fantasmas que le acechan. El australiano toc\u00f3 fondo en 2019, cuando se lleg\u00f3 a autolesionar en medio de una crisis de salud mental mientras abusaba de las drogas y del alcohol. \u00abSent\u00ed que estaba decepcionando a la gente todo el tiempo. Me sent\u00ed in\u00fatil y odi\u00e9 mi vida en un momento\u00bb, confes\u00f3 a\u00f1os despu\u00e9s al canal australiano &#8216;Nine&#8217; un tenista que sigue sin conseguir vencer a sus demonios internos.<\/p>\n","protected":false},"excerpt":{"rendered":"Nick Kyrgios es libre para volver a empu\u00f1ar la raqueta y competir sin traba alguna desde este viernes&hellip;\n","protected":false},"author":2,"featured_media":747844,"comment_status":"","ping_status":"","sticky":false,"template":"","format":"standard","meta":{"footnotes":""},"categories":[274],"tags":[2357,168,25,24,32796,4648,50857,5007,15316,23408,23,167,327,326,3252,865],"class_list":["post-747843","post","type-post","status-publish","format-standard","has-post-thumbnail","category-tenis","tag-cocaina","tag-deportes","tag-es","tag-espana","tag-kyrgios","tag-libre","tag-nick","tag-pese","tag-pistas","tag-positivo","tag-spain","tag-sports","tag-tenis","tag-tennis","tag-via","tag-volver"],"share_on_mastodon":{"url":"https:\/\/pubeurope.com\/@es\/117213978255118760","error":""},"_links":{"self":[{"href":"https:\/\/www.europesays.com\/es\/wp-json\/wp\/v2\/posts\/747843","targetHints":{"allow":["GET"]}}],"collection":[{"href":"https:\/\/www.europesays.com\/es\/wp-json\/wp\/v2\/posts"}],"about":[{"href":"https:\/\/www.europesays.com\/es\/wp-json\/wp\/v2\/types\/post"}],"author":[{"embeddable":true,"href":"https:\/\/www.europesays.com\/es\/wp-json\/wp\/v2\/users\/2"}],"replies":[{"embeddable":true,"href":"https:\/\/www.europesays.com\/es\/wp-json\/wp\/v2\/comments?post=747843"}],"version-history":[{"count":0,"href":"https:\/\/www.europesays.com\/es\/wp-json\/wp\/v2\/posts\/747843\/revisions"}],"wp:featuredmedia":[{"embeddable":true,"href":"https:\/\/www.europesays.com\/es\/wp-json\/wp\/v2\/media\/747844"}],"wp:attachment":[{"href":"https:\/\/www.europesays.com\/es\/wp-json\/wp\/v2\/media?parent=747843"}],"wp:term":[{"taxonomy":"category","embeddable":true,"href":"https:\/\/www.europesays.com\/es\/wp-json\/wp\/v2\/categories?post=747843"},{"taxonomy":"post_tag","embeddable":true,"href":"https:\/\/www.europesays.com\/es\/wp-json\/wp\/v2\/tags?post=747843"}],"curies":[{"name":"wp","href":"https:\/\/api.w.org\/{rel}","templated":true}]}}