{"id":747845,"date":"2026-09-04T17:35:11","date_gmt":"2026-09-04T17:35:11","guid":{"rendered":"https:\/\/www.europesays.com\/es\/747845\/"},"modified":"2026-09-04T17:35:11","modified_gmt":"2026-09-04T17:35:11","slug":"vuelta-a-espana-enric-mas-si-hace-mas-calor-tendra-que-haber-una-reunion-de-corredores-esciclismo","status":"publish","type":"post","link":"https:\/\/www.europesays.com\/es\/747845\/","title":{"rendered":"Vuelta a Espa\u00f1a: Enric Mas: &quot;Si hace m\u00e1s calor tendr\u00e1 que haber una reuni\u00f3n de corredores&quot; &#8211; Esciclismo"},"content":{"rendered":"<ol>\n<li><a href=\"https:\/\/news.google.com\/rss\/articles\/CBMiakFVX3lxTE9Mck9fMlhrMDlUeEhsT0c3VW1iZmRwS2prZDg4elZPRERwNUZsMEk2bC1JVktRV1dXZVJKWWstM3BhZnhvZUJ1OXNtWFBDNVRVbklnSG9nbVFnQUNvVDdBc2dKNGI4WGZWMkE?oc=5\" target=\"_blank\" rel=\"nofollow noopener\">Vuelta a Espa\u00f1a: Enric Mas: \u00abSi hace m\u00e1s calor tendr\u00e1 que haber una reuni\u00f3n de corredores\u00bb<\/a>&nbsp;&nbsp;Esciclismo<\/li>\n<li><a href=\"https:\/\/news.google.com\/rss\/articles\/CBMipgFBVV95cUxPTFYyczQ2SDJCU3RzSnF2OVpOWEFsMFJ4b05BZktrTkM4Mm56LUhxWmc5NkJvX1J1cW9aZmFQUzJzeHFickZnbnRoanZESEdPV0NJNjB3b1A4bWVUWFFNZ0Rad3U2THRhdXMyTDFHaV9IaldEZGpib3ZZd0dGck1rRUZGRUIzYVVsOE45cVZWQl96b1ctc2RFMnRNWVdFbENDeFpSOXh30gG6AUFVX3lxTE5XLWx3eW9UeGtYX2RVR0UyZjNMeWJvOVc3bW1Tc2p4LUJ3eEgyUzNJbFZtanJOUERYR1hrUkl4bkNvTUV1bWc4TDRpZzV3RFRvWHc1WmI3cVF0YjI5d0JWQms2cVNtYXYtUEtleHkyaDQ1OXBwaS1VQkxYWWxBS1lTSWxGSWd3c3J2OGwyRHlXSnFmaWpub1pHYmNILVdFVHQ5MERfcWZnYmNIY3ZBMlpCYkRJeW1UZEJrZw?oc=5\" target=\"_blank\" rel=\"nofollow noopener\">Enric Mas: \u201cLa gesti\u00f3n desde el coche es un 10 y la de carrera tambi\u00e9n\u201d<\/a>&nbsp;&nbsp;Diario AS<\/li>\n<li><a href=\"https:\/\/news.google.com\/rss\/articles\/CBMixwFBVV95cUxOUE1aclRqdHdCUWhHSmJOcXlhVm1sMjdoSm9RWUxnMFZSdEFXUW0wTUdXbzRTcHVjSGRMdGltNjVjVXMwb2V2Vkxvam1jc0pJZ2NLVWt5SUM3N2ZLQnBrYl9TN1BqZ2JYQWsxTXVLVGowYnB2RGNoeFltb3NRNGQ5MTZkRFVDaG5wajFWR201WWt3eEdwYnFxWlluUU8zc3l1SEEzeWt2akhNeG1XSktZZ1d6b1ZleUs5TUF6b1c4Vlo3aTVfbm8w?oc=5\" target=\"_blank\" rel=\"nofollow noopener\">As\u00ed est\u00e1 la clasificaci\u00f3n general de LaVuelta tras la etapa 13: Enric Mas, de rojo ante el reto de La Pandera<\/a>&nbsp;&nbsp;MARCA<\/li>\n<li><a href=\"https:\/\/news.google.com\/rss\/articles\/CBMi3gFBVV95cUxQbnpoWTVxTTFib1Q0TjF0b280U3Nuam5CTHI3MkFJaXdxaWF3a0pFUTl0ZnBMSlhwamVVNXdJaktWWTBqRFRzV0I0d2FXQklxVjgyeVphd2pQQmtpNmV0SzBSNEFQd1BrWXI4UGtJMFRRQS1NamhFYTBQVGxIRFZ5bmtnNTJkWnJlSnMyaWJWMFdJOVZVWUNuVndic1Vqc2VUVmEwbEdtUy1nY21HdnVDV2hXcjU0U0dQdWZRVWRfVWZRZGp0X0l5XzAxNFJMUEJzWXRLYW81dVowSkhiTUHSAfIBQVVfeXFMTlhqWmhTNFZvREN5S2RmU3JkRDRveGZLV2ZoZXNLR2pZWERqZnJ5Y0xvTDk4V1NubGZNWDRSbW9VSzBJVmdwTVFXNC1iV2l5c0Q3ZWcxZml2VjJrSjNGLVQyT0E4WjVubXE2SGZtTmNJTGNjYVNJeXE1Wm1MSW9ZWjRyZnBtMmJ4WUFKaVo5S01Tb2ZWVDJEV1JIbkNPaTFBOEZPeTZEd2Z5MW4yZ2hGaTc5bTQ3UEoyX2FtRkZFc0ROdHA3Qk5VNG45ZHZUWk93eWpVVGtLM0ZybGtnWmpiTmpDVzc1bXJDbGlGVzZZeUUwbHc?oc=5\" target=\"_blank\" rel=\"nofollow noopener\">Enric Mas: \u00abSi hace m\u00e1s calor que hoy tendremos que hacer una reuni\u00f3n entre todos\u00bb<\/a>&nbsp;&nbsp;La Raz\u00f3n<\/li>\n<li><a href=\"https:\/\/news.google.com\/rss\/articles\/CBMi0wFBVV95cUxQdFZhMDJNZGh2TWlGZ3RvbUtxMEtwMllBazRSYWgzVVA1YUdUZ1JnbjBFeXRjRDI1Y0NvOWFraU5QeGpKakIzak1MZ3luME1WaUdMLW0yMlEycWQ1SUVXTmdqM0hsQXRlS1JCaHJ4MDJZS2JjY21tTVVoTV9hT3RxNWxDWUlmTkJWNXVac25famN2dzNQMngwdGVlbFpDUnN1cUJidnlwVXNrdXQ4NWd6Q0dMbjBTcWRVbW4tMHRYOW9WMGV0V1Vhd2x2SUprU0lTRkM40gHYAUFVX3lxTE1LaHF6LXBaMmplUUFHVUhpN255Z2xYYVR2cV9EcHFCcmxMendvNmZydlZqUWxfazhueUp3ZWFlVTZBS1hNQVNuWDJFUmVmY0dpb0xRY2FQdmg1MUZOTmJFdEZicnN1NFQzcHY4MVA5RnI5Tlg3MEtqd1FseHN2bTJZOW16UC1rQTFOMVl0YUxQUXh1eEQxMnd2enZqX1RGdy10R3VmdkJZS3dwZTVmdXd6S2ljYVVfbnptaTlGVko2R0xIM2k3RTRMX0paRl9FYjlYempJNm1BMg?oc=5\" target=\"_blank\" rel=\"nofollow noopener\">Enric Mas: \u201cEn la Pandera tendr\u00edamos que intentar defender\u201d<\/a>&nbsp;&nbsp;sportlife.es<\/li>\n<\/ol>\n","protected":false},"excerpt":{"rendered":"Vuelta a Espa\u00f1a: Enric Mas: \u00abSi hace m\u00e1s calor tendr\u00e1 que haber una reuni\u00f3n de corredores\u00bb&nbsp;&nbsp;Esciclismo Enric Mas:&hellip;\n","protected":false},"author":2,"featured_media":747846,"comment_status":"","ping_status":"","sticky":false,"template":"","format":"standard","meta":{"footnotes":""},"categories":[273],"tags":[3586,24606,6384,4922,313,13646,15880,312,19622,168,978,4021,25,24,7381,8868,4133,128612,120566,5564,8380,303,17731,3479,29048,2999,104796,8643,6746,1262,859,20740,23,167,1357],"class_list":["post-747845","post","type-post","status-publish","format-standard","has-post-thumbnail","category-ciclismo","tag-actual","tag-algunos","tag-buscar","tag-calor","tag-ciclismo","tag-corredores","tag-cuando","tag-cycling","tag-deberian","tag-deportes","tag-dia","tag-enric","tag-es","tag-espana","tag-extrano","tag-extremo","tag-haciendo","tag-ibamos","tag-lanzados","tag-lider","tag-momentos","tag-movistar","tag-peligrosa","tag-podria","tag-porque","tag-reunir","tag-senalo","tag-ser","tag-sido","tag-sigue","tag-situacion","tag-soluciones","tag-spain","tag-sports","tag-vuelta"],"share_on_mastodon":{"url":"https:\/\/pubeurope.com\/@es\/117213981893935562","error":""},"_links":{"self":[{"href":"https:\/\/www.europesays.com\/es\/wp-json\/wp\/v2\/posts\/747845","targetHints":{"allow":["GET"]}}],"collection":[{"href":"https:\/\/www.europesays.com\/es\/wp-json\/wp\/v2\/posts"}],"about":[{"href":"https:\/\/www.europesays.com\/es\/wp-json\/wp\/v2\/types\/post"}],"author":[{"embeddable":true,"href":"https:\/\/www.europesays.com\/es\/wp-json\/wp\/v2\/users\/2"}],"replies":[{"embeddable":true,"href":"https:\/\/www.europesays.com\/es\/wp-json\/wp\/v2\/comments?post=747845"}],"version-history":[{"count":0,"href":"https:\/\/www.europesays.com\/es\/wp-json\/wp\/v2\/posts\/747845\/revisions"}],"wp:featuredmedia":[{"embeddable":true,"href":"https:\/\/www.europesays.com\/es\/wp-json\/wp\/v2\/media\/747846"}],"wp:attachment":[{"href":"https:\/\/www.europesays.com\/es\/wp-json\/wp\/v2\/media?parent=747845"}],"wp:term":[{"taxonomy":"category","embeddable":true,"href":"https:\/\/www.europesays.com\/es\/wp-json\/wp\/v2\/categories?post=747845"},{"taxonomy":"post_tag","embeddable":true,"href":"https:\/\/www.europesays.com\/es\/wp-json\/wp\/v2\/tags?post=747845"}],"curies":[{"name":"wp","href":"https:\/\/api.w.org\/{rel}","templated":true}]}}