{"id":747877,"date":"2026-09-04T17:58:20","date_gmt":"2026-09-04T17:58:20","guid":{"rendered":"https:\/\/www.europesays.com\/es\/747877\/"},"modified":"2026-09-04T17:58:20","modified_gmt":"2026-09-04T17:58:20","slug":"recorrido-de-la-vuelta-hoy-y-manana-etapa-del-sabado-5-de-septiembre-la-vuelta-llega-este-sabado-a-jaen-por-donde-pasa-la-etapa-que-acaba-en-la-sierra-de-la-pandera","status":"publish","type":"post","link":"https:\/\/www.europesays.com\/es\/747877\/","title":{"rendered":"Recorrido de La Vuelta hoy y ma\u00f1ana: etapa del s\u00e1bado 5 de septiembre | La Vuelta llega este s\u00e1bado a Ja\u00e9n: por d\u00f3nde pasa la etapa que acaba en la Sierra de la Pandera"},"content":{"rendered":"<p>La Vuelta Ciclista a Espa\u00f1a 2026 recorre este s\u00e1bado 5 de septiembre la provincia de Ja\u00e9n con la etapa 14 entre Ja\u00e9n y la Sierra  &#8230; de la Pandera, un alto de Categor\u00eda 1 con 12 kil\u00f3metros de subida al 7&#8217;2% de desnivel medio. \u00abNueva etapa importante de monta\u00f1a, donde el calor puede sumar dureza a un recorrido duro de por s\u00ed. Si alg\u00fan favorito tiene un mal d\u00eda puede decir adi\u00f3s a sus opciones en la general en las rampas de la Sierra de la Pandera\u00bb, explica Fernando Escart\u00edn, director t\u00e9cnico de LaVuelta.<\/p>\n<p class=\"v-d-p\">La ronda ciclista encara sus etapas decisivas con la lucha entre Enric Mas y Primo Rozglic por dominar la general y llegar a la \u00faltima etapa con el maillot rojo.<\/p>\n<p class=\"v-a-p-t\">\nEtapa 14<\/p>\n<p>S\u00e1bado 5 de septiembre<\/p>\n<p>Ja\u00e9n &#8211; Sierra de la Pandera: 155 km. Monta\u00f1a<\/p>\n<p class=\"v-d-p\">La etapa comenzar\u00e1 con la salida neutralizada en la provincia de Ja\u00e9n a las 13:15, realiz\u00e1ndose la salida lanzada por la N-323a en direcci\u00f3n a Mancha Real y Baeza a las 13:33. Posteriormente, los ciclistas pasar\u00e1n por la rotonda a la derecha en direcci\u00f3n a Mancha Real entre las 13:37 y las 13:38, el cruce a la derecha en direcci\u00f3n a Mancha Real de 13:45 a 13:47, y entrar\u00e1n en Mancha Real (por la calle Lonja y rotonda a la derecha hacia Jimena) de 13:52 a 13:54 (horarios de paso m\u00e1s r\u00e1pidos y lentos previstos por la organizaci\u00f3n en funci\u00f3n de la velocidad de los ciclistas). <\/p>\n<p class=\"v-d-p\">El recorrido continuar\u00e1 por el cruce a la derecha en direcci\u00f3n a Torres de 14:05 a 14:09, el paso por Torres de 14:18 a 14:23, y un nuevo paso por Mancha Real (recorriendo la calle Vel\u00e1zquez, avenida San Juan de la Cruz, calle Lonja, avenida Vista Alegre y avenida Argentina) entre las 14:32 y las 14:39. <\/p>\n<p class=\"v-d-p\">Seguidamente, la carrera llegar\u00e1 al cruce a la izquierda en Pegalajar (con rotonda a la derecha en direcci\u00f3n Granada y Ja\u00e9n) de 14:45 a 14:53, pasar\u00e1 por la rotonda recto en direcci\u00f3n Ja\u00e9n de 14:50 a 14:58, realizar\u00e1 el giro a la izquierda en direcci\u00f3n a La Guardia de Ja\u00e9n de 14:51 a 14:59, y superar\u00e1 el paso estrecho por La Guardia de Ja\u00e9n de 14:55 a 15:04. <\/p>\n<p>\nRecorrido por Ja\u00e9n\n<\/p>\n<p class=\"v-d-p\">Tras esto, se cruzar\u00e1 el Puente Jontoyya entre las 15:01 y las 15:11, se atravesar\u00e1 <strong>Ja\u00e9n<\/strong> (por la avenida Granada, avenida Madrid, calle P\u00edo XII, calle Arquitecto Berges, calle Castilla, calle Mil\u00e1n de Priego, calle Doctor Eduardo Arroyo, calle Campanas, calle Carrera de Jes\u00fas y rotonda hacia Los Villares) de 15:05 a 15:15, y se pasar\u00e1 por la rotonda recto hacia Los Villares de 15:09 a 15:21. <\/p>\n<p><img decoding=\"async\" loading=\"lazy\" src=\"https:\/\/www.europesays.com\/es\/wp-content\/uploads\/2026\/09\/etapa14vuelta-kiXG-U240600574529zeG-650x265@Las Provincias.JPG\" class=\"v-a-img\" width=\"680\" height=\"478\" alt=\"Perfil de la etapa 14 de la Vuelta a Espa\u00f1a 2026.\" data-voc-vtm-id=\"in-text-traffic\"\/><\/p>\n<p>Perfil de la etapa 14 de la Vuelta a Espa\u00f1a 2026.<\/p>\n<p>(LaVuelta)<\/p>\n<p class=\"v-d-p\">A continuaci\u00f3n, se llegar\u00e1 a Los Villares coincidiendo con el comienzo del puerto de 15:23 a 15:35, coronando el premio de monta\u00f1a de segunda categor\u00eda de <strong>Los Villares<\/strong> de 15:44 a 15:58. La prueba continuar\u00e1 por Fuensanta de Martos (por la avenida de Andaluc\u00eda y cruce a la izquierda hacia Castillo de Locub\u00edn) de 15:51 a 16:07, pasar\u00e1 por El Reg\u00fcelo de 16:01 a 16:17, y llegar\u00e1 a Castillo de Locub\u00edn (con giro a la izquierda hacia Valdepe\u00f1as) de 16:20 a 16:38, donde se disputar\u00e1 el sprint intermedio entre las 16:21 y las 16:39. Poco despu\u00e9s, la carrera afrontar\u00e1 el cruce a la izquierda hacia Valdepe\u00f1as de Ja\u00e9n de 16:21 a 16:40, el comienzo del puerto de 16:22 a 16:40, y el premio de monta\u00f1a de segunda categor\u00eda del <strong>Puerto de Locub\u00edn<\/strong> de 16:39 a 16:59. <\/p>\n<p class=\"v-d-p\">Finalmente, los corredores atravesar\u00e1n Valdepe\u00f1as de Ja\u00e9n (por la calle Vilches, calle Chaparral y giro a la izquierda hacia Ja\u00e9n) de 16:45 a 17:06, encarar\u00e1n el comienzo del puerto de 16:51 a 17:12, realizar\u00e1n el giro a la derecha en direcci\u00f3n a La Pandera de 16:58 a 17:20, y culminar\u00e1n con la llegada a la meta en la <strong>Sierra de la Pandera<\/strong> (con su desnivel de 860 metros, 11,9 km de longitud y porcentaje medio del 7,2%) estimada entre las 17:19 y las 17:43.<\/p>\n<p><img decoding=\"async\" loading=\"lazy\" src=\"https:\/\/www.europesays.com\/es\/wp-content\/uploads\/2026\/09\/recorrido-vuelta-ku9H-U240600574529ntE-650x455@Las Provincias.JPG\" class=\"v-a-img\" width=\"680\" height=\"478\" alt=\"Mapa del recorrido de La Vuelta 2026.\" data-voc-vtm-id=\"in-text-traffic\"\/><\/p>\n<p>Mapa del recorrido de La Vuelta 2026.<\/p>\n<p>(LaVuelta)<\/p>\n<p class=\"v-d-p\">La Vuelta arranc\u00f3 en M\u00f3naco, pas\u00f3 por Francia y Andorra y finaliza en Granada en una edici\u00f3n en la que no pasa por Madrid (el fin de semana que acaba la Vuelta se disputa el Gran Premio de F1) ni por el norte de Espa\u00f1a, por lo que no visita Asturias, Cantabria, Galicia ni el Pa\u00eds Vasco, ni tampoco Castilla y Le\u00f3n, Extramedura, Navarro o La Rioja, entre otras. <\/p>\n<p class=\"v-d-p\">La Vuelta 2026 tiene 4 etapas onduladas, 1 etapa ondulada con final en alto, 4 etapas llanas, 4 etapas de media monta\u00f1a, 6 etapas de monta\u00f1a, 2 contrarreloj individuales y 2 d\u00edas de descanso. <\/p>\n","protected":false},"excerpt":{"rendered":"La Vuelta Ciclista a Espa\u00f1a 2026 recorre este s\u00e1bado 5 de septiembre la provincia de Ja\u00e9n con la&hellip;\n","protected":false},"author":2,"featured_media":747878,"comment_status":"","ping_status":"","sticky":false,"template":"","format":"standard","meta":{"footnotes":""},"categories":[273],"tags":[2887,313,312,168,25,24,314,315,3619,5012,70371,3954,3397,11774,23,167,1357],"class_list":["post-747877","post","type-post","status-publish","format-standard","has-post-thumbnail","category-ciclismo","tag-acaba","tag-ciclismo","tag-cycling","tag-deportes","tag-es","tag-espana","tag-etapa","tag-hoy","tag-jaen","tag-llega","tag-pandera","tag-pasa","tag-sabado","tag-sierra","tag-spain","tag-sports","tag-vuelta"],"share_on_mastodon":{"url":"https:\/\/pubeurope.com\/@es\/117214073701964587","error":""},"_links":{"self":[{"href":"https:\/\/www.europesays.com\/es\/wp-json\/wp\/v2\/posts\/747877","targetHints":{"allow":["GET"]}}],"collection":[{"href":"https:\/\/www.europesays.com\/es\/wp-json\/wp\/v2\/posts"}],"about":[{"href":"https:\/\/www.europesays.com\/es\/wp-json\/wp\/v2\/types\/post"}],"author":[{"embeddable":true,"href":"https:\/\/www.europesays.com\/es\/wp-json\/wp\/v2\/users\/2"}],"replies":[{"embeddable":true,"href":"https:\/\/www.europesays.com\/es\/wp-json\/wp\/v2\/comments?post=747877"}],"version-history":[{"count":0,"href":"https:\/\/www.europesays.com\/es\/wp-json\/wp\/v2\/posts\/747877\/revisions"}],"wp:featuredmedia":[{"embeddable":true,"href":"https:\/\/www.europesays.com\/es\/wp-json\/wp\/v2\/media\/747878"}],"wp:attachment":[{"href":"https:\/\/www.europesays.com\/es\/wp-json\/wp\/v2\/media?parent=747877"}],"wp:term":[{"taxonomy":"category","embeddable":true,"href":"https:\/\/www.europesays.com\/es\/wp-json\/wp\/v2\/categories?post=747877"},{"taxonomy":"post_tag","embeddable":true,"href":"https:\/\/www.europesays.com\/es\/wp-json\/wp\/v2\/tags?post=747877"}],"curies":[{"name":"wp","href":"https:\/\/api.w.org\/{rel}","templated":true}]}}