{"id":747881,"date":"2026-09-04T18:01:15","date_gmt":"2026-09-04T18:01:15","guid":{"rendered":"https:\/\/www.europesays.com\/es\/747881\/"},"modified":"2026-09-04T18:01:15","modified_gmt":"2026-09-04T18:01:15","slug":"donde-ver-en-television-y-online-el-betis","status":"publish","type":"post","link":"https:\/\/www.europesays.com\/es\/747881\/","title":{"rendered":"D\u00f3nde ver en televisi\u00f3n y online el Betis"},"content":{"rendered":"<p class=\"v-ath__p v-ath__p--1\">\nMiguel \u00c1ngel S\u00e1nchez-Flor\n<\/p>\n<p class=\"v-ath__p v-ath__p--2\">\nMadrid\n<\/p>\n<p>04\/09\/2026<\/p>\n<p>Actualizado a las 18:47h.<\/p>\n<p class=\"v-d-p\">El partido inaugural de la jornada cuatro de la Liga y del mes de septiembre enfrenta al <strong>Madrid <\/strong>contra el <strong>Betis<\/strong>. Encuentro que se disputa el viernes en el estadio de<strong> La Cartuja<\/strong>, donde los verdiblancos ejercen como locales desde la pasada campa\u00f1a por los trabajos de remodelaci\u00f3n de su campo, el Benito Villamar\u00edn.<\/p>\n<p class=\"v-d-p\">Los de Concha Espina encaran este duelo contando todos sus partidos por victorias. Tres encuentros en los que han encajado tan solo dos goles en contra y han logrado diez tantos a favor. 1-2 al Espanyol, 4-1 a la Real y 4-0 al M\u00e1laga. Con <a href=\"https:\/\/www.abc.es\/deportes\/real-madrid\/homenaje-mou-claudio-20260827010416-nt.html\" target=\"_self\" data-voc-vtm-id=\"in-text-traffic\" rel=\"nofollow noopener\">Jos\u00e9 Mourinho<\/a> al mando, muchos futbolistas est\u00e1n mostrando su mejor versi\u00f3n y el equipo vuelve a demostrar la superioridad y el car\u00e1cter que se le exige.<\/p>\n<p class=\"v-d-p\">Bellingham cosecha dos dianas y las mismas asistencias. Adem\u00e1s de estar desplegando un f\u00fatbol total. <strong>Mbapp\u00e9 <\/strong>ya ha anotado cuatro goles y Vinicius, a pesar de que el madridismo sigue esperando que recupere ese nivel espectacular que ya ha mostrado en Chamart\u00edn, suma una aportaci\u00f3n por encuentro. Un gol y dos asistencias.<\/p>\n<ul class=\"v-cmp-rld__u\">\n<li class=\"v-cmp-rld__l\">\n<p><a class=\"v-a-lnk\" href=\"http:\/\/www.abc.es\/deportes\/real-madrid\/mourinho-20260830153024-nt.html#vtm_modulosEngag=noticiasrelacionadas-cmp-uno:deportes:noticia:1\" data-voc-vtm-id=\"in-text-traffic\" rel=\"nofollow noopener\" target=\"_blank\"><br \/>\n<img decoding=\"async\" loading=\"lazy\" src=\"https:\/\/www.europesays.com\/es\/wp-content\/uploads\/2026\/09\/Mou-U26137051317EKd-366x256@diario_abc.jpg\" class=\"v-a-img\" width=\"258\" height=\"180\" alt=\"Mourinho: \u00abLas palabras de Funes no merecen comentarios\u00bb\"\/><br \/>\n<\/a><\/p>\n<\/li>\n<\/ul>\n<p class=\"v-d-p\">El Betis ha tenido un gran comienzo de curso. Se impusieron en las dos primeras jornadas, mostrando gran solidez y sin encajar goles. Sin embargo, en el \u00faltimo partido las cosas se torcieron. Cosech\u00f3 su primera derrota y recibi\u00f3 cinco goles en el campo del Levante.<\/p>\n<p class=\"v-d-p\">Con seis puntos de nueve y con la motivaci\u00f3n de enfrentarse al Madrid ante su gente, intentar\u00e1n sacar puntos ante un conjunto banco que pretende continuar con la buena din\u00e1mica. Los b\u00e9ticos jugar\u00e1n la m\u00e1xima competici\u00f3n europea esta temporada y desde el pasado jueves ya conocen a sus rivales en la fase liga, <a href=\"https:\/\/www.abc.es\/deportes\/real-madrid\/calendario-real-madrid-champions-league-horarios-partidos-rivales-20260829101518-nt.html\" target=\"_self\" data-voc-vtm-id=\"in-text-traffic\" rel=\"nofollow noopener\">igual que el Madrid<\/a>.<\/p>\n<p>\nA qu\u00e9 hora es el Betis &#8211; Real Madrid de liga hoy\n<\/p>\n<p class=\"v-d-p\">El Betis &#8211; Real Madrid, encuentro que se disputa este viernes 4 de septiembre en el estadio de La Cartuja correspondiente a la jornada 4 de LaLiga, est\u00e1 programado para las <strong>21.00 horas <\/strong>(horario peninsular espa\u00f1ol).<\/p>\n<p>\nD\u00f3nde ver el Betis &#8211; Real Madrid en televisi\u00f3n y online hoy\n<\/p>\n<p class=\"v-d-p\">El encuentro entre Betis y Real Madrid se puede ver en directo en televisi\u00f3n en Espa\u00f1a por <strong>M+ LALIGA <\/strong>(<a href=\"https:\/\/redirect.prd.themonetise.es\/short\/34f20f4439bb413692a482a8b55e3e7a\" target=\"_self\" data-voc-vtm-id=\"in-text-traffic\" data-mrf-link=\"redirect.prd.themonetise.es\" rel=\"nofollow noopener\">dial 54 de Movistar Plus+<\/a> y 110 de Orange TV), M+ LALIGA HDR y LALIGA TV BAR.<\/p>\n<p class=\"v-d-p\">Los aficionados tambi\u00e9n podr\u00e1n seguir el minuto a minuto del encuentro a trav\u00e9s de la web de <a href=\"https:\/\/www.abc.es\/\" target=\"_blank\" data-voc-vtm-id=\"in-text-traffic\" data-mrf-link=\"www.abc.es\" rel=\"nofollow noopener\">ABC.es<\/a>, donde los lectores podr\u00e1n encontrar al t\u00e9rmino del partido la cr\u00f3nica m\u00e1s completa.<\/p>\n","protected":false},"excerpt":{"rendered":"Miguel \u00c1ngel S\u00e1nchez-Flor Madrid 04\/09\/2026 Actualizado a las 18:47h. El partido inaugural de la jornada cuatro de la&hellip;\n","protected":false},"author":2,"featured_media":747882,"comment_status":"","ping_status":"","sticky":false,"template":"","format":"standard","meta":{"footnotes":""},"categories":[268],"tags":[291,168,25,24,280,282,1458,315,4348,288,205,133,1045,798,281,23,167,807,809],"class_list":["post-747881","post","type-post","status-publish","format-standard","has-post-thumbnail","category-futbol","tag-betis","tag-deportes","tag-es","tag-espana","tag-football","tag-futbol","tag-hora","tag-hoy","tag-juega","tag-laliga","tag-madrid","tag-online","tag-partido","tag-real","tag-soccer","tag-spain","tag-sports","tag-television","tag-ver"],"share_on_mastodon":{"url":"https:\/\/pubeurope.com\/@es\/117214085316787734","error":""},"_links":{"self":[{"href":"https:\/\/www.europesays.com\/es\/wp-json\/wp\/v2\/posts\/747881","targetHints":{"allow":["GET"]}}],"collection":[{"href":"https:\/\/www.europesays.com\/es\/wp-json\/wp\/v2\/posts"}],"about":[{"href":"https:\/\/www.europesays.com\/es\/wp-json\/wp\/v2\/types\/post"}],"author":[{"embeddable":true,"href":"https:\/\/www.europesays.com\/es\/wp-json\/wp\/v2\/users\/2"}],"replies":[{"embeddable":true,"href":"https:\/\/www.europesays.com\/es\/wp-json\/wp\/v2\/comments?post=747881"}],"version-history":[{"count":0,"href":"https:\/\/www.europesays.com\/es\/wp-json\/wp\/v2\/posts\/747881\/revisions"}],"wp:featuredmedia":[{"embeddable":true,"href":"https:\/\/www.europesays.com\/es\/wp-json\/wp\/v2\/media\/747882"}],"wp:attachment":[{"href":"https:\/\/www.europesays.com\/es\/wp-json\/wp\/v2\/media?parent=747881"}],"wp:term":[{"taxonomy":"category","embeddable":true,"href":"https:\/\/www.europesays.com\/es\/wp-json\/wp\/v2\/categories?post=747881"},{"taxonomy":"post_tag","embeddable":true,"href":"https:\/\/www.europesays.com\/es\/wp-json\/wp\/v2\/tags?post=747881"}],"curies":[{"name":"wp","href":"https:\/\/api.w.org\/{rel}","templated":true}]}}