{"id":747899,"date":"2026-09-04T18:12:17","date_gmt":"2026-09-04T18:12:17","guid":{"rendered":"https:\/\/www.europesays.com\/es\/747899\/"},"modified":"2026-09-04T18:12:17","modified_gmt":"2026-09-04T18:12:17","slug":"el-mercado-laboral-da-un-respiro-a-trump-con-la-creacion-de-162-000-puestos-en-agosto-economia","status":"publish","type":"post","link":"https:\/\/www.europesays.com\/es\/747899\/","title":{"rendered":"El mercado laboral da un respiro a Trump con la creaci\u00f3n de 162.000 puestos en agosto | Econom\u00eda"},"content":{"rendered":"<p class=\"\">A dos meses de las elecciones de medio mandato, Donald Trump <a href=\"https:\/\/elpais.com\/economia\/2026-09-03\/la-banca-de-inversion-enfria-el-optimismo-de-trump-el-petroleo-venezolano-no-bajara-el-precio.html\" target=\"_blank\" rel=\"noreferrer nofollow noopener\" title=\"https:\/\/elpais.com\/economia\/2026-09-03\/la-banca-de-inversion-enfria-el-optimismo-de-trump-el-petroleo-venezolano-no-bajara-el-precio.html\">puede vender una buena noticia a los estadounidenses<\/a>. El mercado laboral respondi\u00f3 mejor de lo esperado el pasado agosto, con la creaci\u00f3n de 162.000 puestos de trabajo, seg\u00fan los datos publicados este viernes por el Departamento de Trabajo de Estados Unidos. El organismo ha mejorado adem\u00e1s los datos de junio y julio, con 55.000 nuevos empleos. <\/p>\n<p class=\"\">El presidente ha reaccionado de inmediato. Fiel a su estilo, ha aprovechado la publicaci\u00f3n de los datos para halagarse a \u00e9l mismo. \u201cSe acaban de anunciar unas cifras de empleo excelentes que duplican y triplican todas las estimaciones (excepto las m\u00edas) \u00a1Y todav\u00eda no hab\u00e9is visto nada!\u201d, ha escrito en su red social, Truth. <\/p>\n<p class=\"\">Esta solidez del mercado laboral hace m\u00e1s probable, al menos a ojos de los inversores, que la Reserva Federal suba los tipos de inter\u00e9s en su pr\u00f3xima reuni\u00f3n. De modo que Trump ha pasado al ataque, exigiendo al nuevo presidente, Kevin Warsh, que baje los tipos de inter\u00e9s: \u201cLa Junta de la Reserva Federal, con su nuevo y gran l\u00edder, debe espabilar: \u00a1debe ser patriota por una vez!\u201c. Desde que nombr\u00f3 a Warsh como relevo de Jerome Powell, Trump hab\u00eda suavizado las presiones sobre la Reserva Federal, hasta hoy. No ha entrado en descalificaciones, s\u00ed le ha pedido \u201cactuar con inteligencia\u201d y \u201cespabilar\u201d. Adem\u00e1s, ha lanzado una extra\u00f1a amenaza, vinculando la decisi\u00f3n de la Fed con la pol\u00edtica comercial: \u201c\u00a1BAJEN LA TASA O DEJAR\u00c9 DE COMERCIAR CON LOS PA\u00cdSES CON LOS QUE TENEMOS D\u00c9FICIT!\u201d. El mercado, con todo, espera que los tipos suban, opci\u00f3n a la que otorga un 60% de probabilidades.<\/p>\n<p class=\"\">Los datos conocidos este viernes muestran que la tasa de paro se mantuvo estable, en el 4,1%. El empleo aument\u00f3 en los servicios de alimentaci\u00f3n y establecimientos de bebidas, as\u00ed como en el sector educativo dependiente de los Estados. Al mismo tiempo, el sector de la informaci\u00f3n perdi\u00f3 empleos.<\/p>\n<p class=\"\">La creaci\u00f3n de puestos de trabajo supone un respiro para Trump, que hab\u00eda visto c\u00f3mo recib\u00eda malas noticias econ\u00f3micas tanto de precios como de crecimiento en las \u00faltimas semanas, a punto de celebrarse unas elecciones que definir\u00e1n la segunda mitad de su \u00faltimo mandato como presidente.<\/p>\n<p class=\"\">La guerra de Ir\u00e1n, <a href=\"https:\/\/elpais.com\/economia\/2026-07-27\/trump-sube-la-economia-global-a-una-montana-rusa.html\" target=\"_blank\" rel=\"noreferrer nofollow noopener\" title=\"https:\/\/elpais.com\/economia\/2026-07-27\/trump-sube-la-economia-global-a-una-montana-rusa.html\">con la consiguiente crisis energ\u00e9tica<\/a>, est\u00e1 mostrando que resta capacidad de crecimiento e impulsa los precios. La econom\u00eda de la potencia mundial ech\u00f3 el freno en el segundo trimestre del a\u00f1o, con un avance del producto interior bruto del 0,4%, una d\u00e9cima menos que en el arranque de 2026. Esta cifra sorprendi\u00f3 negativamente a los analistas, que confiaban en que se mantuviera la actividad. En t\u00e9rminos anualizados (proyectado a lo largo del ejercicio), el crecimiento fue del 1,5%, frente al 2,1% registrado entre enero y marzo. <\/p>\n<p class=\"\">La inflaci\u00f3n tampoco da alegr\u00edas a Trump y su equipo econ\u00f3mico. La cesta de la compra sigue encareci\u00e9ndose en el pa\u00eds a mayor ritmo de lo deseado por las autoridades. El \u00edndice de precios al consumidor (IPC) creci\u00f3 en julio hasta el 3,4% respecto al mismo periodo del a\u00f1o anterior,<a href=\"https:\/\/elpais.com\/economia\/2026-07-14\/la-inflacion-en-estados-unidos-registro-en-junio-el-primer-descenso-mensual-desde-2020.html\" rel=\"nofollow noopener\" title=\"https:\/\/elpais.com\/economia\/2026-07-14\/la-inflacion-en-estados-unidos-registro-en-junio-el-primer-descenso-mensual-desde-2020.html\" target=\"_blank\"> lo que supone tan solo una d\u00e9cima menos que el mes anterior<\/a>. Estos datos llevaron al presidente de la Reserva Federal a insinuar en la reuni\u00f3n de banqueros centrales de Jackson Hole que podr\u00eda subir los tipos de inter\u00e9s en contra de los deseos de Trump.<\/p>\n","protected":false},"excerpt":{"rendered":"A dos meses de las elecciones de medio mandato, Donald Trump puede vender una buena noticia a los&hellip;\n","protected":false},"author":2,"featured_media":747900,"comment_status":"","ping_status":"","sticky":false,"template":"","format":"standard","meta":{"footnotes":""},"categories":[80],"tags":[82,8065,13563,352,95,94,5509,25,24,629,23,2752],"class_list":["post-747899","post","type-post","status-publish","format-standard","has-post-thumbnail","category-economia","tag-business","tag-crecimiento-economico","tag-desempleo","tag-donald-trump","tag-economia","tag-economy","tag-empleo","tag-es","tag-espana","tag-estados-unidos","tag-spain","tag-trabajo"],"share_on_mastodon":{"url":"https:\/\/pubeurope.com\/@es\/117214127692108557","error":""},"_links":{"self":[{"href":"https:\/\/www.europesays.com\/es\/wp-json\/wp\/v2\/posts\/747899","targetHints":{"allow":["GET"]}}],"collection":[{"href":"https:\/\/www.europesays.com\/es\/wp-json\/wp\/v2\/posts"}],"about":[{"href":"https:\/\/www.europesays.com\/es\/wp-json\/wp\/v2\/types\/post"}],"author":[{"embeddable":true,"href":"https:\/\/www.europesays.com\/es\/wp-json\/wp\/v2\/users\/2"}],"replies":[{"embeddable":true,"href":"https:\/\/www.europesays.com\/es\/wp-json\/wp\/v2\/comments?post=747899"}],"version-history":[{"count":0,"href":"https:\/\/www.europesays.com\/es\/wp-json\/wp\/v2\/posts\/747899\/revisions"}],"wp:featuredmedia":[{"embeddable":true,"href":"https:\/\/www.europesays.com\/es\/wp-json\/wp\/v2\/media\/747900"}],"wp:attachment":[{"href":"https:\/\/www.europesays.com\/es\/wp-json\/wp\/v2\/media?parent=747899"}],"wp:term":[{"taxonomy":"category","embeddable":true,"href":"https:\/\/www.europesays.com\/es\/wp-json\/wp\/v2\/categories?post=747899"},{"taxonomy":"post_tag","embeddable":true,"href":"https:\/\/www.europesays.com\/es\/wp-json\/wp\/v2\/tags?post=747899"}],"curies":[{"name":"wp","href":"https:\/\/api.w.org\/{rel}","templated":true}]}}