{"id":747903,"date":"2026-09-04T18:14:30","date_gmt":"2026-09-04T18:14:30","guid":{"rendered":"https:\/\/www.europesays.com\/es\/747903\/"},"modified":"2026-09-04T18:14:30","modified_gmt":"2026-09-04T18:14:30","slug":"el-informe-de-la-guardia-civil-trasladado-a-la-juez-incluye-avisos-anteriores-a-la-invasion-a-ceuta","status":"publish","type":"post","link":"https:\/\/www.europesays.com\/es\/747903\/","title":{"rendered":"El informe de la Guardia Civil trasladado a la juez incluye avisos anteriores a la invasi\u00f3n a Ceuta"},"content":{"rendered":"<p>La Guardia Civil ha remitido un informe a la<a href=\"https:\/\/www.abc.es\/espana\/audiencia-nacional-muestra-absoluto-respaldo-juez-tardon-20260904120025-nt.html\" target=\"_self\" data-voc-vtm-id=\"in-text-traffic\" data-mrf-link=\"www.abc.es\" rel=\"nofollow noopener\"> juez Mar\u00eda Tard\u00f3n<\/a> donde se<strong> incluyen avisos \u00abpor los canales y en los foros habituales relativa a la presi\u00f3n migratoria sobre la frontera\u00bb <\/strong>de<strong>\u00a0<\/strong>Ceuta, seg\u00fan confirman fuentes de la investigaci\u00f3n a ABC.  &#8230; El escueto documento de apenas cinco p\u00e1ginas evita se\u00f1alar los posibles organizadores del asalto y tampoco hay referencias a Marruecos. En ninguna de estas advertencias se cifra la magnitud de lo acaecido con la entrada de alrededor de 80.000 inmigrantes ilegales en la ciudad.<\/p>\n<p class=\"v-d-p\">Los agentes de la Jefatura de Informaci\u00f3n solo han respondido a las cuestiones que le requiri\u00f3 la magistrada de la Audiencia Nacional en una providencia a la que tuvo acceso ABC. Entre ellas est\u00e1n los avisos previos y las labores de auxilio. Fuentes del Instituto Armado no descartan que en pr\u00f3ximas fechas se traslade un nuevo informe con m\u00e1s datos.<\/p>\n<p class=\"v-d-p\">La Guardia Civil confirma en este escrito que hubo avisos previos con otros Cuerpos, seg\u00fan ha adelant\u00f3 la Cadena Ser. No obstante, en estas comunicaciones no se precisaba el n\u00famero de personas que podr\u00edan intentar asaltar de forma violenta la frontera de Ceuta.<\/p>\n<ul class=\"v-cmp-rld__u\">\n<li class=\"v-cmp-rld__l\">\n<p><a class=\"v-a-lnk\" href=\"http:\/\/www.abc.es\/espana\/robles-marlaska-vuelven-enzarzar-sobre-papel-cni-20260825014320-nt.html#vtm_modulosEngag=noticiasrelacionadas-cmp-uno:espana:noticia:1\" data-voc-vtm-id=\"in-text-traffic\" rel=\"nofollow noopener\" target=\"_blank\"><br \/>\n<img decoding=\"async\" loading=\"lazy\" src=\"https:\/\/www.europesays.com\/es\/wp-content\/uploads\/2026\/09\/1516386111-U40434686100RjC-366x256@diario_abc.jpg\" class=\"v-a-img\" width=\"258\" height=\"180\" alt=\"El CNI alert\u00f3 el d\u00eda antes a Interior del asalto de 180.000 inmigrantes a Ceuta\"\/><br \/>\n                                      <\/a><\/p>\n<\/li>\n<\/ul>\n<p class=\"v-d-p\">El documento tambi\u00e9n recoge que en el momento de la invasi\u00f3n murieron 82 personas, una cifra que aument\u00f3 con la recuperaci\u00f3n de varios cuerpos en el mar y tambi\u00e9n con el fallecimiento de varios de los heridos. Las causas de la muerte fueron por ahogamiento y aplastamiento.<\/p>\n<p class=\"v-d-p\">Para finalizar, los agentes enumeran el n\u00famero de agentes que conformaban el dispositivo especial de vigilancia de la frontera. Un numero que se ampli\u00f3 durante el verano por el aumento de los intentos de entrada que se sufren en estas fechas.<\/p>\n<p class=\"v-d-p\">La Jefatura de Informaci\u00f3n del Instituto Armado llevaba un mes recabando datos de sus compa\u00f1eros de Ceuta y Andaluc\u00eda. Este es el primer informe trasladado a la Audiencia Nacional para que la juez decida si es competente o no para asumir la investigaci\u00f3n. En caso de que las diligencias sigan adelante se incluir\u00e1n m\u00e1s datos que los agentes han ido reuniendo en las \u00faltimas semanas.<\/p>\n<p class=\"v-d-p\">Las averiguaciones de la Guardia Civil fueron reclamadas por Mar\u00eda Tard\u00f3n en una providencia del 4 de agosto a la que tuvo acceso ABC. \u00abSe informe a este \u00f3rgano judicial del dispositivo desarrollado por los distintos efectivos de Guardia Civil desplegados en el territorio; particularmente en lo relativo a las operaciones de rescate de las personas que se hayan localizado en las aguas territoriales espa\u00f1olas, sus circunstancias personales conocidas, as\u00ed como, en el caso de personas fallecidas, si constara la causa y la data de la muerte y, en el caso de las personas supervivientes, su identidad y datos de localizaci\u00f3n que se hubiesen podido recabar\u00bb, a\u00f1ade. <\/p>\n<p>\nEl dispositivo de Ceuta\n<\/p>\n<p class=\"v-d-p\">Entre las informaciones que se han recabado tambi\u00e9n est\u00e1 el n\u00famero de agentes, que es de cinco, que ese d\u00eda se encontraban vigilando la frontera. A este dispositivo tambi\u00e9n se le une <strong>un equipo de GRS que de forma frecuente<\/strong> recorre la valla de forma preventiva. <\/p>\n<p class=\"v-d-p\">\u00abAsimismo, que se informe de si se hubiese recibido en cualquiera de las unidades de la Guardia Civil de la Ciudad Aut\u00f3noma de Ceuta alguna informaci\u00f3n en los d\u00edas previos a tales acontecimientos que hubiese podido alertar sobre su posible acaecimiento\u00bb, reclam\u00f3 Tard\u00f3n en su providencia. Sobre este aspecto, los agentes de la ciudad aut\u00f3noma llevaban semanas alertando del flujo migratorio descontrolado por las entradas a nado. Un problema que fue comunicado a sus responsables, principalmente a la Delegaci\u00f3n del Gobierno. Los funcionarios advirtieron de este incremento sustancial, pero no advirtieron la magnitud de lo que se ven\u00eda el 30 de julio.<\/p>\n<p class=\"v-d-p\">Cuando tenga los dos informes, Tard\u00f3n tendr\u00e1 que decidir si es competente para investigar la avalancha de Ceuta.<strong> Iustitia Europa, <\/strong>de Luis Mar\u00eda Pardo, fue la encargada de denunciar estos hechos que ahora se investigan. La entidad ha solicitado a la juez que se impida \u00abcualquier presi\u00f3n, represalia, expediente o remoci\u00f3n contra los agentes, que se aperciba de las posibles responsabilidades penales por cualquier intento de interferir, obstaculizar o condicionar la investigaci\u00f3n y que, a la vista de los nuevos indicios\u00bb. Tambi\u00e9n reclama que se declare competente para seguir instruyendo la causa. \u00abLos polic\u00edas obedecen a la jueza, no al miedo pol\u00edtico\u00bb, a\u00f1adi\u00f3 Pardo.<\/p>\n","protected":false},"excerpt":{"rendered":"La Guardia Civil ha remitido un informe a la juez Mar\u00eda Tard\u00f3n donde se incluyen avisos \u00abpor los&hellip;\n","protected":false},"author":2,"featured_media":747904,"comment_status":"","ping_status":"","sticky":false,"template":"","format":"standard","meta":{"footnotes":""},"categories":[8],"tags":[12389,17,18,4486,2804,38076,25,24,13,14,2803,11,8587,8803,5955,1664,19,20,9,10,15,16,23,12,20234,21,22],"class_list":["post-747903","post","type-post","status-publish","format-standard","has-post-thumbnail","category-espana","tag-avisos","tag-breaking-news","tag-breakingnews","tag-ceuta","tag-civil","tag-cni","tag-es","tag-espana","tag-featured-news","tag-featurednews","tag-guardia","tag-headlines","tag-incluye","tag-informe","tag-invasion","tag-juez","tag-latest-news","tag-latestnews","tag-news","tag-noticias","tag-noticias-destacadas","tag-noticiasdestacadas","tag-spain","tag-titulares","tag-trasladado","tag-ultimas-noticias","tag-ultimasnoticias"],"share_on_mastodon":{"url":"https:\/\/pubeurope.com\/@es\/117214135975279713","error":""},"_links":{"self":[{"href":"https:\/\/www.europesays.com\/es\/wp-json\/wp\/v2\/posts\/747903","targetHints":{"allow":["GET"]}}],"collection":[{"href":"https:\/\/www.europesays.com\/es\/wp-json\/wp\/v2\/posts"}],"about":[{"href":"https:\/\/www.europesays.com\/es\/wp-json\/wp\/v2\/types\/post"}],"author":[{"embeddable":true,"href":"https:\/\/www.europesays.com\/es\/wp-json\/wp\/v2\/users\/2"}],"replies":[{"embeddable":true,"href":"https:\/\/www.europesays.com\/es\/wp-json\/wp\/v2\/comments?post=747903"}],"version-history":[{"count":0,"href":"https:\/\/www.europesays.com\/es\/wp-json\/wp\/v2\/posts\/747903\/revisions"}],"wp:featuredmedia":[{"embeddable":true,"href":"https:\/\/www.europesays.com\/es\/wp-json\/wp\/v2\/media\/747904"}],"wp:attachment":[{"href":"https:\/\/www.europesays.com\/es\/wp-json\/wp\/v2\/media?parent=747903"}],"wp:term":[{"taxonomy":"category","embeddable":true,"href":"https:\/\/www.europesays.com\/es\/wp-json\/wp\/v2\/categories?post=747903"},{"taxonomy":"post_tag","embeddable":true,"href":"https:\/\/www.europesays.com\/es\/wp-json\/wp\/v2\/tags?post=747903"}],"curies":[{"name":"wp","href":"https:\/\/api.w.org\/{rel}","templated":true}]}}