{"id":747909,"date":"2026-09-04T18:21:12","date_gmt":"2026-09-04T18:21:12","guid":{"rendered":"https:\/\/www.europesays.com\/es\/747909\/"},"modified":"2026-09-04T18:21:12","modified_gmt":"2026-09-04T18:21:12","slug":"vuelta-a-espana-santiago-buitrago-no-es-facil-pelear-con-van-aert-esciclismo","status":"publish","type":"post","link":"https:\/\/www.europesays.com\/es\/747909\/","title":{"rendered":"Vuelta a Espa\u00f1a: Santiago Buitrago: &quot;No es f\u00e1cil pelear con Van Aert&quot; &#8211; Esciclismo"},"content":{"rendered":"<ol>\n<li><a href=\"https:\/\/news.google.com\/rss\/articles\/CBMiakFVX3lxTE9TamNMdFY0eE8wN0lBUWFwQ1lJUnR2SmdPRlQ4cmdsTHN2bzNCVmt0SldTWGI4b2hMX3V2SlJId28yRXVpT0NnQW80MU5ibHhGd0hET0h4ME9pb3B4R0tHT2Roc0EzTUhka0E?oc=5\" target=\"_blank\" rel=\"nofollow noopener\">Vuelta a Espa\u00f1a: Santiago Buitrago: \u00abNo es f\u00e1cil pelear con Van Aert\u00bb<\/a>&nbsp;&nbsp;Esciclismo<\/li>\n<li><a href=\"https:\/\/news.google.com\/rss\/articles\/CBMi7wFBVV95cUxPS0lwZ0pIQ2hHc3hxdG55bGtnWGNlQWdzZERaOXVycW9GOTVnLV9uN3dzby14TEZFdE93ZFNKcFVrNUxpeXJ4MUpNRVVqWW43b3JhN0RpMlQwb3hJLXZVcm81clBONnJfUlI2UUUxSmFsMG5wLV9HdHdrM2RnSHZFdXVZSVpxWnZBdkkzLVIzaHVFU2Q5bTNhSlNEUDZmbWJaVnA2eWJoLVdscmJkWHhVQnY1OUJzWXBwdTV0ai12T2U5OXdLY3ZSMjJVRVlHd3psQk5hNXJtbFdZbEpLRVdfcTlTem84QW1VanVqNmJ3d9IB9AFBVV95cUxPVXotVDlVRGdBZFk5SE8zekJDd3owM0thSnU3cmJ6emh1ck5qVEVuYzdkcWlWMVVVaEFaYVlQSFhQbzAtVS1PLU14Nmd4UHAtUkxodll6dElUWUM5dUFtWTVLMHZKTHVwUGhrS0wtWmNDc2I4d3RDY0JYT2JOOHBGVFZrWElIYTF3bmNqT1NsM3hBTS12ZXlKOFRMTDhaZ2ZpOVNjN2gwWjBlTndOOEJCZ1N3WXJnc24wQmlwTGpQZ2c1WXl2WEpyUGg4bTJhcU5oWlFJemZEcVZGRUNKeFdDc2NUakhmMXpUTmkxVjZWa0ZickQ2?oc=5\" target=\"_blank\" rel=\"nofollow noopener\">Santiago Buitrago y Harold Tejada, brillantes: brutal etapa 12 de la Vuelta a Espa\u00f1a para los dos colombianos<\/a>&nbsp;&nbsp;El Tiempo<\/li>\n<li><a href=\"https:\/\/news.google.com\/rss\/articles\/CBMi2wFBVV95cUxQRFRuX2E2V0dXOTVMa2YxZ1R3c1RvR2o5ZlA5M0JGcG82TUlIdlVtVlVXZE1nbEdVa2pyVHhWUHliakd4VlNrWWJsMW1lN3lsOTJQdmRBNkNMR0lHeU9OcEdxUFNHRzN2SmduNlRkNlhvU1NET2JsSkFrTXBQOGJwbGgwd0s1TDVUYmlETlk2RGhLX0NzeVM0dnVUdnQ0R054aU5EVlBUcnA5Z2QwbnRoczNrTlJkaTRTNG9yTm11STlBMkdxNXNYaklCcGlpMW9OR2lYSVdndXlQZ0nSAe8BQVVfeXFMUE1FUERySzhIdzkwWHFUX0JWWjZ0UjhpeGFaTFZsMnZmUXRXSGNhajZ4UXZtT1Z6ck9UTGdvY0ZPVUV1NndPb2VuNWVsTWwzWTZ3YXFtLVptcW9LbnlUcXh6dXAxVGx6Mm9lNDViUExwTjVXX0NFWi13d1ZXWTdlcUpLY1pyNzBSTGlySWNIUWZPVnREUnFEanFUSkphdk96SURlcGhHdkw5b3U2b050bGFWajBGQjZvbmppeVRmSnFkaEk1c0ZuZVdsWVFwaWN6M2xGVHViU25GUTNNTTFjWjJlNDgya0NKOVk5RURCM2s?oc=5\" target=\"_blank\" rel=\"nofollow noopener\">As\u00ed quedaron los colombianos en la etapa 12 de la Vuelta a Espa\u00f1a 2026: clasificaci\u00f3n y posiciones<\/a>&nbsp;&nbsp;AS Colombia<\/li>\n<li><a href=\"https:\/\/news.google.com\/rss\/articles\/CBMiwAFBVV95cUxNbWhfZnQ0T1VPYlV3NXNsSDdfaGtyS3FEYzNITEZUN1BMWXdIUkxnMDhJUGV2MkxkZzFwcmw0TWI2UkdZbVZtU2VjWnJnUUY5bnB5dzhEY1dkX0tOUEtWNzUtcnh4REhUR19mYlp0ajdPZW15dklITVQxUnp5YlBGSkc1OENSOXdXTG1IYWkxNGItamhKLUZETHZUNGtyREZWVU9IVlZHakhzVEtCWGlOTGl2eVlnbml5RmFSUDdjNUQ?oc=5\" target=\"_blank\" rel=\"nofollow noopener\">Santiago Buitrago afianza su liderato de monta\u00f1a en La Vuelta<\/a>&nbsp;&nbsp;ESPN Deportes<\/li>\n<li><a href=\"https:\/\/news.google.com\/rss\/articles\/CBMizAFBVV95cUxOYUFsdVpxZmN4dTdGQ0Mwc3FVdW0zaG53NnlYcUFJUEEtMGJ1dFF3bnhlZFhJQWM0UkdxT0M5a2RucWh6TlRTUWpzYUw4cWxoUU1hYVJJc1dqNVIzUDhRSGJXOWszVS1Tb3dRbU9Sa1F0ckNCU0IzaHdXcTQ2MVFRd0I2LTVvZVdXaDh0NU80WlFZNlpOcHlncmhVRlFfTS1NeVlad0xrS3pockNYUGNIYVcxcUpaX1lDWmpoLVhreW9saVZoX3U2Zk9WNTLSAeABQVVfeXFMUGltWWwwQTZNbGMwalZZVnIxRXdaaEdwalpoMHBwaG1BN053QXlEWGthZldMN0pKSTlfclZicHdyTWhwdTR3dnZWX0xfdUdHQ2FDd3J3SFV0b0JKcHhzVE1EdG1Zb3pyT2ZFdlFYRVkzYnpPc1ZzZE5uZzJ6Tkx3MzU4TUdrVVk1WG5CYUstLXJiQnZZbWtzUUlEWDdRRWtZVVotWHEzeHFaSmJlMWg3c3hRb2JmeXVZMXNPSUlkbG9kZjdVQkhMZFBSMGtVd01WR2NhQ1FpMko3MUx2aksteWg?oc=5\" target=\"_blank\" rel=\"nofollow noopener\">Van Aert gana la etapa 13 y Buitrago defiende su liderato en monta\u00f1a de la Vuelta a Espa\u00f1a: Resumen<\/a>&nbsp;&nbsp;Caracol Radio<\/li>\n<\/ol>\n","protected":false},"excerpt":{"rendered":"Vuelta a Espa\u00f1a: Santiago Buitrago: \u00abNo es f\u00e1cil pelear con Van Aert\u00bb&nbsp;&nbsp;Esciclismo Santiago Buitrago y Harold Tejada, brillantes:&hellip;\n","protected":false},"author":2,"featured_media":747910,"comment_status":"","ping_status":"","sticky":false,"template":"","format":"standard","meta":{"footnotes":""},"categories":[273],"tags":[3586,6175,808,988,12611,77514,313,4616,10084,54147,312,168,158,25,132811,64042,24,100469,1076,9868,3015,5564,37773,123029,5549,804,138,5329,3013,124823,2293,2450,23,167,14531,4421,6174,12612,1357,16804],"class_list":["post-747909","post","type-post","status-publish","format-standard","has-post-thumbnail","category-ciclismo","tag-actual","tag-aert","tag-ahora","tag-anos","tag-bahrain","tag-buitrago","tag-ciclismo","tag-clasificacion","tag-colombiano","tag-comento","tag-cycling","tag-deportes","tag-el","tag-es","tag-escalad","tag-escaladores","tag-espana","tag-esprinters","tag-estos","tag-facil","tag-general","tag-lider","tag-loja","tag-lunares","tag-maillot","tag-mejores","tag-meta","tag-montana","tag-mundo","tag-normalmente","tag-pelear","tag-santiago","tag-spain","tag-sports","tag-suben","tag-ultimos","tag-van","tag-victorious","tag-vuelta","tag-wout"],"share_on_mastodon":{"url":"https:\/\/pubeurope.com\/@es\/117214162921264782","error":""},"_links":{"self":[{"href":"https:\/\/www.europesays.com\/es\/wp-json\/wp\/v2\/posts\/747909","targetHints":{"allow":["GET"]}}],"collection":[{"href":"https:\/\/www.europesays.com\/es\/wp-json\/wp\/v2\/posts"}],"about":[{"href":"https:\/\/www.europesays.com\/es\/wp-json\/wp\/v2\/types\/post"}],"author":[{"embeddable":true,"href":"https:\/\/www.europesays.com\/es\/wp-json\/wp\/v2\/users\/2"}],"replies":[{"embeddable":true,"href":"https:\/\/www.europesays.com\/es\/wp-json\/wp\/v2\/comments?post=747909"}],"version-history":[{"count":0,"href":"https:\/\/www.europesays.com\/es\/wp-json\/wp\/v2\/posts\/747909\/revisions"}],"wp:featuredmedia":[{"embeddable":true,"href":"https:\/\/www.europesays.com\/es\/wp-json\/wp\/v2\/media\/747910"}],"wp:attachment":[{"href":"https:\/\/www.europesays.com\/es\/wp-json\/wp\/v2\/media?parent=747909"}],"wp:term":[{"taxonomy":"category","embeddable":true,"href":"https:\/\/www.europesays.com\/es\/wp-json\/wp\/v2\/categories?post=747909"},{"taxonomy":"post_tag","embeddable":true,"href":"https:\/\/www.europesays.com\/es\/wp-json\/wp\/v2\/tags?post=747909"}],"curies":[{"name":"wp","href":"https:\/\/api.w.org\/{rel}","templated":true}]}}