{"id":747911,"date":"2026-09-04T18:23:19","date_gmt":"2026-09-04T18:23:19","guid":{"rendered":"https:\/\/www.europesays.com\/es\/747911\/"},"modified":"2026-09-04T18:23:19","modified_gmt":"2026-09-04T18:23:19","slug":"joksimovic-apunta-alto-en-el-draft-de-la-nba","status":"publish","type":"post","link":"https:\/\/www.europesays.com\/es\/747911\/","title":{"rendered":"Joksimovic apunta alto en el draft de la NBA"},"content":{"rendered":"<p>\n        <strong>Stefan Joksimovic<\/strong> empieza a hacerse un hueco entre los grandes proyectos del <a href=\"https:\/\/es.wikipedia.org\/wiki\/Draft_de_la_NBA\" title=\"Draft de la NBA\" rel=\"nofollow noopener\" target=\"_blank\" class=\"link copy\">Draft de la NBA<\/a> de <strong>2027.<\/strong> El joven exterior del Baskonia aparece actualmente en la<strong> novena posici\u00f3n del NBA Draft Consensus Board<\/strong>, una clasificaci\u00f3n que re\u00fane las <strong>valoraciones de diferentes analistas especializados<\/strong> en la pr\u00f3xima generaci\u00f3n de talentos y establece un ranking de consenso.\n<\/p>\n<p class=\"article-body__text \">\n        Un puesto que coloca al canterano azulgrana dentro de un selecto \u2018top 10\u2019 y confirma la <strong>enorme consideraci\u00f3n que empieza a tener entre los especialistas<\/strong>.\n<\/p>\n<p class=\"article-body__text \">\n        El esloveno llega a estas <strong>primeras valoraciones despu\u00e9s de un verano espectacular<\/strong>. Joksimovic fue el gran protagonista del Europeo sub\u201918 conquistado por Eslovenia en Trento, donde se proclam\u00f3 campe\u00f3n despu\u00e9s de imponerse a Italia en la final.\n<\/p>\n<blockquote class=\"twitter-tweet\" data-lang=\"es\" wp_automatic_readability=\"15.75\">\n<p lang=\"es\" dir=\"ltr\">\ud83c\udfc6 \u00a1Campe\u00f3n de Europa U18! \ud83c\uddf8\ud83c\uddee<\/p>\n<p>Stefan Joksimovic conquista el EuroBasket U18 con Eslovenia tras superar a Italia por 88-71 en la final.<\/p>\n<p>\ud83d\udc51 MVP del campeonato y dentro del mejor quinteto <\/p>\n<p>\ud83d\udcca 23,1 puntos | 6,7 rebotes | 23,4 de valoraci\u00f3n de media<\/p>\n<p>Zorionak, Stefan! \ud83d\udd35\ud83d\udd34 <a href=\"https:\/\/t.co\/gLdOfTzhKY\" rel=\"nofollow\">pic.twitter.com\/gLdOfTzhKY<\/a><\/p>\n<p>\u2014 Kosner Baskonia (@Baskonia) <a href=\"https:\/\/x.com\/Baskonia\/status\/2084029151581745208?ref_src=twsrc%5Etfw\" rel=\"nofollow\">2 de agosto de 2026<\/a><\/p><\/blockquote>\n<p class=\"article-body__text \">\n        Su actuaci\u00f3n durante el torneo le vali\u00f3 adem\u00e1s el reconocimiento como <strong>MVP de la competici\u00f3n<\/strong> y su inclusi\u00f3n en el mejor quinteto. Sus n\u00fameros explican el impacto que tuvo: <strong>23,1 puntos, 6,7 rebotes, 3,7 asistencias y m\u00e1s de 23 cr\u00e9ditos de valoraci\u00f3n<\/strong> de media.\n<\/p>\n<p class=\"article-body__text \">\n        Salvo en un encuentro de la primera fase ante Bulgaria en el que apenas disput\u00f3 13 minutos, anot\u00f3 al menos 22 puntos en todos sus partidos.\n<\/p>\n<p>  Un curso para despegar <\/p>\n<p class=\"article-body__text \">\n        A sus <strong>17 a\u00f1os, cumplir\u00e1 18 en noviembre<\/strong>, <a href=\"https:\/\/www.noticiasdealava.eus\/tags\/stefan-joksimovic\/\" title=\"Joksimovic\" target=\"_blank\" class=\"link copy\" rel=\"nofollow noopener\">Joksimovic<\/a> afrontar\u00e1 ahora un curso especialmente importante en Vitoria. El canterano ya forma parte de la primera plantilla del <a href=\"https:\/\/www.noticiasdealava.eus\/baskonia\/\" title=\"Baskonia\" target=\"_blank\" class=\"link copy\" rel=\"nofollow noopener\">Baskonia<\/a> y cuenta adem\u00e1s con condici\u00f3n de <strong>cupo de formaci\u00f3<\/strong>n, despu\u00e9s de haber dado sus primeros pasos con el conjunto azulgrana.\n<\/p>\n<p class=\"article-body__text \">\n        La pasada temporada tuvo apariciones todav\u00eda testimoniales con el equipo dirigido entonces por Paolo Galbiati, pero la <strong>previsi\u00f3n es que adquiera un papel m\u00e1s relevante<\/strong> durante el nuevo curso.\n<\/p>\n<p>            <a href=\"https:\/\/www.noticiasdealava.eus\/baskonia\/2026\/08\/03\/joksimovic-rey-indiscutible-europeo-sub-baskonia-11400630.html\" title=\"Joksimovic, rey indiscutible del Europeo sub-18\" class=\"new__media\" rel=\"nofollow noopener\" target=\"_blank\"><\/p>\n<p>                <img alt=\"Joksimovic, rey indiscutible del Europeo sub-18\" data-src=\"https:\/\/www.europesays.com\/es\/wp-content\/uploads\/2026\/09\/1391c719-aeba-4ab0-b63e-2e2b6753af9e_16-9-aspect-ratio_default_0.jpg\" class=\"lozad\"\/><\/p>\n<p>        <\/a><\/p>\n<p>        <a href=\"https:\/\/www.noticiasdealava.eus\/baskonia\/2026\/08\/03\/joksimovic-rey-indiscutible-europeo-sub-baskonia-11400630.html\" title=\"Joksimovic, rey indiscutible del Europeo sub-18\" class=\"new__headline\" rel=\"nofollow noopener\" target=\"_blank\"><br \/>\n            Joksimovic, rey indiscutible del Europeo sub-18<br \/>\n        <\/a><\/p>\n<p class=\"article-body__text \">\n        El salto de protagonismo no ser\u00e1 sencillo, ya que la <strong>competencia en el per\u00edmetro ser\u00e1 elevada<\/strong>, pero el rendimiento ofrecido con Eslovenia ha disparado las expectativas alrededor de un jugador que ya <strong>empieza a aparecer en posiciones de privilegio en las primeras proyecciones del Draft.<\/strong>\n<\/p>\n<blockquote class=\"twitter-tweet\" data-lang=\"es\" wp_automatic_readability=\"5.5648535564854\">\n<p lang=\"en\" dir=\"ltr\">First version of the 2027 NBA Draft Consensus Board. I\u2019ll try to share this monthly, as people send in and update their boards throughout the draft cycle. <a href=\"https:\/\/t.co\/JqxIMQCjJG\" rel=\"nofollow\">pic.twitter.com\/JqxIMQCjJG<\/a><\/p>\n<p>\u2014 Max Savin (@supersayansavin) <a href=\"https:\/\/x.com\/supersayansavin\/status\/2095209315972026794?ref_src=twsrc%5Etfw\" rel=\"nofollow\">2 de septiembre de 2026<\/a><\/p><\/blockquote>\n<p class=\"article-body__text \">\n        El <strong>noveno puesto en el NBA Draft Consensus Board<\/strong> supone, en cualquier caso, una <strong>primera fotograf\u00eda de su consideraci\u00f3n internacional<\/strong>.\n<\/p>\n<p class=\"article-body__text \">\n        Queda todav\u00eda mucho camino hasta el Draft de 2027 y su posici\u00f3n puede variar considerablemente durante la temporada, pero Joksimovic ya ha conseguido algo significativo: aparecer entre los diez principales<strong> proyectos de una generaci\u00f3n que la NBA lleva tiempo siguiendo de cerca.<\/strong>\n<\/p>\n<p>            <script async src=\"https:\/\/platform.twitter.com\/widgets.js\" charset=\"utf-8\"><\/script><\/p>\n","protected":false},"excerpt":{"rendered":"Stefan Joksimovic empieza a hacerse un hueco entre los grandes proyectos del Draft de la NBA de 2027.&hellip;\n","protected":false},"author":2,"featured_media":747912,"comment_status":"","ping_status":"","sticky":false,"template":"","format":"standard","meta":{"footnotes":""},"categories":[269],"tags":[3196,384,299,298,168,33313,25,24,8235,1725,23,167],"class_list":["post-747911","post","type-post","status-publish","format-standard","has-post-thumbnail","category-baloncesto","tag-alto","tag-apunta","tag-baloncesto","tag-basketball","tag-deportes","tag-draft","tag-es","tag-espana","tag-joksimovic","tag-nba","tag-spain","tag-sports"],"share_on_mastodon":{"url":"https:\/\/pubeurope.com\/@es\/117214170895215711","error":""},"_links":{"self":[{"href":"https:\/\/www.europesays.com\/es\/wp-json\/wp\/v2\/posts\/747911","targetHints":{"allow":["GET"]}}],"collection":[{"href":"https:\/\/www.europesays.com\/es\/wp-json\/wp\/v2\/posts"}],"about":[{"href":"https:\/\/www.europesays.com\/es\/wp-json\/wp\/v2\/types\/post"}],"author":[{"embeddable":true,"href":"https:\/\/www.europesays.com\/es\/wp-json\/wp\/v2\/users\/2"}],"replies":[{"embeddable":true,"href":"https:\/\/www.europesays.com\/es\/wp-json\/wp\/v2\/comments?post=747911"}],"version-history":[{"count":0,"href":"https:\/\/www.europesays.com\/es\/wp-json\/wp\/v2\/posts\/747911\/revisions"}],"wp:featuredmedia":[{"embeddable":true,"href":"https:\/\/www.europesays.com\/es\/wp-json\/wp\/v2\/media\/747912"}],"wp:attachment":[{"href":"https:\/\/www.europesays.com\/es\/wp-json\/wp\/v2\/media?parent=747911"}],"wp:term":[{"taxonomy":"category","embeddable":true,"href":"https:\/\/www.europesays.com\/es\/wp-json\/wp\/v2\/categories?post=747911"},{"taxonomy":"post_tag","embeddable":true,"href":"https:\/\/www.europesays.com\/es\/wp-json\/wp\/v2\/tags?post=747911"}],"curies":[{"name":"wp","href":"https:\/\/api.w.org\/{rel}","templated":true}]}}