{"id":747941,"date":"2026-09-04T18:43:37","date_gmt":"2026-09-04T18:43:37","guid":{"rendered":"https:\/\/www.europesays.com\/es\/747941\/"},"modified":"2026-09-04T18:43:37","modified_gmt":"2026-09-04T18:43:37","slug":"el-torneo-dionisio-nespral-de-gijon-con-cambio-de-fechas-pero-la-misma-ambicion-el-nivel-medio-sera-muy-elevado","status":"publish","type":"post","link":"https:\/\/www.europesays.com\/es\/747941\/","title":{"rendered":"El torneo Dionisio Nespral de Gij\u00f3n, con cambio de fechas pero la misma ambici\u00f3n: \u00abEl nivel medio ser\u00e1 muy elevado\u00bb"},"content":{"rendered":"<p class=\"ft-text ft-helper-closenews\">Nuevas fechas, misma ambici\u00f3n. El <a class=\"ft-link ft-link--decoration\" href=\"https:\/\/www.lne.es\/deportes\/deporte-astur\/2025\/08\/09\/torneo-dionisio-nespral-sube-sets-120474894.html\" rel=\"nofollow noopener\" target=\"_blank\">torneo Dionisio Nespral,<\/a> que organiza el<strong> Real Club de Tenis de Gij\u00f3n,<\/strong> celebrar\u00e1 su <strong>62.\u00aa edici\u00f3n del 6 al 13 de septiembre, <\/strong>en lo que supone un cambio sustancial respecto al calendario habitual. La cita, que acostumbra a desarrollarse a mediados de agosto, se posterg\u00f3 para no hacerla coincidir con el eclipse solar. Esto, apuntaron los organizadores durante la presentaci\u00f3n, tiene consecuencias en cuanto a los jugadores. <strong>\u00abEn esta semana de septiembre coinciden bastantes torneos, por lo que la participaci\u00f3n se distribuye\u00bb,<\/strong> se\u00f1al\u00f3 <strong>Jaime Cueto-Felgueroso, <\/strong>director de la competici\u00f3n, que reivindic\u00f3, no obstante, que habr\u00e1 <strong>\u00abun nivel medio muy elevado\u00bb.<\/strong><\/p>\n<p class=\"ft-text\">El Dionisio Nespral, puntuable para el ranking ATP, dio un <a class=\"ft-link ft-link--decoration\" href=\"https:\/\/www.lne.es\/deportes\/deporte-astur\/2024\/08\/09\/torneo-dionisio-nespral-entra-formar-106781068.html\" rel=\"nofollow noopener\" target=\"_blank\">salto de calidad al subir hace un par de a\u00f1os a la categor\u00eda ITF M25.<\/a> Con 30.000 d\u00f3lares en premios y modalidad individual y dobles, cuenta con el <strong>respaldo oficial de la Federaci\u00f3n Internacional de Tenis.<\/strong> Los cuatro primeros cabezas de serie ser\u00e1n <strong>Ryan Nijboer, Sander Jong, Carlos L\u00f3pez Montagud y Svyatoslav Gulin. \u00abEsperamos que todos los tenistas den su m\u00e1ximo; veremos un gran espect\u00e1culo\u00bb,<\/strong> subray\u00f3 Jaime Cueto-Felgueroso sobre un torneo que tendr\u00e1 fase previa y cuadro final. Tambi\u00e9n afirm\u00f3 que la lista de participantes es \u00abdin\u00e1mica\u00bb, con la posibilidad de que haya bajas de \u00faltima hora.<strong> Y resalt\u00f3 que esta edici\u00f3n llegar\u00e1 con novedades en cuanto al sonido o los marcadores de cara a mejorar la experiencia de los espectadores.<\/strong><\/p>\n<p class=\"ft-text\"><strong>\u00abUn proyecto as\u00ed exige una alianza entre instituciones\u00bb, <\/strong>ensalz\u00f3 <strong>Tito Cueto-Felgueroso,<\/strong> presidente del Club de Tenis, que agradeci\u00f3 la implicaci\u00f3n de los patrocinadores. <strong>\u00abEs un lujo tener un torneo como este\u00bb, <\/strong>agreg\u00f3 <strong>Fernando Casta\u00f1o,<\/strong> presidente de la Federaci\u00f3n Asturiana de Tenis, sobre una competici\u00f3n que \u00abnaci\u00f3\u00bb en 1964 y considerada como una de las de mayor reputaci\u00f3n del norte de Espa\u00f1a sobre tierra batida. <strong>\u00abNo hay Gij\u00f3n sin Nespral\u00bb,<\/strong> destac\u00f3 Casta\u00f1o. En ese sentido, <strong>Jorge Pa\u00f1eda,<\/strong> concejal de Deportes del Ayuntamiento de Gij\u00f3n y presidente del Patronato Deportivo Municipal, recalc\u00f3 que<strong> \u00abGij\u00f3n siempre se vuelca\u00bb con el deporte local y calific\u00f3 el certamen como \u00abuna tradici\u00f3n\u00bb con \u00abambici\u00f3n y futuro\u00bb.<\/strong><\/p>\n<p class=\"ft-text\">El edil popular encomi\u00f3 la \u00abrespuesta magn\u00edfica\u00bb de los gijoneses a eventos como el torneo Dionisio Nespral, as\u00ed como a sus impulsores. <strong>\u00abHay mucho trabajo detr\u00e1s para convencer a jugadores y empresas; empez\u00f3 como algo muy l\u00fadico y ahora se est\u00e1 profesionalizando, as\u00ed que gracias por no conformaros\u00bb,<\/strong> declar\u00f3 Jorge Pa\u00f1eda, que adem\u00e1s reivindic\u00f3 que la estancia de jugadores, t\u00e9cnicos y familias en la ciudad puede incentivar el turismo deportivo y, por tanto, generar actividad econ\u00f3mica.<\/p>\n<p class=\"ft-text\">En 2025 fue el italiano <a class=\"ft-link ft-link--decoration\" href=\"https:\/\/www.lne.es\/deportes\/deporte-astur\/2025\/08\/16\/lorenzo-giustino-suda-ganar-torneo-120684465.html\" rel=\"nofollow noopener\" target=\"_blank\">Lorenzo Giustino<\/a> el que se coron\u00f3 en las instalaciones del Club de Tenis de Gij\u00f3n. <strong>El Dionisio Nespral lleg\u00f3 a ver jugar en su momento a figuras nacionales muy consagradas del mundo de la raqueta como Feliciano L\u00f3pez, Carlos Moy\u00e1 o el gijon\u00e9s Pablo Carre\u00f1o. <\/strong>La entrada para disfrutar de la competici\u00f3n, cuyos partidos se disputar\u00e1n mayormente en las pistas 1, 2 y 3, ser\u00e1 libre. En caso de lluvia, algunos encuentros podr\u00edan jugarse a cubierto.<\/p>\n<p data-close=\"closedContent\" class=\"subscribeHideForDisplay\">Suscr\u00edbete para seguir leyendo<\/p>\n","protected":false},"excerpt":{"rendered":"Nuevas fechas, misma ambici\u00f3n. El torneo Dionisio Nespral, que organiza el Real Club de Tenis de Gij\u00f3n, celebrar\u00e1&hellip;\n","protected":false},"author":2,"featured_media":747942,"comment_status":"","ping_status":"","sticky":false,"template":"","format":"standard","meta":{"footnotes":""},"categories":[274],"tags":[7556,168,23563,25,24,6023,23564,23,167,327,326,775],"class_list":["post-747941","post","type-post","status-publish","format-standard","has-post-thumbnail","category-tenis","tag-cambio","tag-deportes","tag-dionisio","tag-es","tag-espana","tag-gijon","tag-nespral","tag-spain","tag-sports","tag-tenis","tag-tennis","tag-torneo"],"share_on_mastodon":{"url":"https:\/\/pubeurope.com\/@es\/117214249706068032","error":""},"_links":{"self":[{"href":"https:\/\/www.europesays.com\/es\/wp-json\/wp\/v2\/posts\/747941","targetHints":{"allow":["GET"]}}],"collection":[{"href":"https:\/\/www.europesays.com\/es\/wp-json\/wp\/v2\/posts"}],"about":[{"href":"https:\/\/www.europesays.com\/es\/wp-json\/wp\/v2\/types\/post"}],"author":[{"embeddable":true,"href":"https:\/\/www.europesays.com\/es\/wp-json\/wp\/v2\/users\/2"}],"replies":[{"embeddable":true,"href":"https:\/\/www.europesays.com\/es\/wp-json\/wp\/v2\/comments?post=747941"}],"version-history":[{"count":0,"href":"https:\/\/www.europesays.com\/es\/wp-json\/wp\/v2\/posts\/747941\/revisions"}],"wp:featuredmedia":[{"embeddable":true,"href":"https:\/\/www.europesays.com\/es\/wp-json\/wp\/v2\/media\/747942"}],"wp:attachment":[{"href":"https:\/\/www.europesays.com\/es\/wp-json\/wp\/v2\/media?parent=747941"}],"wp:term":[{"taxonomy":"category","embeddable":true,"href":"https:\/\/www.europesays.com\/es\/wp-json\/wp\/v2\/categories?post=747941"},{"taxonomy":"post_tag","embeddable":true,"href":"https:\/\/www.europesays.com\/es\/wp-json\/wp\/v2\/tags?post=747941"}],"curies":[{"name":"wp","href":"https:\/\/api.w.org\/{rel}","templated":true}]}}